{"id":16904,"date":"2023-05-17T17:51:00","date_gmt":"2023-05-17T20:51:00","guid":{"rendered":"https:\/\/www.infomoney.com.br\/?p=2137127"},"modified":"2023-05-17T17:51:00","modified_gmt":"2023-05-17T20:51:00","slug":"pais-tem-condicao-de-crescer-ate-2-em-2024-com-reducao-de-juros-diz-haddad","status":"publish","type":"post","link":"https:\/\/sindaopcpb.org.br\/index.php\/2023\/05\/17\/pais-tem-condicao-de-crescer-ate-2-em-2024-com-reducao-de-juros-diz-haddad\/","title":{"rendered":"Pa\u00eds tem condi\u00e7\u00e3o de crescer at\u00e9 2% em 2024 com redu\u00e7\u00e3o de juros, diz Haddad"},"content":{"rendered":"<p><img loading=\"lazy\" width=\"300\" height=\"200\" src=\"https:\/\/www.infomoney.com.br\/wp-content\/uploads\/2023\/03\/52745183539_2b99a71804_c.jpg?fit=300%2C200&amp;quality=70&amp;strip=all\" class=\"attachment-medium size-medium wp-post-image\" alt=\"Ministro da Fazenda, Fernando Haddad\" decoding=\"async\" style=\"float:right; margin:0 0 10px 10px;\" srcset=\"https:\/\/www.infomoney.com.br\/wp-content\/uploads\/2023\/03\/52745183539_2b99a71804_c.jpg?w=799&amp;quality=70&amp;strip=all 799w, https:\/\/www.infomoney.com.br\/wp-content\/uploads\/2023\/03\/52745183539_2b99a71804_c.jpg?w=300&amp;quality=70&amp;strip=all 300w, https:\/\/www.infomoney.com.br\/wp-content\/uploads\/2023\/03\/52745183539_2b99a71804_c.jpg?w=768&amp;quality=70&amp;strip=all 768w, https:\/\/www.infomoney.com.br\/wp-content\/uploads\/2023\/03\/52745183539_2b99a71804_c.jpg?w=150&amp;quality=70&amp;strip=all 150w\" sizes=\"auto, (max-width: 300px) 100vw, 300px\" data-attachment-id=\"2079488\" data-permalink=\"https:\/\/www.infomoney.com.br\/52745183539_2b99a71804_c\/\" data-orig-file=\"https:\/\/www.infomoney.com.br\/wp-content\/uploads\/2023\/03\/52745183539_2b99a71804_c.jpg?fit=799%2C533&amp;quality=70&amp;strip=all\" data-orig-size=\"799,533\" data-comments-opened=\"0\" data-image-meta=\"{&quot;aperture&quot;:&quot;0&quot;,&quot;credit&quot;:&quot;&quot;,&quot;camera&quot;:&quot;&quot;,&quot;caption&quot;:&quot;&quot;,&quot;created_timestamp&quot;:&quot;0&quot;,&quot;copyright&quot;:&quot;&quot;,&quot;focal_length&quot;:&quot;0&quot;,&quot;iso&quot;:&quot;0&quot;,&quot;shutter_speed&quot;:&quot;0&quot;,&quot;title&quot;:&quot;&quot;,&quot;orientation&quot;:&quot;0&quot;}\" data-image-title=\"Ministro da Fazenda, Fernando Haddad\" data-image-description=\"&lt;p&gt;Ministro da Fazenda, Fernando Haddad&lt;\/p&gt;\n\" data-image-caption=\"&lt;p&gt;Diogo Zacarias\/Minist\u00e9rio da Fazenda&lt;\/p&gt;\n\" data-medium-file=\"https:\/\/www.infomoney.com.br\/wp-content\/uploads\/2023\/03\/52745183539_2b99a71804_c.jpg?fit=300%2C200&amp;quality=70&amp;strip=all\" data-large-file=\"https:\/\/www.infomoney.com.br\/wp-content\/uploads\/2023\/03\/52745183539_2b99a71804_c.jpg?fit=799%2C533&amp;quality=70&amp;strip=all\" title=\"\"><\/p>\n<p>O ministro da Fazenda, Fernando Haddad, afirmou que o Pa\u00eds tem espa\u00e7o para crescer entre 1,8% e 2,0% em 2024, mas que essa condi\u00e7\u00e3o depende da queda de juros. Haddad reiterou que o volume de despesas do Pa\u00eds \u00e9 est\u00e1vel, mas o gasto tribut\u00e1rio se tornou um grande problema.<\/p>\n<p>&#8220;Assim que atingirmos as metas, o crescimento vai fazer o seu papel, com a redu\u00e7\u00e3o necess\u00e1ria da taxa de juros&#8221;, afirmou o ministro a deputados nesta quarta-feira.<\/p>\n<p>Haddad lembrou que a proje\u00e7\u00e3o da Secretaria de Pol\u00edtica Econ\u00f4mica (SPE) do Minist\u00e9rio da Fazenda \u00e9 de crescimento do PIB de 1,9%. &#8220;N\u00f3s temos espa\u00e7o para crescer este ano. O que vai ajudar na arrecada\u00e7\u00e3o e com a redu\u00e7\u00e3o da taxa de juros necess\u00e1ria, que pode come\u00e7ar m\u00eas que vem, que o mercado acha que \u00e9 setembro ou agosto, mas que tem espa\u00e7o&#8221;, disse.<\/p>\n<h2><b>Impulso de cr\u00e9dito<\/b><\/h2>\n<p>O ministro da Fazenda afirmou que a economia brasileira n\u00e3o precisa de impulso fiscal para crescer hoje, mas sim de impulso de cr\u00e9dito. &#8220;A economia brasileira n\u00e3o precisa de impulso fiscal hoje, precisa de impulso de cr\u00e9dito, que s\u00f3 vai acontecer com a redu\u00e7\u00e3o de juros. \u00c9 a calibragem da pol\u00edtica monet\u00e1ria que vai fazer a economia crescer&#8221;, afirmou.<\/p>\n<p>Ele defendeu que o Pa\u00eds precisa criar condi\u00e7\u00f5es de crescimento da economia, para investimentos privados e p\u00fablicos. &#8220;O investimento privado tem tudo para crescer no Brasil. Temos mercado de capitais pujante. Temos de mudar a mentalidade de vamos gastar mais que a economia crescer. Isso depende da circunst\u00e2ncia&#8221;, afirmou.<\/p>\n<h2><b>Juros do cart\u00e3o<\/b><\/h2>\n<p>O ministro da Fazenda disse ainda que n\u00e3o houve &#8220;m\u00e1 vontade&#8221; do Banco Central ao propor resolu\u00e7\u00e3o para limitar os juros do cheque especial e n\u00e3o incluir o cart\u00e3o de cr\u00e9dito na medida.<\/p>\n<p>Ele respondia a questionamento do deputado Lindbergh Faria (PT-RJ), que lan\u00e7ou frente parlamentar para a redu\u00e7\u00e3o de juros neste ano e questiona as taxas do cart\u00e3o de cr\u00e9dito, as mais altas do mercado.<\/p>\n<p>&#8220;O cart\u00e3o de cr\u00e9dito e o cheque especial s\u00e3o muitos diferentes. N\u00e3o foi m\u00e1 vontade do Banco Central de n\u00e3o tabelar o (juro do) cart\u00e3o. Tem problemas t\u00e9cnicos para abaixar os juros&#8221;, disse Haddad, na sess\u00e3o conjunta de comiss\u00f5es na C\u00e2mara.<\/p>\n<p>The post <a rel=\"nofollow noopener\" href=\"https:\/\/www.infomoney.com.br\/politica\/pais-tem-condicao-de-crescer-ate-2-em-2024-com-reducao-de-juros-diz-haddad\/\" target=\"_blank\">Pa\u00eds tem condi\u00e7\u00e3o de crescer at\u00e9 2% em 2024 com redu\u00e7\u00e3o de juros, diz Haddad<\/a> appeared first on <a rel=\"nofollow noopener\" href=\"https:\/\/www.infomoney.com.br\/\" target=\"_blank\">InfoMoney<\/a>.<\/p>\n","protected":false},"excerpt":{"rendered":"<p><img loading=\"lazy\" decoding=\"async\" width=\"300\" height=\"200\" src=\"https:\/\/www.infomoney.com.br\/wp-content\/uploads\/2023\/03\/52745183539_2b99a71804_c.jpg?fit=300%2C200&amp;quality=70&amp;strip=all\" class=\"attachment-medium size-medium wp-post-image\" alt=\"Ministro da Fazenda, Fernando Haddad\" data-attachment-id=\"2079488\" data-permalink=\"https:\/\/www.infomoney.com.br\/52745183539_2b99a71804_c\/\" data-orig-file=\"https:\/\/www.infomoney.com.br\/wp-content\/uploads\/2023\/03\/52745183539_2b99a71804_c.jpg?fit=799%2C533&amp;quality=70&amp;strip=all\" data-orig-size=\"799,533\" data-comments-opened=\"0\" data-image-meta='{\"aperture\":\"0\",\"credit\":\"\",\"camera\":\"\",\"caption\":\"\",\"created_timestamp\":\"0\",\"copyright\":\"\",\"focal_length\":\"0\",\"iso\":\"0\",\"shutter_speed\":\"0\",\"title\":\"\",\"orientation\":\"0\"}' data-image-title=\"Ministro da Fazenda, Fernando Haddad\" data-image-description=\"&lt;p&gt;Ministro da Fazenda, Fernando Haddad&lt;\/p&gt;\n\" data-image-caption=\"&lt;p&gt;Diogo Zacarias\/Minist\u00e9rio da Fazenda&lt;\/p&gt;\n\" data-medium-file=\"https:\/\/www.infomoney.com.br\/wp-content\/uploads\/2023\/03\/52745183539_2b99a71804_c.jpg?fit=300%2C200&amp;quality=70&amp;strip=all\" data-large-file=\"https:\/\/www.infomoney.com.br\/wp-content\/uploads\/2023\/03\/52745183539_2b99a71804_c.jpg?fit=799%2C533&amp;quality=70&amp;strip=all\">Ministro reiterou que o volume de despesas do Pa\u00eds \u00e9 est\u00e1vel, mas o gasto tribut\u00e1rio se tornou um grande problema<\/p>\n<p>The post <a rel=\"nofollow\" href=\"https:\/\/www.infomoney.com.br\/politica\/pais-tem-condicao-de-crescer-ate-2-em-2024-com-reducao-de-juros-diz-haddad\/\">Pa\u00eds tem condi\u00e7\u00e3o de crescer at\u00e9 2% em 2024 com redu\u00e7\u00e3o de juros, diz Haddad<\/a> appeared first on <a rel=\"nofollow\" href=\"https:\/\/www.infomoney.com.br\/\">InfoMoney<\/a>.<\/p>\n","protected":false},"author":43,"featured_media":0,"comment_status":"closed","ping_status":"closed","sticky":false,"template":"","format":"standard","meta":{"advgb_blocks_editor_width":"","advgb_blocks_columns_visual_guide":"","footnotes":""},"categories":[3050,109,34,47],"tags":[35],"class_list":["post-16904","post","type-post","status-publish","format-standard","hentry","category-crescimento","category-fernando-haddad","category-g1","category-politica","tag-g1"],"author_meta":{"display_name":"Estad\u00e3o Conte\u00fado","author_link":"https:\/\/sindaopcpb.org.br\/author\/estadao-conteudo\/"},"featured_img":null,"coauthors":[],"tax_additional":{"categories":{"linked":["<a href=\"https:\/\/sindaopcpb.org.br\/crescimento\/\" class=\"advgb-post-tax-term\">crescimento<\/a>","<a href=\"https:\/\/sindaopcpb.org.br\/fernando-haddad\/\" class=\"advgb-post-tax-term\">FERNANDO HADDAD<\/a>","<a href=\"https:\/\/sindaopcpb.org.br\/g1\/\" class=\"advgb-post-tax-term\">G1<\/a>","<a href=\"https:\/\/sindaopcpb.org.br\/politica\/\" class=\"advgb-post-tax-term\">POLITICA<\/a>"],"unlinked":["<span class=\"advgb-post-tax-term\">crescimento<\/span>","<span class=\"advgb-post-tax-term\">FERNANDO HADDAD<\/span>","<span class=\"advgb-post-tax-term\">G1<\/span>","<span class=\"advgb-post-tax-term\">POLITICA<\/span>"]},"tags":{"linked":["<a href=\"https:\/\/sindaopcpb.org.br\/politica\/\" class=\"advgb-post-tax-term\">g1<\/a>"],"unlinked":["<span class=\"advgb-post-tax-term\">g1<\/span>"]}},"comment_count":"0","relative_dates":{"created":"Publicado 3 anos atr\u00e1s","modified":"Atualizado 3 anos atr\u00e1s"},"absolute_dates":{"created":"Publicado em 17 de maio de 2023","modified":"Atualizado em 17 de maio de 2023"},"absolute_dates_time":{"created":"Publicado em 17 de maio de 2023 17:51","modified":"Atualizado em 17 de maio de 2023 17:51"},"featured_img_caption":"","series_order":"","_links":{"self":[{"href":"https:\/\/sindaopcpb.org.br\/index.php\/wp-json\/wp\/v2\/posts\/16904","targetHints":{"allow":["GET"]}}],"collection":[{"href":"https:\/\/sindaopcpb.org.br\/index.php\/wp-json\/wp\/v2\/posts"}],"about":[{"href":"https:\/\/sindaopcpb.org.br\/index.php\/wp-json\/wp\/v2\/types\/post"}],"author":[{"embeddable":true,"href":"https:\/\/sindaopcpb.org.br\/index.php\/wp-json\/wp\/v2\/users\/43"}],"replies":[{"embeddable":true,"href":"https:\/\/sindaopcpb.org.br\/index.php\/wp-json\/wp\/v2\/comments?post=16904"}],"version-history":[{"count":1,"href":"https:\/\/sindaopcpb.org.br\/index.php\/wp-json\/wp\/v2\/posts\/16904\/revisions"}],"predecessor-version":[{"id":16905,"href":"https:\/\/sindaopcpb.org.br\/index.php\/wp-json\/wp\/v2\/posts\/16904\/revisions\/16905"}],"wp:attachment":[{"href":"https:\/\/sindaopcpb.org.br\/index.php\/wp-json\/wp\/v2\/media?parent=16904"}],"wp:term":[{"taxonomy":"category","embeddable":true,"href":"https:\/\/sindaopcpb.org.br\/index.php\/wp-json\/wp\/v2\/categories?post=16904"},{"taxonomy":"post_tag","embeddable":true,"href":"https:\/\/sindaopcpb.org.br\/index.php\/wp-json\/wp\/v2\/tags?post=16904"}],"curies":[{"name":"wp","href":"https:\/\/api.w.org\/{rel}","templated":true}]}}