{"id":16869,"date":"2023-05-17T15:47:43","date_gmt":"2023-05-17T18:47:43","guid":{"rendered":"https:\/\/g1.globo.com\/pb\/paraiba\/noticia\/2023\/05\/17\/uti-pediatrica-e-implantada-em-cajazeiras-pb-apos-morte-de-bebe-por-sindrome-respiratoria.ghtml"},"modified":"2023-05-17T15:47:43","modified_gmt":"2023-05-17T18:47:43","slug":"uti-pediatrica-e-implantada-em-cajazeiras-pb-apos-morte-de-bebe-por-sindrome-respiratoria","status":"publish","type":"post","link":"https:\/\/sindaopcpb.org.br\/index.php\/2023\/05\/17\/uti-pediatrica-e-implantada-em-cajazeiras-pb-apos-morte-de-bebe-por-sindrome-respiratoria\/","title":{"rendered":"UTI pedi\u00e1trica \u00e9 implantada em Cajazeiras, PB, ap\u00f3s morte de beb\u00ea por s\u00edndrome respirat\u00f3ria"},"content":{"rendered":"   <img src=\"https:\/\/s2.glbimg.com\/3Uqoud91h_cH3ayzJ29LBQKwpTc=\/i.s3.glbimg.com\/v1\/AUTH_59edd422c0c84a879bd37670ae4f538a\/internal_photos\/bs\/2023\/x\/8\/nLatsBSfizqighGoBNYg\/uticajazeiras.jpeg\" \/><br \/>     Beb\u00ea de 41 dias morreu ap\u00f3s ter complica\u00e7\u00f5es. Regi\u00e3o do Alto Sert\u00e3o n\u00e3o possu\u00eda UTI Pedi\u00e1trica.  UTI pedi\u00e1trica em Cajazeiras \nDivulga\u00e7\u00e3o\/Secom-PB\nO Governo da Para\u00edba anunciou, nesta quarta-feira (17), a abertura de uma UTI pedi\u00e1trica em Cajazeiras, localizada no Sert\u00e3o. O novo equipamento ser\u00e1 composto por cinco leitos, al\u00e9m de outros cinco leitos de enfermaria. A a\u00e7\u00e3o foi tomada ap\u00f3s o munic\u00edpio registrar a segunda morte infantil por s\u00edndrome respirat\u00f3ria no munic\u00edpio, em menos de 15 dias. A v\u00edtima foi um beb\u00ea de 41 dias. \nBeb\u00ea de 41 dias morre por complica\u00e7\u00f5es de s\u00edndrome respirat\u00f3ria, em Cajazeiras, PB\nDe acordo com o secret\u00e1rio de Sa\u00fade, Jhony Bezerra, o equipamento come\u00e7a a funcionar em um momento em que cresce a demanda por atendimento pedi\u00e1trico na Para\u00edba, motivado pelas s\u00edndromes gripais, que sobrecarregam os leitos. \nA UTI pedi\u00e1trica vai funcionar no Hospital Regional de Cajazeiras e vai atender tamb\u00e9m crian\u00e7as de outros munic\u00edpios da regi\u00e3o do Alto Sert\u00e3o que necessitam de atendimento especializado. A equipe que vai atuar na UTI Pedi\u00e1trica passou por treinamento para ofertar o atendimento especializado para a popula\u00e7\u00e3o infantil. \nO munic\u00edpio de Cajazeiras n\u00e3o possu\u00eda UTI pedi\u00e1trica, e o Hospital Universit\u00e1rio J\u00falio Bandeira (HUJB), que possui atendimento pedi\u00e1trico especializado, est\u00e1 com a ala vermelha lotada, conforme informou Arist\u00eanio Marques, representante do hospital. O HUJB atende pelo menos 15 cidades da regi\u00e3o de Cajazeiras, um total aproximado de 200 mil pessoas, segundo Arist\u00eanio Marques.\nCajazeiras, PB, registra segundo \u00f3bito de beb\u00ea por s\u00edndrome respirat\u00f3ria\nV\u00eddeos mais assistidos do g1 Para\u00edba  ","protected":false},"excerpt":{"rendered":"<p>        Beb\u00ea de 41 dias morreu ap\u00f3s ter complica\u00e7\u00f5es. Regi\u00e3o do Alto Sert\u00e3o n\u00e3o possu\u00eda UTI Pedi\u00e1trica.  UTI pedi\u00e1trica em Cajazeiras<br \/>\nDivulga\u00e7\u00e3o\/Secom-PB<br \/>\nO Governo da Para\u00edba anunciou, nesta quarta-feira (17), a abertura de uma UTI pedi\u00e1trica em Cajaz&#8230;<\/p>\n","protected":false},"author":2,"featured_media":0,"comment_status":"closed","ping_status":"closed","sticky":false,"template":"","format":"standard","meta":{"advgb_blocks_editor_width":"","advgb_blocks_columns_visual_guide":"","footnotes":""},"categories":[34],"tags":[35],"class_list":["post-16869","post","type-post","status-publish","format-standard","hentry","category-g1","tag-g1"],"author_meta":{"display_name":"g1 &gt; Para\u00edba","author_link":"https:\/\/sindaopcpb.org.br\/author\/g1-paraiba\/"},"featured_img":null,"coauthors":[],"tax_additional":{"categories":{"linked":["<a href=\"https:\/\/sindaopcpb.org.br\/g1\/\" class=\"advgb-post-tax-term\">G1<\/a>"],"unlinked":["<span class=\"advgb-post-tax-term\">G1<\/span>"]},"tags":{"linked":["<a href=\"https:\/\/sindaopcpb.org.br\/g1\/\" class=\"advgb-post-tax-term\">g1<\/a>"],"unlinked":["<span class=\"advgb-post-tax-term\">g1<\/span>"]}},"comment_count":"0","relative_dates":{"created":"Publicado 3 anos atr\u00e1s","modified":"Atualizado 3 anos atr\u00e1s"},"absolute_dates":{"created":"Publicado em 17 de maio de 2023","modified":"Atualizado em 17 de maio de 2023"},"absolute_dates_time":{"created":"Publicado em 17 de maio de 2023 15:47","modified":"Atualizado em 17 de maio de 2023 15:47"},"featured_img_caption":"","series_order":"","_links":{"self":[{"href":"https:\/\/sindaopcpb.org.br\/index.php\/wp-json\/wp\/v2\/posts\/16869","targetHints":{"allow":["GET"]}}],"collection":[{"href":"https:\/\/sindaopcpb.org.br\/index.php\/wp-json\/wp\/v2\/posts"}],"about":[{"href":"https:\/\/sindaopcpb.org.br\/index.php\/wp-json\/wp\/v2\/types\/post"}],"author":[{"embeddable":true,"href":"https:\/\/sindaopcpb.org.br\/index.php\/wp-json\/wp\/v2\/users\/2"}],"replies":[{"embeddable":true,"href":"https:\/\/sindaopcpb.org.br\/index.php\/wp-json\/wp\/v2\/comments?post=16869"}],"version-history":[{"count":1,"href":"https:\/\/sindaopcpb.org.br\/index.php\/wp-json\/wp\/v2\/posts\/16869\/revisions"}],"predecessor-version":[{"id":16870,"href":"https:\/\/sindaopcpb.org.br\/index.php\/wp-json\/wp\/v2\/posts\/16869\/revisions\/16870"}],"wp:attachment":[{"href":"https:\/\/sindaopcpb.org.br\/index.php\/wp-json\/wp\/v2\/media?parent=16869"}],"wp:term":[{"taxonomy":"category","embeddable":true,"href":"https:\/\/sindaopcpb.org.br\/index.php\/wp-json\/wp\/v2\/categories?post=16869"},{"taxonomy":"post_tag","embeddable":true,"href":"https:\/\/sindaopcpb.org.br\/index.php\/wp-json\/wp\/v2\/tags?post=16869"}],"curies":[{"name":"wp","href":"https:\/\/api.w.org\/{rel}","templated":true}]}}