{"id":16780,"date":"2023-05-17T10:50:01","date_gmt":"2023-05-17T13:50:01","guid":{"rendered":"https:\/\/g1.globo.com\/pb\/paraiba\/noticia\/2023\/05\/17\/biliu-de-campina-e-internado-apos-apresentar-desorientacao-e-dificuldade-na-fala-durante-sessao-de-hemodialise.ghtml"},"modified":"2023-05-17T10:50:01","modified_gmt":"2023-05-17T13:50:01","slug":"biliu-de-campina-e-internado-apos-apresentar-desorientacao-e-dificuldade-na-fala-durante-sessao-de-hemodialise","status":"publish","type":"post","link":"https:\/\/sindaopcpb.org.br\/index.php\/2023\/05\/17\/biliu-de-campina-e-internado-apos-apresentar-desorientacao-e-dificuldade-na-fala-durante-sessao-de-hemodialise\/","title":{"rendered":"Biliu de Campina \u00e9 internado ap\u00f3s apresentar desorienta\u00e7\u00e3o e dificuldade na fala durante sess\u00e3o de hemodi\u00e1lise"},"content":{"rendered":"   <img src=\"https:\/\/s2.glbimg.com\/iDBV4eM4VALC0jXL_HOCPytaD7Y=\/i.s3.glbimg.com\/v1\/AUTH_59edd422c0c84a879bd37670ae4f538a\/internal_photos\/bs\/2022\/S\/h\/sr4dCsTnaBr2B8AtnHMA\/biliu-de-campina.jpeg\" \/><br \/>     Cantor e compositor foi internado no Hospital Municipal Dr. Edgley, em Campina Grande, quando, ap\u00f3s uma sess\u00e3o de hemodi\u00e1lise, apresentou dificuldade em articular a fala. Biliu de Campina \u00e9 internado no Hospital Dr. Edgley, em Campina Grande\nSMS Campina Grande\/Divulga\u00e7\u00e3o\nO cantor e compositor Biliu de Campina Grande, de 74 anos, foi internado no Hospital Municipal Dr. Edgley, na noite de ter\u00e7a-feira (16). Segundo a unidade hospitalar, Biliu foi ao hospital para realizar uma sess\u00e3o de hemodi\u00e1lise, e, ap\u00f3s avalia\u00e7\u00e3o m\u00e9dica, ficou internado para acompanhamento, j\u00e1 que apresentou desorienta\u00e7\u00e3o e disartria, que \u00e9 a dificuldade de articular a fala.\nCompartilhe no WhatsApp\nCompartilhe no Telegram\nBiliu foi levado ao Hospital Municipal Pedro I para realizar um exame de tomografia, que descartou, inicialmente, qualquer suspeita de Acidente Vascular Cerebral (AVC). O paciente segue internado na Unidade de Terapia Intensiva (UTI) do Hospital Dr. Edgley, o quadro de sa\u00fade do artista \u00e9 considerado regular e est\u00e1vel, mas sem previs\u00e3o de alta m\u00e9dica.\nHist\u00f3rico m\u00e9dico de Biliu\nBiliu de Campina foi internado no Hospital Municipal Pedro I h\u00e1 um ano, no dia 29 de mar\u00e7o, com um quadro de congest\u00e3o pulmonar e precisou fazer sess\u00f5es de di\u00e1lise.\nEm julho do ano passado, o cantor tamb\u00e9m foi internado no Hospital Municipal Dr. Edgley com um edema agudo hipertensivo provocado por uma hipervolemia, que \u00e9 o excesso de l\u00edquido nos pulm\u00f5es por causa de uma doen\u00e7a renal cr\u00f4nica.\nEm mar\u00e7o deste ano, ele foi internado novamente no Hospital Municipal Dr. Edgley, quando teve um pico de press\u00e3o alta e apresentou dificuldade para falar. Quatro dias depois recebeu alta m\u00e9dica.\nV\u00eddeos mais assistidos do g1 Para\u00edba  ","protected":false},"excerpt":{"rendered":"<p>        Cantor e compositor foi internado no Hospital Municipal Dr. Edgley, em Campina Grande, quando, ap\u00f3s uma sess\u00e3o de hemodi\u00e1lise, apresentou dificuldade em articular a fala. Biliu de Campina \u00e9 internado no Hospital Dr. Edgley, em Campina Grande<br \/>\nSM&#8230;<\/p>\n","protected":false},"author":2,"featured_media":0,"comment_status":"closed","ping_status":"closed","sticky":false,"template":"","format":"standard","meta":{"advgb_blocks_editor_width":"","advgb_blocks_columns_visual_guide":"","footnotes":""},"categories":[34],"tags":[35],"class_list":["post-16780","post","type-post","status-publish","format-standard","hentry","category-g1","tag-g1"],"author_meta":{"display_name":"g1 &gt; Para\u00edba","author_link":"https:\/\/sindaopcpb.org.br\/author\/g1-paraiba\/"},"featured_img":null,"coauthors":[],"tax_additional":{"categories":{"linked":["<a href=\"https:\/\/sindaopcpb.org.br\/g1\/\" class=\"advgb-post-tax-term\">G1<\/a>"],"unlinked":["<span class=\"advgb-post-tax-term\">G1<\/span>"]},"tags":{"linked":["<a href=\"https:\/\/sindaopcpb.org.br\/g1\/\" class=\"advgb-post-tax-term\">g1<\/a>"],"unlinked":["<span class=\"advgb-post-tax-term\">g1<\/span>"]}},"comment_count":"0","relative_dates":{"created":"Publicado 3 anos atr\u00e1s","modified":"Atualizado 3 anos atr\u00e1s"},"absolute_dates":{"created":"Publicado em 17 de maio de 2023","modified":"Atualizado em 17 de maio de 2023"},"absolute_dates_time":{"created":"Publicado em 17 de maio de 2023 10:50","modified":"Atualizado em 17 de maio de 2023 10:50"},"featured_img_caption":"","series_order":"","_links":{"self":[{"href":"https:\/\/sindaopcpb.org.br\/index.php\/wp-json\/wp\/v2\/posts\/16780","targetHints":{"allow":["GET"]}}],"collection":[{"href":"https:\/\/sindaopcpb.org.br\/index.php\/wp-json\/wp\/v2\/posts"}],"about":[{"href":"https:\/\/sindaopcpb.org.br\/index.php\/wp-json\/wp\/v2\/types\/post"}],"author":[{"embeddable":true,"href":"https:\/\/sindaopcpb.org.br\/index.php\/wp-json\/wp\/v2\/users\/2"}],"replies":[{"embeddable":true,"href":"https:\/\/sindaopcpb.org.br\/index.php\/wp-json\/wp\/v2\/comments?post=16780"}],"version-history":[{"count":1,"href":"https:\/\/sindaopcpb.org.br\/index.php\/wp-json\/wp\/v2\/posts\/16780\/revisions"}],"predecessor-version":[{"id":16781,"href":"https:\/\/sindaopcpb.org.br\/index.php\/wp-json\/wp\/v2\/posts\/16780\/revisions\/16781"}],"wp:attachment":[{"href":"https:\/\/sindaopcpb.org.br\/index.php\/wp-json\/wp\/v2\/media?parent=16780"}],"wp:term":[{"taxonomy":"category","embeddable":true,"href":"https:\/\/sindaopcpb.org.br\/index.php\/wp-json\/wp\/v2\/categories?post=16780"},{"taxonomy":"post_tag","embeddable":true,"href":"https:\/\/sindaopcpb.org.br\/index.php\/wp-json\/wp\/v2\/tags?post=16780"}],"curies":[{"name":"wp","href":"https:\/\/api.w.org\/{rel}","templated":true}]}}