{"id":16770,"date":"2023-05-17T09:27:58","date_gmt":"2023-05-17T12:27:58","guid":{"rendered":"https:\/\/www.infomoney.com.br\/?p=2136419"},"modified":"2023-05-17T09:27:58","modified_gmt":"2023-05-17T12:27:58","slug":"em-decisao-unanime-tse-cassa-mandato-do-deputado-deltan-dallagnol","status":"publish","type":"post","link":"https:\/\/sindaopcpb.org.br\/index.php\/2023\/05\/17\/em-decisao-unanime-tse-cassa-mandato-do-deputado-deltan-dallagnol\/","title":{"rendered":"Em decis\u00e3o un\u00e2nime, TSE cassa mandato do deputado Deltan Dallagnol"},"content":{"rendered":"<p><img loading=\"lazy\" width=\"300\" height=\"197\" src=\"https:\/\/www.infomoney.com.br\/wp-content\/uploads\/2019\/06\/deltan-dallagnol-1.jpg?fit=300%2C197&amp;quality=70&amp;strip=all\" class=\"attachment-medium size-medium wp-post-image\" alt=\"\" decoding=\"async\" style=\"float:right; margin:0 0 10px 10px;\" srcset=\"https:\/\/www.infomoney.com.br\/wp-content\/uploads\/2019\/06\/deltan-dallagnol-1.jpg?w=900&amp;quality=70&amp;strip=all 900w, https:\/\/www.infomoney.com.br\/wp-content\/uploads\/2019\/06\/deltan-dallagnol-1.jpg?w=300&amp;quality=70&amp;strip=all 300w, https:\/\/www.infomoney.com.br\/wp-content\/uploads\/2019\/06\/deltan-dallagnol-1.jpg?w=768&amp;quality=70&amp;strip=all 768w, https:\/\/www.infomoney.com.br\/wp-content\/uploads\/2019\/06\/deltan-dallagnol-1.jpg?w=150&amp;quality=70&amp;strip=all 150w\" sizes=\"auto, (max-width: 300px) 100vw, 300px\" data-attachment-id=\"45514\" data-permalink=\"https:\/\/www.infomoney.com.br\/deltan-dallagnol-1\/\" data-orig-file=\"https:\/\/www.infomoney.com.br\/wp-content\/uploads\/2019\/06\/deltan-dallagnol-1.jpg?fit=900%2C590&amp;quality=70&amp;strip=all\" data-orig-size=\"900,590\" data-comments-opened=\"1\" data-image-meta=\"{&quot;aperture&quot;:&quot;0&quot;,&quot;credit&quot;:&quot;&quot;,&quot;camera&quot;:&quot;&quot;,&quot;caption&quot;:&quot;&quot;,&quot;created_timestamp&quot;:&quot;0&quot;,&quot;copyright&quot;:&quot;&quot;,&quot;focal_length&quot;:&quot;0&quot;,&quot;iso&quot;:&quot;0&quot;,&quot;shutter_speed&quot;:&quot;0&quot;,&quot;title&quot;:&quot;&quot;,&quot;orientation&quot;:&quot;0&quot;}\" data-image-title=\"deltan-dallagnol-1\" data-image-description=\"\" data-image-caption=\"\" data-medium-file=\"https:\/\/www.infomoney.com.br\/wp-content\/uploads\/2019\/06\/deltan-dallagnol-1.jpg?fit=300%2C197&amp;quality=70&amp;strip=all\" data-large-file=\"https:\/\/www.infomoney.com.br\/wp-content\/uploads\/2019\/06\/deltan-dallagnol-1.jpg?fit=900%2C590&amp;quality=70&amp;strip=all\" title=\"\"><\/p>\n<p>Por unanimidade, o Tribunal Superior Eleitoral (TSE) decidiu nesta ter\u00e7a-feira (16) cassar o mandato do deputado federal Deltan Dallagnol (Podemos-PR).<\/p>\n<p>Deltan atuou como chefe da for\u00e7a-tarefa da Opera\u00e7\u00e3o Lava Jato em Curitiba e, ap\u00f3s deixar o cargo, foi o deputado mais votado do Paran\u00e1 nas elei\u00e7\u00f5es de 2022, com 344 mil votos. Cabe recurso da decis\u00e3o, mas Deltan Dallagnol ter\u00e1 de sair do cargo eletivo, ocupado h\u00e1 tr\u00eas meses.<\/p>\n<p>A decis\u00e3o dever\u00e1 ser cumprida imediatamente e os votos recebidos pelo parlamentar na elei\u00e7\u00e3o ser\u00e3o computados para a legenda.<\/p>\n<p>A elegibilidade de Deltan foi contestada pela federa\u00e7\u00e3o formada pelo PT no estado e o candidato a deputado Oduwaldo Calixto (PL). Antes de chegar ao TSE, a inelegibilidade de Deltan foi rejeitada pela Justi\u00e7a Eleitoral do Paran\u00e1. Ambos sustentaram que o ex-procurador n\u00e3o poderia concorrer \u00e0s elei\u00e7\u00f5es por ter sido condenado pelo Tribunal de Contas da Uni\u00e3o (TCU) no caso das di\u00e1rias pagas \u00e0 for\u00e7a-tarefa.<\/p>\n<p>Al\u00e9m disso, segundo a acusa\u00e7\u00e3o, Deltan tamb\u00e9m n\u00e3o poderia ter concorrido por ter sa\u00eddo do Minist\u00e9rio P\u00fablico Federal (MPF) durante a tramita\u00e7\u00e3o de processos administrativos disciplinares contra ele no Conselho Nacional do Minist\u00e9rio P\u00fablico (CNMP).<\/p>\n<p><strong>Voto do relator <\/strong><br \/>O relator do processo, ministro Benedito Gon\u00e7alves, votou pela cassa\u00e7\u00e3o do mandato de Deltan Dallagnol.<\/p>\n<p>O ministro disse que o ex-procurador pediu exonera\u00e7\u00e3o do MPF no dia 3 de novembro de 2021, quando j\u00e1 havia sido condenado pelo CNMP a pena de censura e de advert\u00eancia e ainda tinha 15 procedimentos diversos em tramita\u00e7\u00e3o desfavor\u00e1veis a ele no \u00f3rg\u00e3o.<\/p>\n<p>Para o ministro, o objetivo de Deltan foi fazer &#8220;uma manobra&#8221; para evitar a perda do cargo e o enquadramento na Lei da Ficha Limpa.<\/p>\n<p>&#8220;A partir do momento em que foi apenado com advert\u00eancia e censura, n\u00e3o h\u00e1 d\u00favida de que elas passariam a ser consideradas em PADs de outras infra\u00e7\u00f5es disciplinares, aproximando da pena de demiss\u00e3o&#8221;, afirmou.<\/p>\n<p>De acordo com a norma, s\u00e3o ineleg\u00edveis, pelo prazo de oito anos, membros do Minist\u00e9rio P\u00fablico que tenham perdido o cargo por senten\u00e7a ou que tenham pedido exonera\u00e7\u00e3o durante a tramita\u00e7\u00e3o de processo disciplinar.<\/p>\n<p>O relator ressaltou ainda que, conforme a lei eleitoral, Deltan s\u00f3 poderia deixar o MPF seis meses antes das elei\u00e7\u00f5es para participar do pleito. &#8220;O recorrido agiu para fraudar a lei, uma vez que praticou uma s\u00e9rie de atos para obstar processos disciplinares contra si, e, portanto, elidir a inelegibilidade&#8221;, concluiu.<\/p>\n<p><strong>Defesa<\/strong><br \/>O advogado Leandro Rosa, representante de Deltan, disse que o deputado estava apto a concorrer \u00e0s elei\u00e7\u00f5es e que a decis\u00e3o do TCU contra ele foi suspensa por uma liminar da Justi\u00e7a Federal em Curitiba.<\/p>\n<p>O advogado afirmou ainda que o pedido de exonera\u00e7\u00e3o feito pelo ex-procurador foi realizado ap\u00f3s o CNMP fornecer uma certid\u00e3o que confirmou n\u00e3o haver processos em andamento contra ele.<\/p>\n<p>A defesa confirmou que o ex-procurador recebeu pena de advert\u00eancia e de censura pelo conselho, mas as penas foram cumpridas e o processos encerrados.<\/p>\n<p>&#8220;Deltan formalizou seu pedido de exonera\u00e7\u00e3o, porque o seu \u00f3rg\u00e3o de fiscaliza\u00e7\u00e3o disse que ele n\u00e3o tinha nenhum processo disciplinar aberto&#8221;, disse.<\/p>\n<p>The post <a rel=\"nofollow noopener\" href=\"https:\/\/www.infomoney.com.br\/politica\/em-decisao-unanime-tse-cassa-mandato-do-deputado-deltan-dallagnol\/\" target=\"_blank\">Em decis\u00e3o un\u00e2nime, TSE cassa mandato do deputado Deltan Dallagnol<\/a> appeared first on <a rel=\"nofollow noopener\" href=\"https:\/\/www.infomoney.com.br\/\" target=\"_blank\">InfoMoney<\/a>.<\/p>\n","protected":false},"excerpt":{"rendered":"<p><img loading=\"lazy\" decoding=\"async\" width=\"300\" height=\"197\" src=\"https:\/\/www.infomoney.com.br\/wp-content\/uploads\/2019\/06\/deltan-dallagnol-1.jpg?fit=300%2C197&amp;quality=70&amp;strip=all\" class=\"attachment-medium size-medium wp-post-image\" alt=\"\" data-attachment-id=\"45514\" data-permalink=\"https:\/\/www.infomoney.com.br\/deltan-dallagnol-1\/\" data-orig-file=\"https:\/\/www.infomoney.com.br\/wp-content\/uploads\/2019\/06\/deltan-dallagnol-1.jpg?fit=900%2C590&amp;quality=70&amp;strip=all\" data-orig-size=\"900,590\" data-comments-opened=\"1\" data-image-meta='{\"aperture\":\"0\",\"credit\":\"\",\"camera\":\"\",\"caption\":\"\",\"created_timestamp\":\"0\",\"copyright\":\"\",\"focal_length\":\"0\",\"iso\":\"0\",\"shutter_speed\":\"0\",\"title\":\"\",\"orientation\":\"0\"}' data-image-title=\"deltan-dallagnol-1\" data-image-description=\"\" data-image-caption=\"\" data-medium-file=\"https:\/\/www.infomoney.com.br\/wp-content\/uploads\/2019\/06\/deltan-dallagnol-1.jpg?fit=300%2C197&amp;quality=70&amp;strip=all\" data-large-file=\"https:\/\/www.infomoney.com.br\/wp-content\/uploads\/2019\/06\/deltan-dallagnol-1.jpg?fit=900%2C590&amp;quality=70&amp;strip=all\">Ex-procurador ter\u00e1 de deixar o cargo imediatamente<\/p>\n<p>The post <a rel=\"nofollow\" href=\"https:\/\/www.infomoney.com.br\/politica\/em-decisao-unanime-tse-cassa-mandato-do-deputado-deltan-dallagnol\/\">Em decis\u00e3o un\u00e2nime, TSE cassa mandato do deputado Deltan Dallagnol<\/a> appeared first on <a rel=\"nofollow\" href=\"https:\/\/www.infomoney.com.br\/\">InfoMoney<\/a>.<\/p>\n","protected":false},"author":44,"featured_media":0,"comment_status":"closed","ping_status":"closed","sticky":false,"template":"","format":"standard","meta":{"advgb_blocks_editor_width":"","advgb_blocks_columns_visual_guide":"","footnotes":""},"categories":[3013,34,278,118,1797,47,464],"tags":[35],"class_list":["post-16770","post","type-post","status-publish","format-standard","hentry","category-deltan-dallagnol","category-g1","category-justica","category-operacao-lava-jato","category-poder-judiciario","category-politica","category-tse","tag-g1"],"author_meta":{"display_name":"Ag\u00eancia Brasil","author_link":"https:\/\/sindaopcpb.org.br\/author\/agencia-brasil\/"},"featured_img":null,"coauthors":[],"tax_additional":{"categories":{"linked":["<a href=\"https:\/\/sindaopcpb.org.br\/deltan-dallagnol\/\" class=\"advgb-post-tax-term\">Deltan Dallagnol<\/a>","<a href=\"https:\/\/sindaopcpb.org.br\/g1\/\" class=\"advgb-post-tax-term\">G1<\/a>","<a href=\"https:\/\/sindaopcpb.org.br\/justica\/\" class=\"advgb-post-tax-term\">Justi\u00e7a<\/a>","<a href=\"https:\/\/sindaopcpb.org.br\/operacao-lava-jato\/\" class=\"advgb-post-tax-term\">Opera\u00e7\u00e3o Lava Jato<\/a>","<a href=\"https:\/\/sindaopcpb.org.br\/poder-judiciario\/\" class=\"advgb-post-tax-term\">Poder Judici\u00e1rio<\/a>","<a href=\"https:\/\/sindaopcpb.org.br\/politica\/\" class=\"advgb-post-tax-term\">POLITICA<\/a>","<a href=\"https:\/\/sindaopcpb.org.br\/tse\/\" class=\"advgb-post-tax-term\">TSE<\/a>"],"unlinked":["<span class=\"advgb-post-tax-term\">Deltan Dallagnol<\/span>","<span class=\"advgb-post-tax-term\">G1<\/span>","<span class=\"advgb-post-tax-term\">Justi\u00e7a<\/span>","<span class=\"advgb-post-tax-term\">Opera\u00e7\u00e3o Lava Jato<\/span>","<span class=\"advgb-post-tax-term\">Poder Judici\u00e1rio<\/span>","<span class=\"advgb-post-tax-term\">POLITICA<\/span>","<span class=\"advgb-post-tax-term\">TSE<\/span>"]},"tags":{"linked":["<a href=\"https:\/\/sindaopcpb.org.br\/tse\/\" class=\"advgb-post-tax-term\">g1<\/a>"],"unlinked":["<span class=\"advgb-post-tax-term\">g1<\/span>"]}},"comment_count":"0","relative_dates":{"created":"Publicado 3 anos atr\u00e1s","modified":"Atualizado 3 anos atr\u00e1s"},"absolute_dates":{"created":"Publicado em 17 de maio de 2023","modified":"Atualizado em 17 de maio de 2023"},"absolute_dates_time":{"created":"Publicado em 17 de maio de 2023 09:27","modified":"Atualizado em 17 de maio de 2023 09:27"},"featured_img_caption":"","series_order":"","_links":{"self":[{"href":"https:\/\/sindaopcpb.org.br\/index.php\/wp-json\/wp\/v2\/posts\/16770","targetHints":{"allow":["GET"]}}],"collection":[{"href":"https:\/\/sindaopcpb.org.br\/index.php\/wp-json\/wp\/v2\/posts"}],"about":[{"href":"https:\/\/sindaopcpb.org.br\/index.php\/wp-json\/wp\/v2\/types\/post"}],"author":[{"embeddable":true,"href":"https:\/\/sindaopcpb.org.br\/index.php\/wp-json\/wp\/v2\/users\/44"}],"replies":[{"embeddable":true,"href":"https:\/\/sindaopcpb.org.br\/index.php\/wp-json\/wp\/v2\/comments?post=16770"}],"version-history":[{"count":1,"href":"https:\/\/sindaopcpb.org.br\/index.php\/wp-json\/wp\/v2\/posts\/16770\/revisions"}],"predecessor-version":[{"id":16771,"href":"https:\/\/sindaopcpb.org.br\/index.php\/wp-json\/wp\/v2\/posts\/16770\/revisions\/16771"}],"wp:attachment":[{"href":"https:\/\/sindaopcpb.org.br\/index.php\/wp-json\/wp\/v2\/media?parent=16770"}],"wp:term":[{"taxonomy":"category","embeddable":true,"href":"https:\/\/sindaopcpb.org.br\/index.php\/wp-json\/wp\/v2\/categories?post=16770"},{"taxonomy":"post_tag","embeddable":true,"href":"https:\/\/sindaopcpb.org.br\/index.php\/wp-json\/wp\/v2\/tags?post=16770"}],"curies":[{"name":"wp","href":"https:\/\/api.w.org\/{rel}","templated":true}]}}