{"id":16768,"date":"2023-05-17T09:39:04","date_gmt":"2023-05-17T12:39:04","guid":{"rendered":"https:\/\/www.infomoney.com.br\/?p=2136448"},"modified":"2023-05-17T09:39:04","modified_gmt":"2023-05-17T12:39:04","slug":"supremo-adia-para-junho-julgamento-sobre-redes-sociais","status":"publish","type":"post","link":"https:\/\/sindaopcpb.org.br\/index.php\/2023\/05\/17\/supremo-adia-para-junho-julgamento-sobre-redes-sociais\/","title":{"rendered":"Supremo adia para junho julgamento sobre redes sociais"},"content":{"rendered":"<p><img loading=\"lazy\" width=\"300\" height=\"225\" src=\"https:\/\/www.infomoney.com.br\/wp-content\/uploads\/2021\/04\/stf1.jpg?fit=300%2C225&amp;quality=70&amp;strip=all\" class=\"attachment-medium size-medium wp-post-image\" alt=\"\" decoding=\"async\" style=\"float:right; margin:0 0 10px 10px;\" srcset=\"https:\/\/www.infomoney.com.br\/wp-content\/uploads\/2021\/04\/stf1.jpg?w=1024&amp;quality=70&amp;strip=all 1024w, https:\/\/www.infomoney.com.br\/wp-content\/uploads\/2021\/04\/stf1.jpg?w=300&amp;quality=70&amp;strip=all 300w, https:\/\/www.infomoney.com.br\/wp-content\/uploads\/2021\/04\/stf1.jpg?w=768&amp;quality=70&amp;strip=all 768w, https:\/\/www.infomoney.com.br\/wp-content\/uploads\/2021\/04\/stf1.jpg?w=150&amp;quality=70&amp;strip=all 150w\" sizes=\"auto, (max-width: 300px) 100vw, 300px\" data-attachment-id=\"1624651\" data-permalink=\"https:\/\/www.infomoney.com.br\/politica\/stf-retoma-julgamento-sobre-condenacoes-de-lula-na-lava-jato-acompanhe\/attachment\/stf1-2\/\" data-orig-file=\"https:\/\/www.infomoney.com.br\/wp-content\/uploads\/2021\/04\/stf1.jpg?fit=1024%2C768&amp;quality=70&amp;strip=all\" data-orig-size=\"1024,768\" data-comments-opened=\"1\" data-image-meta=\"{&quot;aperture&quot;:&quot;0&quot;,&quot;credit&quot;:&quot;&quot;,&quot;camera&quot;:&quot;&quot;,&quot;caption&quot;:&quot;&quot;,&quot;created_timestamp&quot;:&quot;0&quot;,&quot;copyright&quot;:&quot;&quot;,&quot;focal_length&quot;:&quot;0&quot;,&quot;iso&quot;:&quot;0&quot;,&quot;shutter_speed&quot;:&quot;0&quot;,&quot;title&quot;:&quot;&quot;,&quot;orientation&quot;:&quot;0&quot;}\" data-image-title=\"Supremo Tribunal Federal (STF)\" data-image-description=\"\" data-image-caption=\"&lt;p&gt;O Supremo Tribunal Federal (Foto: Marcello Casal JrAg\u00eancia Brasil)&lt;\/p&gt;\n\" data-medium-file=\"https:\/\/www.infomoney.com.br\/wp-content\/uploads\/2021\/04\/stf1.jpg?fit=300%2C225&amp;quality=70&amp;strip=all\" data-large-file=\"https:\/\/www.infomoney.com.br\/wp-content\/uploads\/2021\/04\/stf1.jpg?fit=1024%2C768&amp;quality=70&amp;strip=all\" title=\"\"><\/p>\n<p>O Supremo Tribunal Federal (STF) adiou para junho, em data ainda a ser definida, o julgamento sobre a responsabilidade das redes sociais por conte\u00fados ilegais publicados em suas plataformas. O tema estava pautado para esta quarta-feira (17) no plen\u00e1rio, mas teve a an\u00e1lise adiada a pedido dos relatores, os ministros Dias Toffoli e Luiz Fux.<\/p>\n<p>A caso havia sido pautado para julgamento em meio ao impasse no Congresso a respeito do chamado Projeto de Lei das Fake News, cuja vota\u00e7\u00e3o foi adiada na C\u00e2mara ap\u00f3s forte campanha de empresas de tecnologia contr\u00e1rias ao projeto, que na v\u00e9spera da an\u00e1lise pelos parlamentares disseminaram cr\u00edticas ao PL.<\/p>\n<p>Al\u00e9m das consequ\u00eancias pol\u00edticas, plataformas como Google e Telegram s\u00e3o investigadas por suposto abuso de poder econ\u00f4mico no caso. Uma investiga\u00e7\u00e3o foi aberta no Supremo, por ordem do ministro Alexandre de Moraes e a pedido da Procuradoria-Geral da Rep\u00fablica (PGR). O Conselho Administrativo Econ\u00f4mico (Cade), que fiscaliza o cumprimento de regras concorrenciais, tamb\u00e9m apura a conduta das empresas.<\/p>\n<p>Ainda n\u00e3o h\u00e1 data para que o tema volte ao plen\u00e1rio da C\u00e2mara, diante da d\u00favida se o PL das Fake News conseguir\u00e1 votos suficientes dos deputados para ser aprovado. No Supremo, a percep\u00e7\u00e3o dos ministros \u00e9 que o caso deve ser tratado preferencialmente pela via legislativa, mas que o tribunal dever\u00e1 agir para preencher eventual omiss\u00e3o do Congresso.<\/p>\n<p>Para isso, o Supremo dever\u00e1 julgar dois recursos com repercuss\u00e3o geral &#8211; cujo desfecho dever\u00e1 servir de par\u00e2metro para os demais casos semelhantes &#8211; que questionam o artigo 19 do Marco Civil da Internet. O dispositivo dispensa as plataformas de redes sociais de responsabiliza\u00e7\u00e3o caso n\u00e3o removam publica\u00e7\u00f5es de usu\u00e1rios que sejam flagrantemente il\u00edcitas.<\/p>\n<p>Desde os atos golpistas de 8 de janeiro, planejados e executados com aux\u00edlio de aplicativos de mensagens e redes sociais, diversos ministros do Supremo tem se posicionado publicamente em defesa da regula\u00e7\u00e3o dessas plataformas, de modo a conferir grau de responsabilidade \u00e0s empresas que as administram se elas n\u00e3o agirem para impedir a dissemina\u00e7\u00e3o de mensagens antidemocr\u00e1ticas.<\/p>\n<p>O tema tem peso diferenciado para o Supremo, cuja sede foi a mais depredada pelos v\u00e2ndalos que invadiram as sedes dos Tr\u00eas Poderes no 8 de janeiro. A maioria dos ministros da Corte est\u00e3o convencidos de que o epis\u00f3dio poderia ter sido evitado se o uso das redes sociais j\u00e1 tivesse sido melhor regulamentado no pa\u00eds.<\/p>\n<p>Desde a elei\u00e7\u00e3o presidencial de 2022, ministros como Alexandre de Moraes e Gilmar Mendes pressionam para que o Congresso aprove lei a respeito do assunto. Ap\u00f3s o 8 de janeiro, ministros como Rosa Weber, Edson Fachin e Luiz Fux tamb\u00e9m passaram a se manifestar mais abertamente nesse sentido.<\/p>\n<p>O julgamento sobre o Marco Civil da Internet foi tema de audi\u00eancia p\u00fablica no Supremo, em mar\u00e7o, quando ministros da Corte e do governo se revezaram na defesa de uma maior regulamenta\u00e7\u00e3o das redes sociais. Recentemente, a PGR tamb\u00e9m se manifestou, nos pr\u00f3prios recursos sobre o assunto, a favor de uma maior responsabiliza\u00e7\u00e3o das redes sociais que n\u00e3o removerem conte\u00fado ofensivo ap\u00f3s alertadas.<\/p>\n<p>A press\u00e3o por uma regulamenta\u00e7\u00e3o maior das redes sociais aumentou ainda mais na esteira de ataques e amea\u00e7as a escolas brasileiras que foram anunciados e estimulados em plataformas como o Twitter.<\/p>\n<p>As empresas se defendem afirmando que uma maior regula\u00e7\u00e3o deve desestimular investimentos para aprimorar as plataformas de redes sociais, bem como representa uma amea\u00e7a \u00e0 liberdade de express\u00e3o.<\/p>\n<p>The post <a rel=\"nofollow noopener\" href=\"https:\/\/www.infomoney.com.br\/politica\/supremo-adia-para-junho-julgamento-sobre-redes-sociais\/\" target=\"_blank\">Supremo adia para junho julgamento sobre redes sociais<\/a> appeared first on <a rel=\"nofollow noopener\" href=\"https:\/\/www.infomoney.com.br\/\" target=\"_blank\">InfoMoney<\/a>.<\/p>\n","protected":false},"excerpt":{"rendered":"<p><img loading=\"lazy\" decoding=\"async\" width=\"300\" height=\"225\" src=\"https:\/\/www.infomoney.com.br\/wp-content\/uploads\/2021\/04\/stf1.jpg?fit=300%2C225&amp;quality=70&amp;strip=all\" class=\"attachment-medium size-medium wp-post-image\" alt=\"\" data-attachment-id=\"1624651\" data-permalink=\"https:\/\/www.infomoney.com.br\/politica\/stf-retoma-julgamento-sobre-condenacoes-de-lula-na-lava-jato-acompanhe\/attachment\/stf1-2\/\" data-orig-file=\"https:\/\/www.infomoney.com.br\/wp-content\/uploads\/2021\/04\/stf1.jpg?fit=1024%2C768&amp;quality=70&amp;strip=all\" data-orig-size=\"1024,768\" data-comments-opened=\"1\" data-image-meta='{\"aperture\":\"0\",\"credit\":\"\",\"camera\":\"\",\"caption\":\"\",\"created_timestamp\":\"0\",\"copyright\":\"\",\"focal_length\":\"0\",\"iso\":\"0\",\"shutter_speed\":\"0\",\"title\":\"\",\"orientation\":\"0\"}' data-image-title=\"Supremo Tribunal Federal (STF)\" data-image-description=\"\" data-image-caption=\"&lt;p&gt;O Supremo Tribunal Federal (Foto: Marcello Casal JrAg\u00eancia Brasil)&lt;\/p&gt;\n\" data-medium-file=\"https:\/\/www.infomoney.com.br\/wp-content\/uploads\/2021\/04\/stf1.jpg?fit=300%2C225&amp;quality=70&amp;strip=all\" data-large-file=\"https:\/\/www.infomoney.com.br\/wp-content\/uploads\/2021\/04\/stf1.jpg?fit=1024%2C768&amp;quality=70&amp;strip=all\">Pedido foi solicitado pelos ministros Dias Toffoli e Luiz Fux<\/p>\n<p>The post <a rel=\"nofollow\" href=\"https:\/\/www.infomoney.com.br\/politica\/supremo-adia-para-junho-julgamento-sobre-redes-sociais\/\">Supremo adia para junho julgamento sobre redes sociais<\/a> appeared first on <a rel=\"nofollow\" href=\"https:\/\/www.infomoney.com.br\/\">InfoMoney<\/a>.<\/p>\n","protected":false},"author":44,"featured_media":0,"comment_status":"closed","ping_status":"closed","sticky":false,"template":"","format":"standard","meta":{"advgb_blocks_editor_width":"","advgb_blocks_columns_visual_guide":"","footnotes":""},"categories":[34,47,681,449],"tags":[35],"class_list":["post-16768","post","type-post","status-publish","format-standard","hentry","category-g1","category-politica","category-redes-sociais","category-stf","tag-g1"],"author_meta":{"display_name":"Ag\u00eancia Brasil","author_link":"https:\/\/sindaopcpb.org.br\/author\/agencia-brasil\/"},"featured_img":null,"coauthors":[],"tax_additional":{"categories":{"linked":["<a href=\"https:\/\/sindaopcpb.org.br\/g1\/\" class=\"advgb-post-tax-term\">G1<\/a>","<a href=\"https:\/\/sindaopcpb.org.br\/politica\/\" class=\"advgb-post-tax-term\">POLITICA<\/a>","<a href=\"https:\/\/sindaopcpb.org.br\/redes-sociais\/\" class=\"advgb-post-tax-term\">Redes Sociais<\/a>","<a href=\"https:\/\/sindaopcpb.org.br\/stf\/\" class=\"advgb-post-tax-term\">STF<\/a>"],"unlinked":["<span class=\"advgb-post-tax-term\">G1<\/span>","<span class=\"advgb-post-tax-term\">POLITICA<\/span>","<span class=\"advgb-post-tax-term\">Redes Sociais<\/span>","<span class=\"advgb-post-tax-term\">STF<\/span>"]},"tags":{"linked":["<a href=\"https:\/\/sindaopcpb.org.br\/stf\/\" class=\"advgb-post-tax-term\">g1<\/a>"],"unlinked":["<span class=\"advgb-post-tax-term\">g1<\/span>"]}},"comment_count":"0","relative_dates":{"created":"Publicado 3 anos atr\u00e1s","modified":"Atualizado 3 anos atr\u00e1s"},"absolute_dates":{"created":"Publicado em 17 de maio de 2023","modified":"Atualizado em 17 de maio de 2023"},"absolute_dates_time":{"created":"Publicado em 17 de maio de 2023 09:39","modified":"Atualizado em 17 de maio de 2023 09:39"},"featured_img_caption":"","series_order":"","_links":{"self":[{"href":"https:\/\/sindaopcpb.org.br\/index.php\/wp-json\/wp\/v2\/posts\/16768","targetHints":{"allow":["GET"]}}],"collection":[{"href":"https:\/\/sindaopcpb.org.br\/index.php\/wp-json\/wp\/v2\/posts"}],"about":[{"href":"https:\/\/sindaopcpb.org.br\/index.php\/wp-json\/wp\/v2\/types\/post"}],"author":[{"embeddable":true,"href":"https:\/\/sindaopcpb.org.br\/index.php\/wp-json\/wp\/v2\/users\/44"}],"replies":[{"embeddable":true,"href":"https:\/\/sindaopcpb.org.br\/index.php\/wp-json\/wp\/v2\/comments?post=16768"}],"version-history":[{"count":1,"href":"https:\/\/sindaopcpb.org.br\/index.php\/wp-json\/wp\/v2\/posts\/16768\/revisions"}],"predecessor-version":[{"id":16769,"href":"https:\/\/sindaopcpb.org.br\/index.php\/wp-json\/wp\/v2\/posts\/16768\/revisions\/16769"}],"wp:attachment":[{"href":"https:\/\/sindaopcpb.org.br\/index.php\/wp-json\/wp\/v2\/media?parent=16768"}],"wp:term":[{"taxonomy":"category","embeddable":true,"href":"https:\/\/sindaopcpb.org.br\/index.php\/wp-json\/wp\/v2\/categories?post=16768"},{"taxonomy":"post_tag","embeddable":true,"href":"https:\/\/sindaopcpb.org.br\/index.php\/wp-json\/wp\/v2\/tags?post=16768"}],"curies":[{"name":"wp","href":"https:\/\/api.w.org\/{rel}","templated":true}]}}