{"id":16648,"date":"2023-05-16T15:33:31","date_gmt":"2023-05-16T18:33:31","guid":{"rendered":"https:\/\/www.infomoney.com.br\/?p=2135809"},"modified":"2023-05-16T15:33:31","modified_gmt":"2023-05-16T18:33:31","slug":"no-senado-jader-filho-diz-que-decretos-sobre-saneamento-beneficiam-mais-de-mil-cidades","status":"publish","type":"post","link":"https:\/\/sindaopcpb.org.br\/index.php\/2023\/05\/16\/no-senado-jader-filho-diz-que-decretos-sobre-saneamento-beneficiam-mais-de-mil-cidades\/","title":{"rendered":"No Senado, Jader Filho diz que decretos sobre saneamento beneficiam mais de mil cidades"},"content":{"rendered":"<p><img loading=\"lazy\" width=\"300\" height=\"179\" src=\"https:\/\/www.infomoney.com.br\/wp-content\/uploads\/2022\/04\/senado.jpg?fit=300%2C179&amp;quality=70&amp;strip=all\" class=\"attachment-medium size-medium wp-post-image\" alt=\"\" decoding=\"async\" style=\"float:right; margin:0 0 10px 10px;\" srcset=\"https:\/\/www.infomoney.com.br\/wp-content\/uploads\/2022\/04\/senado.jpg?w=1170&amp;quality=70&amp;strip=all 1170w, https:\/\/www.infomoney.com.br\/wp-content\/uploads\/2022\/04\/senado.jpg?w=300&amp;quality=70&amp;strip=all 300w, https:\/\/www.infomoney.com.br\/wp-content\/uploads\/2022\/04\/senado.jpg?w=768&amp;quality=70&amp;strip=all 768w, https:\/\/www.infomoney.com.br\/wp-content\/uploads\/2022\/04\/senado.jpg?w=150&amp;quality=70&amp;strip=all 150w\" sizes=\"auto, (max-width: 300px) 100vw, 300px\" data-attachment-id=\"1832640\" data-permalink=\"https:\/\/www.infomoney.com.br\/politica\/senado-comeca-agenda-intensa-em-semana-de-esforco-concentrado\/attachment\/senado-11\/\" data-orig-file=\"https:\/\/www.infomoney.com.br\/wp-content\/uploads\/2022\/04\/senado.jpg?fit=1170%2C700&amp;quality=70&amp;strip=all\" data-orig-size=\"1170,700\" data-comments-opened=\"1\" data-image-meta=\"{&quot;aperture&quot;:&quot;4&quot;,&quot;credit&quot;:&quot;Edilson Rodrigues&quot;,&quot;camera&quot;:&quot;NIKON D5&quot;,&quot;caption&quot;:&quot;EDILSON RODRIGUES\\\/AGENCIA SENADO&quot;,&quot;created_timestamp&quot;:&quot;1648033277&quot;,&quot;copyright&quot;:&quot;Senado Federal do Brasil&quot;,&quot;focal_length&quot;:&quot;14&quot;,&quot;iso&quot;:&quot;1000&quot;,&quot;shutter_speed&quot;:&quot;0.01&quot;,&quot;title&quot;:&quot;&quot;,&quot;orientation&quot;:&quot;1&quot;}\" data-image-title=\"Plen\u00e1rio do Senado Federal\" data-image-description=\"\" data-image-caption=\"&lt;p&gt;EDILSON RODRIGUES\/AGENCIA SENADO&lt;\/p&gt;\n\" data-medium-file=\"https:\/\/www.infomoney.com.br\/wp-content\/uploads\/2022\/04\/senado.jpg?fit=300%2C179&amp;quality=70&amp;strip=all\" data-large-file=\"https:\/\/www.infomoney.com.br\/wp-content\/uploads\/2022\/04\/senado.jpg?fit=1170%2C700&amp;quality=70&amp;strip=all\" title=\"\"><\/p>\n<p>A quest\u00e3o do saneamento b\u00e1sico \u2014 que mobiliza o Congresso a partir do Projeto de Decreto Legislativo (PDL) 98\/2023, que susta dispositivos de decretos presidenciais editados em abril alterando a Lei 14.023, de 2020 \u2014 dominou boa parte da audi\u00eancia p\u00fablica conjunta das comiss\u00f5es de Desenvolvimento Regional e Turismo (CDR) e de Servi\u00e7os de Infraestrutura (CI), que ouviu o ministro das Cidades, Jader Filho, nesta ter\u00e7a-feira (16).<\/p>\n<p>O gestor do recriado Minist\u00e9rio das Cidades explicou que os\u00a0Decreto 11.466, de 2023\u00a0e\u00a0Decreto 11.467, de 2023\u00a0foram necess\u00e1rios para evitar que 1.113 munic\u00edpios concentrados na Regi\u00e3o Norte e Nordeste ficassem impossibilitados de acessar recursos federais \u2014 a partir de abril deste ano \u2014 o que atingiria 30 milh\u00f5es de pessoas &#8220;que deixariam de ter acesso aos servi\u00e7os de saneamento&#8221;.<\/p>\n<p>Al\u00e9m de destravar investimentos, os decretos, disse Jader Filho,\u00a0reconhecerem diferentes possibilidades de arranjos aceit\u00e1veis na presta\u00e7\u00e3o regionalizada e corrigir dispositivos que dificultam os investimentos privados, como uma limita\u00e7\u00e3o das parcerias p\u00fablico privadas (PPPs) em 25%.<\/p>\n<p>&#8220;Fizemos no sentido de fortalecer, de fazer com que aquilo que est\u00e1 dentro do Marco Legal do Saneamento pudesse se tornar realidade. (&#8230;) Precisamos unir esfor\u00e7os, unir os recursos [p\u00fablicos e privados] para alcan\u00e7ar a universaliza\u00e7\u00e3o do saneamento b\u00e1sico em 2033&#8221;, disse Jader. Ele destacou que o marco aprovado pelo Congresso &#8220;\u00e9 um avan\u00e7o para a nossa sociedade&#8221;.<\/p>\n<p>O PDL 98\/2023, que susta os referidos decretos presidenciais, foi rec\u00e9m-aprovado em forma de substitutivo na C\u00e2mara, e agora est\u00e1 em an\u00e1lise no Senado na CI que, em breve, far\u00e1 audi\u00eancia p\u00fablica para ouvir os ministros da Casa Civil, Rui Costa e, das Cidades sobre os decretos que alteram o Marco Legal do Saneamento B\u00e1sico.<\/p>\n<h2><strong>Marco do Saneamento<\/strong><\/h2>\n<p>Presidente da CDR, o senador Marcelo Castro (MDB-PI) enfatizou a aten\u00e7\u00e3o especial que deve ser dada \u00e0 quest\u00e3o do saneamento, principalmente porque o Minist\u00e9rio das Cidades absorveu a fun\u00e7\u00e3o da Funda\u00e7\u00e3o Nacional de Sa\u00fade (Funasa) e pela falta de saneamento ser &#8220;uma das maiores defici\u00eancias do Brasil&#8221;. A coloca\u00e7\u00e3o foi corroborada pelo presidente da CI, senador Conf\u00facio Moura (MDB-RO).<\/p>\n<p>&#8220;Aprovamos em 2020 o Marco do Saneamento B\u00e1sico e precisamos colocar em a\u00e7\u00e3o para que a gente diminua o d\u00e9ficit dessa \u00e1rea&#8221;, disse Castro, afirmando ainda que \u00e9 preciso tornar as cidades inclusivas e sustent\u00e1veis, assim como \u00e9 necess\u00e1rio trabalhar para diminuir o gap de desenvolvimento regional.<\/p>\n<p>A problem\u00e1tica da escassez de saneamento foi exemplificada pelo senador Jaime Bagattoli (PL-RO), ao afirmar que na capital de Rond\u00f4nia, Porto Velho, s\u00f3 25% de \u00e1gua \u00e9 tratada e o saneamento b\u00e1sico \u00e9 muito pouco.<\/p>\n<p>&#8220;Temos quase 30 milh\u00f5es de pessoas na Amaz\u00f4nia e precisamos de ser mais bem olhados pelo governo. Precisamos de \u00e1gua tratada e saneamento b\u00e1sico&#8221;, disse.<\/p>\n<p>Para o ex-ministro do Desenvolvimento Regional entre 2020 e 2022, o senador Rog\u00e9rio Marinho (PL-RN), &#8220;com todos os defeitos que a lei [14.023, de 2020] possa ter, decreto n\u00e3o \u00e9 o instrumento adequado&#8221;. Para o senador, o governo deveria utilizar-se de medida provis\u00f3ria ou projeto de lei.<\/p>\n<p>Em resposta, o ministro afirmou que o governo n\u00e3o avan\u00e7ou naquilo que foi aprovado pelo Congresso Nacional.<\/p>\n<p>&#8220;Mas se n\u00f3s avan\u00e7amos, vamos discutir, vamos dialogar, entender o que precisamos fazer&#8221;, afirmou Jader Filho.<\/p>\n<p>L\u00edder do governo, o senador Jaques Wagner (PT-BA) tamb\u00e9m ratificou que n\u00e3o h\u00e1 ofensa \u00e0 lei e disse ser preciso aprofundar o debate sobre os decretos editados.<\/p>\n<p>&#8220;N\u00e3o se trata um tema como saneamento com dicotomia, certo ou errado. [&#8230;] Eu comungo da vis\u00e3o do ministro, que n\u00f3s n\u00e3o estamos ofendendo a lei. O que decreto faz \u00e9 estender por mais dois anos o que j\u00e1 foi estendido pelo governo anterior &#8220;, disse o senador Jaques Wagner.<\/p>\n<p>Da mesma forma, afirmou o l\u00edder, n\u00e3o h\u00e1 porque limitar a participa\u00e7\u00e3o das PPPs em 25%.<\/p>\n<p>&#8220;Estamos completamente abertos. Vamos ver o que \u00e9 melhor. Precisamos ter uma discuss\u00e3o franca&#8221;, pediu.<\/p>\n<h2><strong>Investimentos<\/strong><\/h2>\n<p>De acordo com o ministro das Cidades, a pasta deve trabalhar este ano R$ 14 bilh\u00f5es em investimento, o que deve gerar um potencial de mais de 300 mil empregos. Est\u00e3o sendo destinados R$ 9,8 bilh\u00f5es para habita\u00e7\u00e3o, R$ 2,7 bilh\u00f5es para mobilidade, R$ 1,59 bilh\u00e3o para saneamento, R$ 680 milh\u00f5es para urbaniza\u00e7\u00e3o e preven\u00e7\u00e3o de riscos e R$ 220 milh\u00f5es para desenvolvimento urbano.<\/p>\n<p>Um dos principais programas do minist\u00e9rio, o Minha Casa Minha Vida (MCMV) tem 186,7 mil unidades n\u00e3o conclu\u00eddas, sendo 82,7 mil paralisadas. Em 2023, j\u00e1 foram entregues 6,7 mil e 11,2 mil foram retomadas.<\/p>\n<p>Pelo Programa de Acelera\u00e7\u00e3o do Crescimento (PAC), que se divide em Mobilidade, Encostas, Saneamento e Urbaniza\u00e7\u00e3o, h\u00e1 705 contratos (R$ 28,4 bilh\u00f5es), dos quais 214 est\u00e3o paralisados.<\/p>\n<p>Da mesma forma, pelo Fundo de Garantia por Tempo de Servi\u00e7o (FGTS) \u2014 que atende o Pr\u00f3-cidades, Pr\u00f3-Moradia, Pr\u00f3-transporte e Saneamento para Todos \u2014 s\u00e3o 889 contratos (R$ 41,7 bilh\u00f5es), sendo 165 sem movimenta\u00e7\u00e3o.<\/p>\n<p>Ao senador Jorge Kajuru (PSB-GO), Jader Filho explicou que a orienta\u00e7\u00e3o \u00e9 retomar todas as obras paralisadas. O ministro tamb\u00e9m explicou que parcerias com prefeituras e governos do estado s\u00e3o propostas para novos projetos e para dar continuidade a obras n\u00e3o finalizadas.<\/p>\n<h2><strong>Minha Casa, Minha Vida<\/strong><\/h2>\n<p>A problem\u00e1tica habitacional tamb\u00e9m foi uma preocupa\u00e7\u00e3o dos senadores quanto \u00e0s necessidades b\u00e1sicas do cidad\u00e3o e do desenvolvimento dos munic\u00edpios.<\/p>\n<p>Rog\u00e9rio Marinho afirmou que milhares de unidades habitacionais foram ou est\u00e3o sendo constru\u00eddas em locais de dif\u00edcil acesso.<\/p>\n<p>&#8220;O a\u00e7odamento em se construir n\u00e3o levou a necessidade de termos saneamento b\u00e1sico, transporte, sa\u00fade&#8221;, colocou o senador.<\/p>\n<p>O ministro Jader Filho explicou que para o novo MCMV ser\u00e3o requisitos para a localiza\u00e7\u00e3o do terreno a exist\u00eancia de energia el\u00e9trica e ilumina\u00e7\u00e3o p\u00fablica, saneamento e coleta de lixo, vias de acesso e de circula\u00e7\u00e3o pavimentadas e cal\u00e7adas, al\u00e9m de serem consideradas a dist\u00e2ncia at\u00e9 o ponto de \u00f4nibus, escolas p\u00fablicas, equipamentos de sa\u00fade p\u00fablica e proximidade a com\u00e9rcio local.<\/p>\n<p>&#8220;Maior programa habitacional do pa\u00eds, o MCMV teve coisas positivas e coisas que precisam ser aperfei\u00e7oadas&#8221;, afirmou Jader Filho.<\/p>\n<p>Para o programa h\u00e1 altera\u00e7\u00f5es previstas, entre elas a \u00e1rea da habita\u00e7\u00e3o, que ter\u00e1 de ser de 40 m\u00b2 para casas e 41,50 m\u00b2 para apartamento ou casa sobreposta com \u00e1rea \u00fatil com varanda.<\/p>\n<p>O senador Eduardo Braga (MDB-AM) disse que para o MCMV tamb\u00e9m deveriam ser consideradas as tarifas p\u00fablicas.<\/p>\n<p>&#8220;Com rela\u00e7\u00e3o aos terrenos, temos de usar os benef\u00edcios fiscais para o empreendimento&#8221;, exp\u00f4s Eduardo Braga.<\/p>\n<p>Com rela\u00e7\u00e3o a domina\u00e7\u00e3o de algumas unidades habitacionais por mil\u00edcias, o gestor respondeu \u00e0 senadora Damares Alves (Republicanos-DF) que elas perceberam que a quest\u00e3o do pertencimento \u00e9 relevante.<\/p>\n<p>&#8220;A nossa ideia \u00e9 que at\u00e9 o in\u00edcio das obras e em at\u00e9 seis meses j\u00e1 se fa\u00e7a o acompanhamento das fam\u00edlias, al\u00e9m de fazer o sorteio [das fam\u00edlias] antecipadamente. Evitando que essas pessoas sejam presas f\u00e1ceis dessas mil\u00edcias&#8221;, exp\u00f4s o ministro.<\/p>\n<p>O senador Alan Rick (Uni\u00e3o-AC) lembrou que o Brasil tem um d\u00e9ficit habitacional de oito milh\u00f5es de unidades e questionou o financiamento do MCMV. Ele tamb\u00e9m perguntou ao ministro sobre o apoio do minist\u00e9rio \u00e0s prefeituras pera a execu\u00e7\u00e3o dos planos de mobilidade urbana.<\/p>\n<h2><strong>Calamidades<\/strong><\/h2>\n<p>A senadora Eliziane Gama (PSD-MA) afirmou que &#8220;o desenvolvimento do Brasil n\u00e3o vai acontecer sem ser voltado a popula\u00e7\u00e3o mais carente&#8221; e indagou sobre o plano de prioridades para as cidades em situa\u00e7\u00e3o de calamidade, como os 70 munic\u00edpios do Maranh\u00e3o que enfrentam muitas dificuldades ap\u00f3s as fortes enchentes das \u00faltimas semanas.<\/p>\n<p>O ministro informou que mais de R$ 7 milh\u00f5es foram liberados ao estado e concluiu que &#8220;\u00e9 preciso ter mais agilidade para n\u00e3o deixar que os problemas ocorram&#8221;.<\/p>\n<p>Em resposta \u00e0s perguntas enviadas por meio do portal e-Cidadania, Jader Filho disse que o minist\u00e9rio tamb\u00e9m est\u00e1 atento \u00e0 quest\u00e3o da seguran\u00e7a h\u00eddrica, assim como em rela\u00e7\u00e3o \u00e0 drenagem e abastecimento de \u00e1gua.<\/p>\n<p>The post <a rel=\"nofollow noopener\" href=\"https:\/\/www.infomoney.com.br\/politica\/no-senado-jader-filho-diz-que-decretos-sobre-saneamento-beneficiam-mais-de-mil-cidades\/\" target=\"_blank\">No Senado, Jader Filho diz que decretos sobre saneamento beneficiam mais de mil cidades<\/a> appeared first on <a rel=\"nofollow noopener\" href=\"https:\/\/www.infomoney.com.br\/\" target=\"_blank\">InfoMoney<\/a>.<\/p>\n","protected":false},"excerpt":{"rendered":"<p><img loading=\"lazy\" decoding=\"async\" width=\"300\" height=\"179\" src=\"https:\/\/www.infomoney.com.br\/wp-content\/uploads\/2022\/04\/senado.jpg?fit=300%2C179&amp;quality=70&amp;strip=all\" class=\"attachment-medium size-medium wp-post-image\" alt=\"\" data-attachment-id=\"1832640\" data-permalink=\"https:\/\/www.infomoney.com.br\/politica\/senado-comeca-agenda-intensa-em-semana-de-esforco-concentrado\/attachment\/senado-11\/\" data-orig-file=\"https:\/\/www.infomoney.com.br\/wp-content\/uploads\/2022\/04\/senado.jpg?fit=1170%2C700&amp;quality=70&amp;strip=all\" data-orig-size=\"1170,700\" data-comments-opened=\"1\" data-image-meta='{\"aperture\":\"4\",\"credit\":\"Edilson Rodrigues\",\"camera\":\"NIKON D5\",\"caption\":\"EDILSON RODRIGUES\\\/AGENCIA SENADO\",\"created_timestamp\":\"1648033277\",\"copyright\":\"Senado Federal do Brasil\",\"focal_length\":\"14\",\"iso\":\"1000\",\"shutter_speed\":\"0.01\",\"title\":\"\",\"orientation\":\"1\"}' data-image-title=\"Plen\u00e1rio do Senado Federal\" data-image-description=\"\" data-image-caption=\"&lt;p&gt;EDILSON RODRIGUES\/AGENCIA SENADO&lt;\/p&gt;\n\" data-medium-file=\"https:\/\/www.infomoney.com.br\/wp-content\/uploads\/2022\/04\/senado.jpg?fit=300%2C179&amp;quality=70&amp;strip=all\" data-large-file=\"https:\/\/www.infomoney.com.br\/wp-content\/uploads\/2022\/04\/senado.jpg?fit=1170%2C700&amp;quality=70&amp;strip=all\">Audi\u00eancia p\u00fablica conjunta das comiss\u00f5es de Desenvolvimento Regional e Turismo (CDR) e de Servi\u00e7os de Infraestrutura (CI) ouviu o ministro das Cidades <\/p>\n<p>The post <a rel=\"nofollow\" href=\"https:\/\/www.infomoney.com.br\/politica\/no-senado-jader-filho-diz-que-decretos-sobre-saneamento-beneficiam-mais-de-mil-cidades\/\">No Senado, Jader Filho diz que decretos sobre saneamento beneficiam mais de mil cidades<\/a> appeared first on <a rel=\"nofollow\" href=\"https:\/\/www.infomoney.com.br\/\">InfoMoney<\/a>.<\/p>\n","protected":false},"author":47,"featured_media":0,"comment_status":"closed","ping_status":"closed","sticky":false,"template":"","format":"standard","meta":{"advgb_blocks_editor_width":"","advgb_blocks_columns_visual_guide":"","footnotes":""},"categories":[34,1748,1135,47,403],"tags":[35],"class_list":["post-16648","post","type-post","status-publish","format-standard","hentry","category-g1","category-jader-filho","category-ministerio-das-cidades","category-politica","category-senado","tag-g1"],"author_meta":{"display_name":"luispereira","author_link":"https:\/\/sindaopcpb.org.br\/author\/luispereira\/"},"featured_img":null,"coauthors":[],"tax_additional":{"categories":{"linked":["<a href=\"https:\/\/sindaopcpb.org.br\/g1\/\" class=\"advgb-post-tax-term\">G1<\/a>","<a href=\"https:\/\/sindaopcpb.org.br\/jader-filho\/\" class=\"advgb-post-tax-term\">Jader Filho<\/a>","<a href=\"https:\/\/sindaopcpb.org.br\/ministerio-das-cidades\/\" class=\"advgb-post-tax-term\">Minist\u00e9rio das Cidades<\/a>","<a href=\"https:\/\/sindaopcpb.org.br\/politica\/\" class=\"advgb-post-tax-term\">POLITICA<\/a>","<a href=\"https:\/\/sindaopcpb.org.br\/senado\/\" class=\"advgb-post-tax-term\">Senado<\/a>"],"unlinked":["<span class=\"advgb-post-tax-term\">G1<\/span>","<span class=\"advgb-post-tax-term\">Jader Filho<\/span>","<span class=\"advgb-post-tax-term\">Minist\u00e9rio das Cidades<\/span>","<span class=\"advgb-post-tax-term\">POLITICA<\/span>","<span class=\"advgb-post-tax-term\">Senado<\/span>"]},"tags":{"linked":["<a href=\"https:\/\/sindaopcpb.org.br\/senado\/\" class=\"advgb-post-tax-term\">g1<\/a>"],"unlinked":["<span class=\"advgb-post-tax-term\">g1<\/span>"]}},"comment_count":"0","relative_dates":{"created":"Publicado 3 anos atr\u00e1s","modified":"Atualizado 3 anos atr\u00e1s"},"absolute_dates":{"created":"Publicado em 16 de maio de 2023","modified":"Atualizado em 16 de maio de 2023"},"absolute_dates_time":{"created":"Publicado em 16 de maio de 2023 15:33","modified":"Atualizado em 16 de maio de 2023 15:33"},"featured_img_caption":"","series_order":"","_links":{"self":[{"href":"https:\/\/sindaopcpb.org.br\/index.php\/wp-json\/wp\/v2\/posts\/16648","targetHints":{"allow":["GET"]}}],"collection":[{"href":"https:\/\/sindaopcpb.org.br\/index.php\/wp-json\/wp\/v2\/posts"}],"about":[{"href":"https:\/\/sindaopcpb.org.br\/index.php\/wp-json\/wp\/v2\/types\/post"}],"author":[{"embeddable":true,"href":"https:\/\/sindaopcpb.org.br\/index.php\/wp-json\/wp\/v2\/users\/47"}],"replies":[{"embeddable":true,"href":"https:\/\/sindaopcpb.org.br\/index.php\/wp-json\/wp\/v2\/comments?post=16648"}],"version-history":[{"count":1,"href":"https:\/\/sindaopcpb.org.br\/index.php\/wp-json\/wp\/v2\/posts\/16648\/revisions"}],"predecessor-version":[{"id":16649,"href":"https:\/\/sindaopcpb.org.br\/index.php\/wp-json\/wp\/v2\/posts\/16648\/revisions\/16649"}],"wp:attachment":[{"href":"https:\/\/sindaopcpb.org.br\/index.php\/wp-json\/wp\/v2\/media?parent=16648"}],"wp:term":[{"taxonomy":"category","embeddable":true,"href":"https:\/\/sindaopcpb.org.br\/index.php\/wp-json\/wp\/v2\/categories?post=16648"},{"taxonomy":"post_tag","embeddable":true,"href":"https:\/\/sindaopcpb.org.br\/index.php\/wp-json\/wp\/v2\/tags?post=16648"}],"curies":[{"name":"wp","href":"https:\/\/api.w.org\/{rel}","templated":true}]}}