{"id":16584,"date":"2023-05-16T11:47:55","date_gmt":"2023-05-16T14:47:55","guid":{"rendered":"https:\/\/g1.globo.com\/pb\/paraiba\/noticia\/2023\/05\/16\/mais-de-400-kg-de-queijo-transportados-de-forma-irregular-sao-apreendidos-pela-prf.ghtml"},"modified":"2023-05-16T11:47:55","modified_gmt":"2023-05-16T14:47:55","slug":"mais-de-400-kg-de-queijo-transportados-de-forma-irregular-sao-apreendidos-pela-prf","status":"publish","type":"post","link":"https:\/\/sindaopcpb.org.br\/index.php\/2023\/05\/16\/mais-de-400-kg-de-queijo-transportados-de-forma-irregular-sao-apreendidos-pela-prf\/","title":{"rendered":"Mais de 400 kg de queijo transportados de forma irregular s\u00e3o apreendidos pela PRF"},"content":{"rendered":"   <img src=\"https:\/\/s2.glbimg.com\/LuUl43kv6qP9jwNVcxnpPqNgk5I=\/i.s3.glbimg.com\/v1\/AUTH_59edd422c0c84a879bd37670ae4f538a\/internal_photos\/bs\/2023\/Y\/m\/57ghMcTXSouUgcRenYrw\/queijoprf.jpg\" \/><br \/>     Apreens\u00e3o aconteceu na cidade de  Pocinhos. Mais de 8 toneladas do alimento j\u00e1 foram apreendidas pela PRF em 2023.  Queijo apreendido pela PRF em Pocinhos\nDivulga\u00e7\u00e3o\/PRF \nUma carga de\u00a0406.6 kg de queijo coalho e mussarela sem nota fiscal foi apreendida pela Pol\u00edcia Rodovi\u00e1ria Federal (PRF) no munic\u00edpio de Pocinhos, na Para\u00edba. O alimento tamb\u00e9m estava sendo transportado sem as condi\u00e7\u00f5es recomendadas, o que pode apresentar risco \u00e0 sa\u00fade humana. A apreens\u00e3o aconteceu na noite de segunda-feira (15). De acordo com a PRF, mais de oito toneladas de queijo sem comprova\u00e7\u00e3o fiscal j\u00e1 foram apreendidas pela corpora\u00e7\u00e3o em 2023.\nA Pol\u00edcia Rodovi\u00e1ria Federal estava fiscalizando a BR-230 , km 183, no munic\u00edpio de Pocinhos, quando deu a ordem de parada para uma caminhonete. No decorrer da abordagem, foram localizadas caixas de papel\u00e3o com queijos na carroceria do ve\u00edculo.\nOs queijos estavam sendo transportados sem refrigera\u00e7\u00e3o. A condutora do autom\u00f3vel, de 39 anos, explicou que os produtos eram seus e que estaria levando para economizar aluguel de um caminh\u00e3o frigor\u00edfico.\nA PRF a questionou sobre os documentos necess\u00e1rios para fazer o transporte da carga e a condutora relatou que n\u00e3o tinha nota fiscal. Com isso, a carga foi apreendida e encaminhada ao Fisco Estadual da Para\u00edba que ficar\u00e1 respons\u00e1vel por fazer a arrecada\u00e7\u00e3o fiscal e os tr\u00e2mites cab\u00edveis.\nV\u00eddeos mais assistidos da Para\u00edba  ","protected":false},"excerpt":{"rendered":"<p>        Apreens\u00e3o aconteceu na cidade de  Pocinhos. Mais de 8 toneladas do alimento j\u00e1 foram apreendidas pela PRF em 2023.  Queijo apreendido pela PRF em Pocinhos<br \/>\nDivulga\u00e7\u00e3o\/PRF<br \/>\nUma carga de\u00a0406.6 kg de queijo coalho e mussarela sem nota fiscal foi ap&#8230;<\/p>\n","protected":false},"author":2,"featured_media":0,"comment_status":"closed","ping_status":"closed","sticky":false,"template":"","format":"standard","meta":{"advgb_blocks_editor_width":"","advgb_blocks_columns_visual_guide":"","footnotes":""},"categories":[34],"tags":[35],"class_list":["post-16584","post","type-post","status-publish","format-standard","hentry","category-g1","tag-g1"],"author_meta":{"display_name":"g1 &gt; Para\u00edba","author_link":"https:\/\/sindaopcpb.org.br\/author\/g1-paraiba\/"},"featured_img":null,"coauthors":[],"tax_additional":{"categories":{"linked":["<a href=\"https:\/\/sindaopcpb.org.br\/g1\/\" class=\"advgb-post-tax-term\">G1<\/a>"],"unlinked":["<span class=\"advgb-post-tax-term\">G1<\/span>"]},"tags":{"linked":["<a href=\"https:\/\/sindaopcpb.org.br\/g1\/\" class=\"advgb-post-tax-term\">g1<\/a>"],"unlinked":["<span class=\"advgb-post-tax-term\">g1<\/span>"]}},"comment_count":"0","relative_dates":{"created":"Publicado 3 anos atr\u00e1s","modified":"Atualizado 3 anos atr\u00e1s"},"absolute_dates":{"created":"Publicado em 16 de maio de 2023","modified":"Atualizado em 16 de maio de 2023"},"absolute_dates_time":{"created":"Publicado em 16 de maio de 2023 11:47","modified":"Atualizado em 16 de maio de 2023 11:47"},"featured_img_caption":"","series_order":"","_links":{"self":[{"href":"https:\/\/sindaopcpb.org.br\/index.php\/wp-json\/wp\/v2\/posts\/16584","targetHints":{"allow":["GET"]}}],"collection":[{"href":"https:\/\/sindaopcpb.org.br\/index.php\/wp-json\/wp\/v2\/posts"}],"about":[{"href":"https:\/\/sindaopcpb.org.br\/index.php\/wp-json\/wp\/v2\/types\/post"}],"author":[{"embeddable":true,"href":"https:\/\/sindaopcpb.org.br\/index.php\/wp-json\/wp\/v2\/users\/2"}],"replies":[{"embeddable":true,"href":"https:\/\/sindaopcpb.org.br\/index.php\/wp-json\/wp\/v2\/comments?post=16584"}],"version-history":[{"count":2,"href":"https:\/\/sindaopcpb.org.br\/index.php\/wp-json\/wp\/v2\/posts\/16584\/revisions"}],"predecessor-version":[{"id":16624,"href":"https:\/\/sindaopcpb.org.br\/index.php\/wp-json\/wp\/v2\/posts\/16584\/revisions\/16624"}],"wp:attachment":[{"href":"https:\/\/sindaopcpb.org.br\/index.php\/wp-json\/wp\/v2\/media?parent=16584"}],"wp:term":[{"taxonomy":"category","embeddable":true,"href":"https:\/\/sindaopcpb.org.br\/index.php\/wp-json\/wp\/v2\/categories?post=16584"},{"taxonomy":"post_tag","embeddable":true,"href":"https:\/\/sindaopcpb.org.br\/index.php\/wp-json\/wp\/v2\/tags?post=16584"}],"curies":[{"name":"wp","href":"https:\/\/api.w.org\/{rel}","templated":true}]}}