{"id":16500,"date":"2023-05-15T17:28:28","date_gmt":"2023-05-15T20:28:28","guid":{"rendered":"https:\/\/g1.globo.com\/pb\/paraiba\/noticia\/2023\/05\/15\/saiba-onde-se-vacinar-contra-influenza-e-covid-19-em-joao-pessoa-nesta-terca-feira-16.ghtml"},"modified":"2023-05-15T17:28:28","modified_gmt":"2023-05-15T20:28:28","slug":"saiba-onde-se-vacinar-contra-influenza-e-covid-19-em-joao-pessoa-nesta-terca-feira-16","status":"publish","type":"post","link":"https:\/\/sindaopcpb.org.br\/index.php\/2023\/05\/15\/saiba-onde-se-vacinar-contra-influenza-e-covid-19-em-joao-pessoa-nesta-terca-feira-16\/","title":{"rendered":"Saiba onde se vacinar contra Influenza e Covid-19 em Jo\u00e3o Pessoa nesta ter\u00e7a-feira (16)"},"content":{"rendered":"   <img src=\"https:\/\/s2.glbimg.com\/SBrMLhWlzZrLqxp_qdHZMPP-GQM=\/i.s3.glbimg.com\/v1\/AUTH_59edd422c0c84a879bd37670ae4f538a\/internal_photos\/bs\/2021\/R\/o\/oIafXOQvKmeesM7XBe4Q\/vacina-gripe-cta-daniel-castellano.jpg\" \/><br \/>     Os imunizantes s\u00e3o ofertados para todos os p\u00fablicos a partir de seis meses de idade, com exce\u00e7\u00e3o da Pfizer Bivalente, que est\u00e1 dispon\u00edvel para quem tem acima dos 18 anos de idade. Vacina contra influenza passa a ser oferecida para todas as idades \nDaniel Castellano\/SMCS\nNesta ter\u00e7a-feira (16), a cidade de Jo\u00e3o Pessoa segue vacinando contra a influenza e Covid-19. Desde esta segunda-feira (15), o imunizante contra o v\u00edrus causador da gripe passou a ser ofertado para todos os p\u00fablicos a partir de seis meses de idade. \nA Campanha de vacina\u00e7\u00e3o contra Influenza acontece nas unidades de Sa\u00fade da Fam\u00edlia, policl\u00ednicas municipais, Centro de Imuniza\u00e7\u00e3o e, at\u00e9 as 22h, no ponto fixo instalado no Mangabeira Shopping. A vacina\u00e7\u00e3o tem como objetivo reduzir as complica\u00e7\u00f5es, as interna\u00e7\u00f5es e a mortalidades decorrentes das infec\u00e7\u00f5es pelo v\u00edrus da Influenza (veja todos os locais no final desta not\u00edcia). \nPara receber o imunizante \u00e9 necess\u00e1rio apresentar um documento oficial com foto ou o Cart\u00e3o do SUS e o cart\u00e3o de vacina. \nVacina\u00e7\u00e3o contra Covid-19\nEst\u00e3o sendo ofertadas as vacinas contra a Covid-19 para o p\u00fablico a partir dos seis meses de idade. O imunizante da Pfizer Bivalente foi ampliado e \u00e9 ofertado para toda popula\u00e7\u00e3o acima dos 18 anos de idade al\u00e9m de pessoas imunocomprometidas, com defici\u00eancia e comorbidades acima de 12 anos de idade.\nPara tomar o imunizante da Pfizer bivalente, \u00e9 necess\u00e1rio que o usu\u00e1rio tenha recebido ao menos duas doses de vacinas monovalentes como esquema prim\u00e1rio. O intervalo para doses de refor\u00e7o com vacinas bivalentes: a partir de 4 meses da \u00faltima dose de refor\u00e7o monovalente ou \u00faltima dose do esquema prim\u00e1rio.\nDa vacina contra a Covid-19, desde o in\u00edcio da campanha, j\u00e1 foram aplicadas aproximadamente 2,4 milh\u00f5es de doses, referente a 1\u00aa, 2\u00aa, 3\u00aa e 4\u00aa dos imunizantes (Astrazeneca, Coronavac, Jansen e Pfizer), al\u00e9m das vacinas para crian\u00e7as a partir de seis meses de idade. Ainda, de acordo com o Painel da Vacina\u00e7\u00e3o contra Covid-19, em Jo\u00e3o Pessoa, 94,86% da popula\u00e7\u00e3o geral est\u00e1 totalmente vacinada com esquema b\u00e1sico contra Covid-19.\nVeja locais de vacina\u00e7\u00e3o contra influenza e Covid-19, nesta ter\u00e7a-feira (16), em Jo\u00e3o Pessoa\nVacina\u00e7\u00e3o contra Influenza:\n (Para toda a popula\u00e7\u00e3o a partir dos seis meses de idade)\n\u2013 Salas de vacinas nas USFs*\u2013 7h \u00e0s 11h e das 12h \u00e0s 16h\n\u2013 Policl\u00ednicas Municipais \u2013 8h \u00e0s 16h\n   (Policl\u00ednica de Mangabeira funciona das 7h \u00e0s 11 e das 13h \u00e0s 16h)\n\u2013 Centro Municipal de Imuniza\u00e7\u00e3o \u2013 8h \u00e0s 16h\n\u2013 Mangabeira Shopping \u2013 13h \u00e0s 22h \nCrian\u00e7as e adultos \u2013 Acesso para pedestres\nApenas adultos \u2013 acesso drive-thru\n*Exce\u00e7\u00e3o das USFs: Alto do C\u00e9u II, Roger III, Cruz das Armas IV e Jardim Planalto.\nVacina\u00e7\u00e3o contra Covid-19:\nCrian\u00e7as a partir dos seis meses a 2 anos (sem agendamento)\n1\u00aa dose: Pfizer-BioNTech baby\n2\u00aa dose: Pfizer-BioNTech baby (28 dias)\n3\u00aa dose: Pfizer-BioNTech baby (60 dias)\n\u2013 Salas de vacinas nas USFs*\u2013 7h \u00e0s 11h e das 12h \u00e0s 16h\n\u2013 Policl\u00ednicas Municipais \u2013 8h \u00e0s 16h\n   (Policl\u00ednica de Mangabeira funciona das 7h \u00e0s 11 e das 13h \u00e0s 16h)\n\u2013 Centro Municipal de Imuniza\u00e7\u00e3o \u2013 8h \u00e0s 16h\n\u2013 Mangabeira Shopping \u2013 13h \u00e0s 22h \u2013 (apenas acesso pedestre)\nCrian\u00e7as de 3 e 4 anos (sem agendamento)\n1\u00aa dose: Pfizer-BioNTech baby\n2\u00aa dose: Pfizer-BioNTech baby (28 dias)\n3\u00aa dose: Pfizer-BioNTech baby (60 dias)\n\u2013 Salas de vacinas nas USFs*\u2013 7h \u00e0s 11h e das 12h \u00e0s 16h\n\u2013 Policl\u00ednicas Municipais \u2013 8h \u00e0s 16h\n   (Policl\u00ednica de Mangabeira funciona das 7h \u00e0s 11 e das 13h \u00e0s 16h)\n\u2013 Centro Municipal de Imuniza\u00e7\u00e3o \u2013 8h \u00e0s 16h\n\u2013 Mangabeira Shopping \u2013 13h \u00e0s 22h \u2013 (apenas acesso pedestre)\nCrian\u00e7as a partir dos 5 a 11 anos (sem agendamento)\n1\u00aa dose: Pfizer pedi\u00e1trica\n2\u00aa dose: Pfizer pedi\u00e1trica (56 dias)\n3\u00aa dose: Pfizer pedi\u00e1trica (120 dias)\n\u2013 Salas de vacinas nas USFs*\u2013 7h \u00e0s 11h e das 12h \u00e0s 16h\n\u2013 Policl\u00ednicas Municipais \u2013 8h \u00e0s 16h\n\u2013 Centro Municipal de Imuniza\u00e7\u00e3o \u2013 8h \u00e0s 16h\n\u2013 Mangabeira Shopping \u2013 13h \u00e0s 22h \u2013 (apenas acesso pedestre)\nA partir de 12 anos (sem agendamento)\n1\u00aa dose: 12+\n2\u00aa dose: Janssen, Astrazeneca (60 dias) e Pfizer (60 dias)\n3\u00aa dose: 12+ (ap\u00f3s 120 dias da 2\u00aa dose); imunossuprimidos (ap\u00f3s 28 dias da 2\u00aa dose); e trabalhadores de sa\u00fade (ap\u00f3s 120 dias da 2\u00aa dose)\n4\u00aa dose: 30+ (ap\u00f3s 120 dias da 3\u00aa dose); trabalhadores de sa\u00fade (ap\u00f3s 120 dias da 2\u00aa dose); imunossuprimidos (ap\u00f3s 120 dias da 3\u00aa dose)\n\u2013 Salas de vacinas nas USFs*\u2013 7h \u00e0s 11h e de 12h \u00e0s 16h\n\u2013 Centro Municipal de Imuniza\u00e7\u00e3o \u2013 8h \u00e0s 16h\n\u2013 Mangabeira Shopping (pedestres e drive-thru) \u2013 13h \u00e0s 22h\nCom a Pfizer Bivalente \u2013 Acima de 18 anos, Pessoas com comorbidade, imunocomprometidas e com defici\u00eancia acima de 12 anos - (sem agendamento)\n1\u00aa dose: Dose \u00fanica de refor\u00e7o\n\u2013 Mangabeira Shopping \u2013 13h \u00e0s 22h (drive e pedestre)\n\u2013 Policl\u00ednicas Municipais \u2013 8h \u00e0s 16h\n   (Policl\u00ednica de Mangabeira funciona das 7h \u00e0s 11 e das 13h \u00e0s 16h)\n\u2013 Centro Municipal de Imuniza\u00e7\u00e3o \u2013 8h \u00e0s 16h\n\u2013 Unidades de Sa\u00fade da Fam\u00edlia \u2013 7h \u00e0s 11h e das 12h \u00e0s 16h\nDistrito Sanit\u00e1rio I:\n1. USF Integrada Cruz das Armas I\n2. USF Integrada Jardim Sa\u00fade\n3. USF Integrada Nova Conquista\n4. USF Integrada Sa\u00fade e Vida\n5. USF Integrada Verde e Vida\n6. USF Integrado Sa\u00fade para todos\nDistrito Sanit\u00e1rio II:\n1. USF Grot\u00e3o\n2. USF Colinas do Sul\n3. USF Integrando Vidas\n4. USF Integrada Geisel\n5. USF Unindo Vidas\n6. USF Qualidade de Vida\nDistrito Sanit\u00e1rio III:\n1. USF Integrada Jos\u00e9 Am\u00e9rico\n2. USF Integrada Cidade Verde\n3. USF Integrada Mangabeira\n4. USF Integrada Nova Esperan\u00e7a\n5. USF Integrada Ipiranga\n6. USF Integrada Rosa de F\u00e1tima\nDistrito Sanit\u00e1rio IV:\n1. USF Alto do C\u00e9u Integrado\n2. USF Viver Bem\n3. USF Ilha do Bispo\n4. USF Matinha I\n5. USF Roger Integrado\n6. USF Varadouro\nDistrito Sanit\u00e1rio V:\n1. Bessa\n2. S\u00e3o Jos\u00e9\n3. Santa Clara\n4. Altiplano\n5. Banc\u00e1rios\n6. Cidade Recreio\nVacina\u00e7\u00e3o Domiciliar\n\u2013 Pessoas acamadas e restritas ao leito que fazem parte do grupo priorit\u00e1rio\nAgendamento: (83) 98645-7727\nHor\u00e1rio: 8h \u00e0s 16h (de segunda a sexta-feira)\n*Exce\u00e7\u00e3o das USFs: Alto do C\u00e9u II, Roger III, Cruz das Armas IV e Jardim Planalto.\nV\u00eddeos mais assistidos do g1 Para\u00edba  ","protected":false},"excerpt":{"rendered":"<p>        Os imunizantes s\u00e3o ofertados para todos os p\u00fablicos a partir de seis meses de idade, com exce\u00e7\u00e3o da Pfizer Bivalente, que est\u00e1 dispon\u00edvel para quem tem acima dos 18 anos de idade. Vacina contra influenza passa a ser oferecida para todas as idad&#8230;<\/p>\n","protected":false},"author":2,"featured_media":0,"comment_status":"closed","ping_status":"closed","sticky":false,"template":"","format":"standard","meta":{"advgb_blocks_editor_width":"","advgb_blocks_columns_visual_guide":"","footnotes":""},"categories":[34],"tags":[35],"class_list":["post-16500","post","type-post","status-publish","format-standard","hentry","category-g1","tag-g1"],"author_meta":{"display_name":"g1 &gt; Para\u00edba","author_link":"https:\/\/sindaopcpb.org.br\/author\/g1-paraiba\/"},"featured_img":null,"coauthors":[],"tax_additional":{"categories":{"linked":["<a href=\"https:\/\/sindaopcpb.org.br\/g1\/\" class=\"advgb-post-tax-term\">G1<\/a>"],"unlinked":["<span class=\"advgb-post-tax-term\">G1<\/span>"]},"tags":{"linked":["<a href=\"https:\/\/sindaopcpb.org.br\/g1\/\" class=\"advgb-post-tax-term\">g1<\/a>"],"unlinked":["<span class=\"advgb-post-tax-term\">g1<\/span>"]}},"comment_count":"0","relative_dates":{"created":"Publicado 3 anos atr\u00e1s","modified":"Atualizado 3 anos atr\u00e1s"},"absolute_dates":{"created":"Publicado em 15 de maio de 2023","modified":"Atualizado em 15 de maio de 2023"},"absolute_dates_time":{"created":"Publicado em 15 de maio de 2023 17:28","modified":"Atualizado em 15 de maio de 2023 17:28"},"featured_img_caption":"","series_order":"","_links":{"self":[{"href":"https:\/\/sindaopcpb.org.br\/index.php\/wp-json\/wp\/v2\/posts\/16500","targetHints":{"allow":["GET"]}}],"collection":[{"href":"https:\/\/sindaopcpb.org.br\/index.php\/wp-json\/wp\/v2\/posts"}],"about":[{"href":"https:\/\/sindaopcpb.org.br\/index.php\/wp-json\/wp\/v2\/types\/post"}],"author":[{"embeddable":true,"href":"https:\/\/sindaopcpb.org.br\/index.php\/wp-json\/wp\/v2\/users\/2"}],"replies":[{"embeddable":true,"href":"https:\/\/sindaopcpb.org.br\/index.php\/wp-json\/wp\/v2\/comments?post=16500"}],"version-history":[{"count":1,"href":"https:\/\/sindaopcpb.org.br\/index.php\/wp-json\/wp\/v2\/posts\/16500\/revisions"}],"predecessor-version":[{"id":16501,"href":"https:\/\/sindaopcpb.org.br\/index.php\/wp-json\/wp\/v2\/posts\/16500\/revisions\/16501"}],"wp:attachment":[{"href":"https:\/\/sindaopcpb.org.br\/index.php\/wp-json\/wp\/v2\/media?parent=16500"}],"wp:term":[{"taxonomy":"category","embeddable":true,"href":"https:\/\/sindaopcpb.org.br\/index.php\/wp-json\/wp\/v2\/categories?post=16500"},{"taxonomy":"post_tag","embeddable":true,"href":"https:\/\/sindaopcpb.org.br\/index.php\/wp-json\/wp\/v2\/tags?post=16500"}],"curies":[{"name":"wp","href":"https:\/\/api.w.org\/{rel}","templated":true}]}}