{"id":16490,"date":"2023-05-15T17:50:00","date_gmt":"2023-05-15T20:50:00","guid":{"rendered":"https:\/\/www.infomoney.com.br\/?p=2134303"},"modified":"2023-05-15T17:50:00","modified_gmt":"2023-05-15T20:50:00","slug":"tarcisio-reforca-ser-a-favor-da-reforma-tributaria-mas-cita-pontos-de-atencao","status":"publish","type":"post","link":"https:\/\/sindaopcpb.org.br\/index.php\/2023\/05\/15\/tarcisio-reforca-ser-a-favor-da-reforma-tributaria-mas-cita-pontos-de-atencao\/","title":{"rendered":"Tarc\u00edsio refor\u00e7a ser a favor da reforma tribut\u00e1ria mas cita pontos de aten\u00e7\u00e3o"},"content":{"rendered":"<p><img loading=\"lazy\" width=\"300\" height=\"197\" src=\"https:\/\/www.infomoney.com.br\/wp-content\/uploads\/2019\/06\/tarcisio-gomes-de-freitas-.jpg?fit=300%2C197&amp;quality=70&amp;strip=all\" class=\"attachment-medium size-medium wp-post-image\" alt=\"\" decoding=\"async\" style=\"float:right; margin:0 0 10px 10px;\" srcset=\"https:\/\/www.infomoney.com.br\/wp-content\/uploads\/2019\/06\/tarcisio-gomes-de-freitas-.jpg?w=900&amp;quality=70&amp;strip=all 900w, https:\/\/www.infomoney.com.br\/wp-content\/uploads\/2019\/06\/tarcisio-gomes-de-freitas-.jpg?w=300&amp;quality=70&amp;strip=all 300w, https:\/\/www.infomoney.com.br\/wp-content\/uploads\/2019\/06\/tarcisio-gomes-de-freitas-.jpg?w=768&amp;quality=70&amp;strip=all 768w, https:\/\/www.infomoney.com.br\/wp-content\/uploads\/2019\/06\/tarcisio-gomes-de-freitas-.jpg?w=150&amp;quality=70&amp;strip=all 150w\" sizes=\"auto, (max-width: 300px) 100vw, 300px\" data-attachment-id=\"54745\" data-permalink=\"https:\/\/www.infomoney.com.br\/?attachment_id=54745\" data-orig-file=\"https:\/\/www.infomoney.com.br\/wp-content\/uploads\/2019\/06\/tarcisio-gomes-de-freitas-.jpg?fit=900%2C590&amp;quality=70&amp;strip=all\" data-orig-size=\"900,590\" data-comments-opened=\"1\" data-image-meta=\"{&quot;aperture&quot;:&quot;0&quot;,&quot;credit&quot;:&quot;&quot;,&quot;camera&quot;:&quot;&quot;,&quot;caption&quot;:&quot;&quot;,&quot;created_timestamp&quot;:&quot;0&quot;,&quot;copyright&quot;:&quot;&quot;,&quot;focal_length&quot;:&quot;0&quot;,&quot;iso&quot;:&quot;0&quot;,&quot;shutter_speed&quot;:&quot;0&quot;,&quot;title&quot;:&quot;&quot;,&quot;orientation&quot;:&quot;0&quot;}\" data-image-title=\"tarcisio-gomes-de-freitas-\" data-image-description=\"\" data-image-caption=\"\" data-medium-file=\"https:\/\/www.infomoney.com.br\/wp-content\/uploads\/2019\/06\/tarcisio-gomes-de-freitas-.jpg?fit=300%2C197&amp;quality=70&amp;strip=all\" data-large-file=\"https:\/\/www.infomoney.com.br\/wp-content\/uploads\/2019\/06\/tarcisio-gomes-de-freitas-.jpg?fit=900%2C590&amp;quality=70&amp;strip=all\" title=\"\"><\/p>\n<p>O governador de S\u00e3o Paulo, Tarc\u00edsio de Freitas (Republicanos-SP), refor\u00e7ou nesta segunda-feira (15), ser a favor da reforma tribut\u00e1ria, mas disse haver pontos de aten\u00e7\u00e3o. &#8220;N\u00e3o pode ficar tudo para lei complementar&#8221;, disse.<\/p>\n<p>Segundo ele, algumas quest\u00f5es precisam ser melhor trabalhadas no texto e se deve buscar mais neutralidade, no sentido de equalizar setores sobretaxados com os que seriam subtaxados.<\/p>\n<p>Ele aproveitou para dizer que, sob sua gest\u00e3o, o Procon ter\u00e1 outro tipo de atua\u00e7\u00e3o, menos midi\u00e1tica, para deixar de prejudicar o setor supermercadista.<\/p>\n<p>The post <a rel=\"nofollow noopener\" href=\"https:\/\/www.infomoney.com.br\/politica\/tarcisio-reforca-ser-a-favor-da-reforma-tributaria-mas-cita-pontos-de-atencao\/\" target=\"_blank\">Tarc\u00edsio refor\u00e7a ser a favor da reforma tribut\u00e1ria mas cita pontos de aten\u00e7\u00e3o<\/a> appeared first on <a rel=\"nofollow noopener\" href=\"https:\/\/www.infomoney.com.br\/\" target=\"_blank\">InfoMoney<\/a>.<\/p>\n","protected":false},"excerpt":{"rendered":"<p><img loading=\"lazy\" decoding=\"async\" width=\"300\" height=\"197\" src=\"https:\/\/www.infomoney.com.br\/wp-content\/uploads\/2019\/06\/tarcisio-gomes-de-freitas-.jpg?fit=300%2C197&amp;quality=70&amp;strip=all\" class=\"attachment-medium size-medium wp-post-image\" alt=\"\" data-attachment-id=\"54745\" data-permalink=\"https:\/\/www.infomoney.com.br\/?attachment_id=54745\" data-orig-file=\"https:\/\/www.infomoney.com.br\/wp-content\/uploads\/2019\/06\/tarcisio-gomes-de-freitas-.jpg?fit=900%2C590&amp;quality=70&amp;strip=all\" data-orig-size=\"900,590\" data-comments-opened=\"1\" data-image-meta='{\"aperture\":\"0\",\"credit\":\"\",\"camera\":\"\",\"caption\":\"\",\"created_timestamp\":\"0\",\"copyright\":\"\",\"focal_length\":\"0\",\"iso\":\"0\",\"shutter_speed\":\"0\",\"title\":\"\",\"orientation\":\"0\"}' data-image-title=\"tarcisio-gomes-de-freitas-\" data-image-description=\"\" data-image-caption=\"\" data-medium-file=\"https:\/\/www.infomoney.com.br\/wp-content\/uploads\/2019\/06\/tarcisio-gomes-de-freitas-.jpg?fit=300%2C197&amp;quality=70&amp;strip=all\" data-large-file=\"https:\/\/www.infomoney.com.br\/wp-content\/uploads\/2019\/06\/tarcisio-gomes-de-freitas-.jpg?fit=900%2C590&amp;quality=70&amp;strip=all\">Governador de S\u00e3o Paulo defende que texto deve ser neutro para evitar sobretaxa\u00e7\u00e3o de alguns setores<\/p>\n<p>The post <a rel=\"nofollow\" href=\"https:\/\/www.infomoney.com.br\/politica\/tarcisio-reforca-ser-a-favor-da-reforma-tributaria-mas-cita-pontos-de-atencao\/\">Tarc\u00edsio refor\u00e7a ser a favor da reforma tribut\u00e1ria mas cita pontos de aten\u00e7\u00e3o<\/a> appeared first on <a rel=\"nofollow\" href=\"https:\/\/www.infomoney.com.br\/\">InfoMoney<\/a>.<\/p>\n","protected":false},"author":43,"featured_media":0,"comment_status":"closed","ping_status":"closed","sticky":false,"template":"","format":"standard","meta":{"advgb_blocks_editor_width":"","advgb_blocks_columns_visual_guide":"","footnotes":""},"categories":[34,47,191,367],"tags":[35],"class_list":["post-16490","post","type-post","status-publish","format-standard","hentry","category-g1","category-politica","category-reforma-tributaria","category-tarcisio-de-freitas","tag-g1"],"author_meta":{"display_name":"Estad\u00e3o Conte\u00fado","author_link":"https:\/\/sindaopcpb.org.br\/author\/estadao-conteudo\/"},"featured_img":null,"coauthors":[],"tax_additional":{"categories":{"linked":["<a href=\"https:\/\/sindaopcpb.org.br\/g1\/\" class=\"advgb-post-tax-term\">G1<\/a>","<a href=\"https:\/\/sindaopcpb.org.br\/politica\/\" class=\"advgb-post-tax-term\">POLITICA<\/a>","<a href=\"https:\/\/sindaopcpb.org.br\/reforma-tributaria\/\" class=\"advgb-post-tax-term\">reforma tribut\u00e1ria<\/a>","<a href=\"https:\/\/sindaopcpb.org.br\/tarcisio-de-freitas\/\" class=\"advgb-post-tax-term\">Tarc\u00edsio de Freitas<\/a>"],"unlinked":["<span class=\"advgb-post-tax-term\">G1<\/span>","<span class=\"advgb-post-tax-term\">POLITICA<\/span>","<span class=\"advgb-post-tax-term\">reforma tribut\u00e1ria<\/span>","<span class=\"advgb-post-tax-term\">Tarc\u00edsio de Freitas<\/span>"]},"tags":{"linked":["<a href=\"https:\/\/sindaopcpb.org.br\/tarcisio-de-freitas\/\" class=\"advgb-post-tax-term\">g1<\/a>"],"unlinked":["<span class=\"advgb-post-tax-term\">g1<\/span>"]}},"comment_count":"0","relative_dates":{"created":"Publicado 3 anos atr\u00e1s","modified":"Atualizado 3 anos atr\u00e1s"},"absolute_dates":{"created":"Publicado em 15 de maio de 2023","modified":"Atualizado em 15 de maio de 2023"},"absolute_dates_time":{"created":"Publicado em 15 de maio de 2023 17:50","modified":"Atualizado em 15 de maio de 2023 17:50"},"featured_img_caption":"","series_order":"","_links":{"self":[{"href":"https:\/\/sindaopcpb.org.br\/index.php\/wp-json\/wp\/v2\/posts\/16490","targetHints":{"allow":["GET"]}}],"collection":[{"href":"https:\/\/sindaopcpb.org.br\/index.php\/wp-json\/wp\/v2\/posts"}],"about":[{"href":"https:\/\/sindaopcpb.org.br\/index.php\/wp-json\/wp\/v2\/types\/post"}],"author":[{"embeddable":true,"href":"https:\/\/sindaopcpb.org.br\/index.php\/wp-json\/wp\/v2\/users\/43"}],"replies":[{"embeddable":true,"href":"https:\/\/sindaopcpb.org.br\/index.php\/wp-json\/wp\/v2\/comments?post=16490"}],"version-history":[{"count":2,"href":"https:\/\/sindaopcpb.org.br\/index.php\/wp-json\/wp\/v2\/posts\/16490\/revisions"}],"predecessor-version":[{"id":16579,"href":"https:\/\/sindaopcpb.org.br\/index.php\/wp-json\/wp\/v2\/posts\/16490\/revisions\/16579"}],"wp:attachment":[{"href":"https:\/\/sindaopcpb.org.br\/index.php\/wp-json\/wp\/v2\/media?parent=16490"}],"wp:term":[{"taxonomy":"category","embeddable":true,"href":"https:\/\/sindaopcpb.org.br\/index.php\/wp-json\/wp\/v2\/categories?post=16490"},{"taxonomy":"post_tag","embeddable":true,"href":"https:\/\/sindaopcpb.org.br\/index.php\/wp-json\/wp\/v2\/tags?post=16490"}],"curies":[{"name":"wp","href":"https:\/\/api.w.org\/{rel}","templated":true}]}}