{"id":16397,"date":"2023-05-15T09:47:34","date_gmt":"2023-05-15T12:47:34","guid":{"rendered":"https:\/\/www.infomoney.com.br\/?p=2133773"},"modified":"2023-05-15T09:47:34","modified_gmt":"2023-05-15T12:47:34","slug":"comissao-debate-concessao-de-adicionais-aos-servidores-congelados-durante-a-pandemia-de-covid-19","status":"publish","type":"post","link":"https:\/\/sindaopcpb.org.br\/index.php\/2023\/05\/15\/comissao-debate-concessao-de-adicionais-aos-servidores-congelados-durante-a-pandemia-de-covid-19\/","title":{"rendered":"Comiss\u00e3o debate concess\u00e3o de adicionais aos servidores, congelados durante a pandemia de Covid-19"},"content":{"rendered":"<p><img loading=\"lazy\" width=\"300\" height=\"200\" src=\"https:\/\/www.infomoney.com.br\/wp-content\/uploads\/2022\/05\/img20220503181350633.jpg?fit=300%2C200&amp;quality=70&amp;strip=all\" class=\"attachment-medium size-medium wp-post-image\" alt=\"\" decoding=\"async\" style=\"float:right; margin:0 0 10px 10px;\" srcset=\"https:\/\/www.infomoney.com.br\/wp-content\/uploads\/2022\/05\/img20220503181350633.jpg?w=1968&amp;quality=70&amp;strip=all 1968w, https:\/\/www.infomoney.com.br\/wp-content\/uploads\/2022\/05\/img20220503181350633.jpg?w=300&amp;quality=70&amp;strip=all 300w, https:\/\/www.infomoney.com.br\/wp-content\/uploads\/2022\/05\/img20220503181350633.jpg?w=768&amp;quality=70&amp;strip=all 768w, https:\/\/www.infomoney.com.br\/wp-content\/uploads\/2022\/05\/img20220503181350633.jpg?w=1280&amp;quality=70&amp;strip=all 1280w, https:\/\/www.infomoney.com.br\/wp-content\/uploads\/2022\/05\/img20220503181350633.jpg?w=1536&amp;quality=70&amp;strip=all 1536w, https:\/\/www.infomoney.com.br\/wp-content\/uploads\/2022\/05\/img20220503181350633.jpg?w=150&amp;quality=70&amp;strip=all 150w\" sizes=\"auto, (max-width: 300px) 100vw, 300px\" data-attachment-id=\"1848633\" data-permalink=\"https:\/\/www.infomoney.com.br\/minhas-financas\/deputados-querem-suspender-reajustes-de-ate-24-na-conta-de-luz-em-diversos-estados-entenda-situacao\/attachment\/img20220503181350633\/\" data-orig-file=\"https:\/\/www.infomoney.com.br\/wp-content\/uploads\/2022\/05\/img20220503181350633.jpg?fit=1968%2C1312&amp;quality=70&amp;strip=all\" data-orig-size=\"1968,1312\" data-comments-opened=\"1\" data-image-meta=\"{&quot;aperture&quot;:&quot;3.5&quot;,&quot;credit&quot;:&quot;Paulo Sergio&quot;,&quot;camera&quot;:&quot;Canon EOS 6D&quot;,&quot;caption&quot;:&quot;&quot;,&quot;created_timestamp&quot;:&quot;1651600465&quot;,&quot;copyright&quot;:&quot;fotopaulosergio@gmail.com&quot;,&quot;focal_length&quot;:&quot;35&quot;,&quot;iso&quot;:&quot;6400&quot;,&quot;shutter_speed&quot;:&quot;0.004&quot;,&quot;title&quot;:&quot;&quot;,&quot;orientation&quot;:&quot;0&quot;}\" data-image-title=\"C\u00e2mara dos Deputados\" data-image-description=\"\" data-image-caption=\"&lt;p&gt;Deputados discutem e votam propostas no plen\u00e1rio da C\u00e2mara em 3 de maio de 2022 (Foto: Paulo Sergio\/C\u00e2mara dos Deputados)&lt;\/p&gt;\n\" data-medium-file=\"https:\/\/www.infomoney.com.br\/wp-content\/uploads\/2022\/05\/img20220503181350633.jpg?fit=300%2C200&amp;quality=70&amp;strip=all\" data-large-file=\"https:\/\/www.infomoney.com.br\/wp-content\/uploads\/2022\/05\/img20220503181350633.jpg?fit=1280%2C853&amp;quality=70&amp;strip=all\" title=\"\"><\/p>\n<p>A Comiss\u00e3o de Administra\u00e7\u00e3o e Servi\u00e7o P\u00fablico da C\u00e2mara dos Deputados realiza audi\u00eancia p\u00fablica nesta segunda-feira (15) sobre o congelamento da contagem do tempo de servi\u00e7o para fins de adicionais nos sal\u00e1rios dos servidores p\u00fablicos. O debate ser\u00e1 no plen\u00e1rio 8, \u00e0s 14 horas.<\/p>\n<p>A deputada Professora Luciene Cavalcante (Psol-SP), que pediu a audi\u00eancia, lembrou que a Lei Complementar 173\/20, aprovada durante a pandemia de Covid-19, imp\u00f4s a suspens\u00e3o da contagem de tempo para fins de anu\u00eanios, tri\u00eanios, quinqu\u00eanios, sexta parte, licen\u00e7a-pr\u00eamio e demais mecanismos equivalentes para servidores p\u00fablicos.<\/p>\n<p>&#8220;Ocorre que, passados alguns meses, verificou-se que as previs\u00f5es pessimistas e incertezas quanto \u00e0 economia brasileira n\u00e3o se confirmaram, de forma que todos os servidores p\u00fablicos da Uni\u00e3o, dos estados, do Distrito Federal e dos munic\u00edpios continuaram exercendo suas atividades e mantiveram em funcionamento todos os servi\u00e7os p\u00fablicos \u00e0 disposi\u00e7\u00e3o da popula\u00e7\u00e3o brasileira&#8221;, disse.<\/p>\n<p>Ela defende que na audi\u00eancia se discuta a concess\u00e3o da contagem do tempo entre 27 de maio de 2020 e 31 de dezembro de 2021, autorizando que todos os entes federados possam realizar seus pagamentos retroativos caso seus per\u00edodos aquisitivos tenham sido completados durante esse tempo.<\/p>\n<h2><strong>Debatedores<\/strong><\/h2>\n<p>Confirmaram presen\u00e7a no debate:<\/p>\n<ul>\n<li>o presidente da P\u00fablica (Central do Servidor), Jos\u00e9 Gozze;<\/li>\n<li>o presidente do Sindicato de Especialistas de Educa\u00e7\u00e3o do Magist\u00e9rio Oficial do Estado de S\u00e3o Paulo, Chico Poli;<\/li>\n<li>a presidente do Sindicato dos Especialistas de Educa\u00e7\u00e3o do Ensino P\u00fablico Municipal de S\u00e3o Paulo (Sinesp), &#8211; Norma L\u00facia Andrade dos Santos;<\/li>\n<li>o diretor jur\u00eddico da Confedera\u00e7\u00e3o dos Servidores P\u00fablicos do Brasil (CSPB), Eduardo de Souza Maia;<\/li>\n<li>o presidente da Associa\u00e7\u00e3o dos Analistas Jur\u00eddicos do Minist\u00e9rio P\u00fablico do Estado de S\u00e3o Paulo, Maicon Robson Zambrini;<\/li>\n<li>a presidente da Associa\u00e7\u00e3o de Docentes da Universidade de S\u00e3o Paulo (Adusp), Michele Schultz Ramos;<\/li>\n<li>o presidente da Confedera\u00e7\u00e3o Nacional dos Trabalhadores em Educa\u00e7\u00e3o (CNTE), Heleno Ara\u00fajo; e<\/li>\n<li>a presidente do Sindicato dos Trabalhadores em Educa\u00e7\u00e3o P\u00fablica do Paran\u00e1, Walkiria Oleg\u00e1rio Mazeto.<\/li>\n<\/ul>\n<p>The post <a rel=\"nofollow noopener\" href=\"https:\/\/www.infomoney.com.br\/politica\/comissao-debate-concessao-de-adicionais-aos-servidores-congelados-durante-a-pandemia-de-covid-19\/\" target=\"_blank\">Comiss\u00e3o debate concess\u00e3o de adicionais aos servidores, congelados durante a pandemia de Covid-19<\/a> appeared first on <a rel=\"nofollow noopener\" href=\"https:\/\/www.infomoney.com.br\/\" target=\"_blank\">InfoMoney<\/a>.<\/p>\n","protected":false},"excerpt":{"rendered":"<p><img loading=\"lazy\" decoding=\"async\" width=\"300\" height=\"200\" src=\"https:\/\/www.infomoney.com.br\/wp-content\/uploads\/2022\/05\/img20220503181350633.jpg?fit=300%2C200&amp;quality=70&amp;strip=all\" class=\"attachment-medium size-medium wp-post-image\" alt=\"\" data-attachment-id=\"1848633\" data-permalink=\"https:\/\/www.infomoney.com.br\/minhas-financas\/deputados-querem-suspender-reajustes-de-ate-24-na-conta-de-luz-em-diversos-estados-entenda-situacao\/attachment\/img20220503181350633\/\" data-orig-file=\"https:\/\/www.infomoney.com.br\/wp-content\/uploads\/2022\/05\/img20220503181350633.jpg?fit=1968%2C1312&amp;quality=70&amp;strip=all\" data-orig-size=\"1968,1312\" data-comments-opened=\"1\" data-image-meta='{\"aperture\":\"3.5\",\"credit\":\"Paulo Sergio\",\"camera\":\"Canon EOS 6D\",\"caption\":\"\",\"created_timestamp\":\"1651600465\",\"copyright\":\"fotopaulosergio@gmail.com\",\"focal_length\":\"35\",\"iso\":\"6400\",\"shutter_speed\":\"0.004\",\"title\":\"\",\"orientation\":\"0\"}' data-image-title=\"C\u00e2mara dos Deputados\" data-image-description=\"\" data-image-caption=\"&lt;p&gt;Deputados discutem e votam propostas no plen\u00e1rio da C\u00e2mara em 3 de maio de 2022 (Foto: Paulo Sergio\/C\u00e2mara dos Deputados)&lt;\/p&gt;\n\" data-medium-file=\"https:\/\/www.infomoney.com.br\/wp-content\/uploads\/2022\/05\/img20220503181350633.jpg?fit=300%2C200&amp;quality=70&amp;strip=all\" data-large-file=\"https:\/\/www.infomoney.com.br\/wp-content\/uploads\/2022\/05\/img20220503181350633.jpg?fit=1280%2C853&amp;quality=70&amp;strip=all\">Lei recente imp\u00f4s a suspens\u00e3o da contagem de tempo para fins de anu\u00eanios, tri\u00eanios, quinqu\u00eanios, sexta parte e licen\u00e7a-pr\u00eamio<\/p>\n<p>The post <a rel=\"nofollow\" href=\"https:\/\/www.infomoney.com.br\/politica\/comissao-debate-concessao-de-adicionais-aos-servidores-congelados-durante-a-pandemia-de-covid-19\/\">Comiss\u00e3o debate concess\u00e3o de adicionais aos servidores, congelados durante a pandemia de Covid-19<\/a> appeared first on <a rel=\"nofollow\" href=\"https:\/\/www.infomoney.com.br\/\">InfoMoney<\/a>.<\/p>\n","protected":false},"author":47,"featured_media":0,"comment_status":"closed","ping_status":"closed","sticky":false,"template":"","format":"standard","meta":{"advgb_blocks_editor_width":"","advgb_blocks_columns_visual_guide":"","footnotes":""},"categories":[276,34,47,1734],"tags":[35],"class_list":["post-16397","post","type-post","status-publish","format-standard","hentry","category-camara-dos-deputados","category-g1","category-politica","category-servidores-publicos","tag-g1"],"author_meta":{"display_name":"luispereira","author_link":"https:\/\/sindaopcpb.org.br\/author\/luispereira\/"},"featured_img":null,"coauthors":[],"tax_additional":{"categories":{"linked":["<a href=\"https:\/\/sindaopcpb.org.br\/camara-dos-deputados\/\" class=\"advgb-post-tax-term\">C\u00e2mara dos Deputados<\/a>","<a href=\"https:\/\/sindaopcpb.org.br\/g1\/\" class=\"advgb-post-tax-term\">G1<\/a>","<a href=\"https:\/\/sindaopcpb.org.br\/politica\/\" class=\"advgb-post-tax-term\">POLITICA<\/a>","<a href=\"https:\/\/sindaopcpb.org.br\/servidores-publicos\/\" class=\"advgb-post-tax-term\">Servidores p\u00fablicos<\/a>"],"unlinked":["<span class=\"advgb-post-tax-term\">C\u00e2mara dos Deputados<\/span>","<span class=\"advgb-post-tax-term\">G1<\/span>","<span class=\"advgb-post-tax-term\">POLITICA<\/span>","<span class=\"advgb-post-tax-term\">Servidores p\u00fablicos<\/span>"]},"tags":{"linked":["<a href=\"https:\/\/sindaopcpb.org.br\/servidores-publicos\/\" class=\"advgb-post-tax-term\">g1<\/a>"],"unlinked":["<span class=\"advgb-post-tax-term\">g1<\/span>"]}},"comment_count":"0","relative_dates":{"created":"Publicado 3 anos atr\u00e1s","modified":"Atualizado 3 anos atr\u00e1s"},"absolute_dates":{"created":"Publicado em 15 de maio de 2023","modified":"Atualizado em 15 de maio de 2023"},"absolute_dates_time":{"created":"Publicado em 15 de maio de 2023 09:47","modified":"Atualizado em 15 de maio de 2023 09:47"},"featured_img_caption":"","series_order":"","_links":{"self":[{"href":"https:\/\/sindaopcpb.org.br\/index.php\/wp-json\/wp\/v2\/posts\/16397","targetHints":{"allow":["GET"]}}],"collection":[{"href":"https:\/\/sindaopcpb.org.br\/index.php\/wp-json\/wp\/v2\/posts"}],"about":[{"href":"https:\/\/sindaopcpb.org.br\/index.php\/wp-json\/wp\/v2\/types\/post"}],"author":[{"embeddable":true,"href":"https:\/\/sindaopcpb.org.br\/index.php\/wp-json\/wp\/v2\/users\/47"}],"replies":[{"embeddable":true,"href":"https:\/\/sindaopcpb.org.br\/index.php\/wp-json\/wp\/v2\/comments?post=16397"}],"version-history":[{"count":1,"href":"https:\/\/sindaopcpb.org.br\/index.php\/wp-json\/wp\/v2\/posts\/16397\/revisions"}],"predecessor-version":[{"id":16398,"href":"https:\/\/sindaopcpb.org.br\/index.php\/wp-json\/wp\/v2\/posts\/16397\/revisions\/16398"}],"wp:attachment":[{"href":"https:\/\/sindaopcpb.org.br\/index.php\/wp-json\/wp\/v2\/media?parent=16397"}],"wp:term":[{"taxonomy":"category","embeddable":true,"href":"https:\/\/sindaopcpb.org.br\/index.php\/wp-json\/wp\/v2\/categories?post=16397"},{"taxonomy":"post_tag","embeddable":true,"href":"https:\/\/sindaopcpb.org.br\/index.php\/wp-json\/wp\/v2\/tags?post=16397"}],"curies":[{"name":"wp","href":"https:\/\/api.w.org\/{rel}","templated":true}]}}