{"id":16381,"date":"2023-05-15T07:27:00","date_gmt":"2023-05-15T10:27:00","guid":{"rendered":"https:\/\/www.infomoney.com.br\/?p=2133588"},"modified":"2023-05-15T07:27:00","modified_gmt":"2023-05-15T10:27:00","slug":"lula-se-reune-com-equipe-economica-na-expectativa-do-relatorio-do-arcabouco-fiscal","status":"publish","type":"post","link":"https:\/\/sindaopcpb.org.br\/index.php\/2023\/05\/15\/lula-se-reune-com-equipe-economica-na-expectativa-do-relatorio-do-arcabouco-fiscal\/","title":{"rendered":"Lula se re\u00fane com equipe econ\u00f4mica na expectativa do relat\u00f3rio do arcabou\u00e7o fiscal"},"content":{"rendered":"<p><img loading=\"lazy\" width=\"300\" height=\"225\" src=\"https:\/\/www.infomoney.com.br\/wp-content\/uploads\/2023\/03\/reuniao-ministerial_mcamgo_abr_100320231818-4.jpg?fit=300%2C225&amp;quality=70&amp;strip=all\" class=\"attachment-medium size-medium wp-post-image\" alt=\"\" decoding=\"async\" style=\"float:right; margin:0 0 10px 10px;\" srcset=\"https:\/\/www.infomoney.com.br\/wp-content\/uploads\/2023\/03\/reuniao-ministerial_mcamgo_abr_100320231818-4.jpg?w=1024&amp;quality=70&amp;strip=all 1024w, https:\/\/www.infomoney.com.br\/wp-content\/uploads\/2023\/03\/reuniao-ministerial_mcamgo_abr_100320231818-4.jpg?w=300&amp;quality=70&amp;strip=all 300w, https:\/\/www.infomoney.com.br\/wp-content\/uploads\/2023\/03\/reuniao-ministerial_mcamgo_abr_100320231818-4.jpg?w=768&amp;quality=70&amp;strip=all 768w, https:\/\/www.infomoney.com.br\/wp-content\/uploads\/2023\/03\/reuniao-ministerial_mcamgo_abr_100320231818-4.jpg?w=150&amp;quality=70&amp;strip=all 150w\" sizes=\"auto, (max-width: 300px) 100vw, 300px\" data-attachment-id=\"2091736\" data-permalink=\"https:\/\/www.infomoney.com.br\/politica\/entre-sorrisos-e-abracos-haddad-e-rui-costa-repetem-disputa-de-dirceu-e-palocci\/attachment\/reuniao-ministerial_mcamgo_abr_100320231818-4\/\" data-orig-file=\"https:\/\/www.infomoney.com.br\/wp-content\/uploads\/2023\/03\/reuniao-ministerial_mcamgo_abr_100320231818-4.jpg?fit=1024%2C768&amp;quality=70&amp;strip=all\" data-orig-size=\"1024,768\" data-comments-opened=\"0\" data-image-meta=\"{&quot;aperture&quot;:&quot;2.8&quot;,&quot;credit&quot;:&quot;Marcelo Camargo\\\/Ag\\u00eancia Brasil&quot;,&quot;camera&quot;:&quot;Canon EOS-1D X&quot;,&quot;caption&quot;:&quot;Bras\\u00edlia (DF), 10\\\/03\\\/2023 - O ministro da Casa Civil, Rui Costa, o presidente Luiz In\\u00e1cio Lula da Silva e o ministro da Fazenda, Fernando Haddad, durante reuni\\u00e3o ministerial, no Pal\\u00e1cio do Planalto.&quot;,&quot;created_timestamp&quot;:&quot;1678441879&quot;,&quot;copyright&quot;:&quot;Ag\\u00eancia Brasil\\\/EBC&quot;,&quot;focal_length&quot;:&quot;200&quot;,&quot;iso&quot;:&quot;2500&quot;,&quot;shutter_speed&quot;:&quot;0.0015625&quot;,&quot;title&quot;:&quot;&quot;,&quot;orientation&quot;:&quot;0&quot;}\" data-image-title=\"Rui Costa, Lula e Fernando Haddad\" data-image-description=\"\" data-image-caption=\"&lt;p&gt;O ministro da Casa Civil, Rui Costa, o presidente Luiz In\u00e1cio Lula da Silva e o ministro da Fazenda, Fernando Haddad, durante reuni\u00e3o ministerial, no Pal\u00e1cio do Planalto. (Foto: Marcelo Camargo\/Ag\u00eancia Brasil)&lt;\/p&gt;\n\" data-medium-file=\"https:\/\/www.infomoney.com.br\/wp-content\/uploads\/2023\/03\/reuniao-ministerial_mcamgo_abr_100320231818-4.jpg?fit=300%2C225&amp;quality=70&amp;strip=all\" data-large-file=\"https:\/\/www.infomoney.com.br\/wp-content\/uploads\/2023\/03\/reuniao-ministerial_mcamgo_abr_100320231818-4.jpg?fit=1024%2C768&amp;quality=70&amp;strip=all\" title=\"\"><\/p>\n<p>Na expectativa para a apresenta\u00e7\u00e3o do parecer do arcabou\u00e7o fiscal (PLP 93\/2023) pelo relator da mat\u00e9ria, deputado Cl\u00e1udio Cajado (PP-BA), o presidente <strong>Luiz In\u00e1cio Lula da Silva (PT)<\/strong>, re\u00fane-se, na manh\u00e3 desta segunda-feira (15), com a equipe econ\u00f4mica do governo. O encontro ocorre no dia em que Cajado deve apresentar o texto a l\u00edderes partid\u00e1rios.<\/p>\n<p>De acordo com a agenda oficial da Presid\u00eancia da Rep\u00fablica, o encontro ser\u00e1 \u00e0s 9 horas no Pal\u00e1cio do Planalto.<\/p>\n<p>Participam os ministros Rui Costa (Casa Civil), Fernando Haddad (Fazenda), Esther Dweck (Gest\u00e3o), Alexandre Padilha (Rela\u00e7\u00f5es Institucionais), os secret\u00e1rios executivos Miriam Belchior (Casa Civil), Gabriel Gal\u00edpolo (Fazenda), Gustavo Guimar\u00e3es (Planejamento), o secret\u00e1rio do Tesouro Nacional, Rog\u00e9rio Ceron, al\u00e9m dos l\u00edderes do governo no Senado, Jaques Wagner (PT-BA), e na C\u00e2mara, Jos\u00e9 Guimar\u00e3es (PT-CE).<\/p>\n<p>Na semana passada, Cajado havia afirmado que se reuniria nesta segunda-feira com l\u00edderes partid\u00e1rios para apresentar o texto e, depois disso, faria os ajustes necess\u00e1rios no relat\u00f3rio antes de divulg\u00e1-lo \u00e0 imprensa.<\/p>\n<p>A divulga\u00e7\u00e3o, que inicialmente seria na semana passada, agora est\u00e1 prevista para ocorrer nesta ter\u00e7a-feira (16). De acordo com o relator da mat\u00e9ria, h\u00e1 membros do PT que est\u00e3o se posicionando contra a proposta.<\/p>\n<p><b>Outras reuni\u00f5es de Lula<\/b><\/p>\n<p>Ap\u00f3s a reuni\u00e3o com a equipe econ\u00f4mica, Lula ter\u00e1 outra reuni\u00e3o com a participa\u00e7\u00e3o de bancos p\u00fablicos. Al\u00e9m de Rui Costa, Haddad e Dweck, participam dessa segunda agenda o vice-presidente da Rep\u00fablica e ministro do Desenvolvimento, Ind\u00fastria, Com\u00e9rcio e Servi\u00e7os, Geraldo Alckmin , a presidenta do Banco do Brasil, Tarciana Medeiros, o presidente do Banco Nacional de Desenvolvimento Econ\u00f4mico e Social (BNDES), Aloizio Mercadante, a presidenta da Caixa, Rita Serrano, e o presidente do Banco do Nordeste (BNB), Paulo C\u00e2mara.<\/p>\n<p>A reuni\u00e3o \u00e9 realizada diante da expectativa do an\u00fancio do novo Programa de Acelera\u00e7\u00e3o do Crescimento (PAC), promessa feita desde o in\u00edcio do governo que estava prevista para ocorrer em maio.<\/p>\n<p>Conforme j\u00e1 afirmou o ministro da Casa Civil, a reedi\u00e7\u00e3o do programa funcionar\u00e1 por meio de Parcerias P\u00fablico-Privadas (PPPs) e concess\u00f5es.<\/p>\n<p>A terceira e \u00faltima agenda oficial de Lula est\u00e1 prevista para as 16h30, com o ministro das Rela\u00e7\u00f5es Exteriores, Mauro Vieira.<\/p>\n<p>O presidente deve viajar na quarta-feira, 17, ao Jap\u00e3o para participar da reuni\u00e3o de C\u00fapula do G7. A visita ocorre entre os dias 20 e 21.<\/p>\n<p>The post <a rel=\"nofollow noopener\" href=\"https:\/\/www.infomoney.com.br\/politica\/lula-se-reune-com-equipe-economica-na-expectativa-do-relatorio-do-arcabouco-fiscal\/\" target=\"_blank\">Lula se re\u00fane com equipe econ\u00f4mica na expectativa do relat\u00f3rio do arcabou\u00e7o fiscal<\/a> appeared first on <a rel=\"nofollow noopener\" href=\"https:\/\/www.infomoney.com.br\/\" target=\"_blank\">InfoMoney<\/a>.<\/p>\n","protected":false},"excerpt":{"rendered":"<p><img loading=\"lazy\" decoding=\"async\" width=\"300\" height=\"225\" src=\"https:\/\/www.infomoney.com.br\/wp-content\/uploads\/2023\/03\/reuniao-ministerial_mcamgo_abr_100320231818-4.jpg?fit=300%2C225&amp;quality=70&amp;strip=all\" class=\"attachment-medium size-medium wp-post-image\" alt=\"\" data-attachment-id=\"2091736\" data-permalink=\"https:\/\/www.infomoney.com.br\/politica\/entre-sorrisos-e-abracos-haddad-e-rui-costa-repetem-disputa-de-dirceu-e-palocci\/attachment\/reuniao-ministerial_mcamgo_abr_100320231818-4\/\" data-orig-file=\"https:\/\/www.infomoney.com.br\/wp-content\/uploads\/2023\/03\/reuniao-ministerial_mcamgo_abr_100320231818-4.jpg?fit=1024%2C768&amp;quality=70&amp;strip=all\" data-orig-size=\"1024,768\" data-comments-opened=\"0\" data-image-meta='{\"aperture\":\"2.8\",\"credit\":\"Marcelo Camargo\\\/Ag\\u00eancia Brasil\",\"camera\":\"Canon EOS-1D X\",\"caption\":\"Bras\\u00edlia (DF), 10\\\/03\\\/2023 - O ministro da Casa Civil, Rui Costa, o presidente Luiz In\\u00e1cio Lula da Silva e o ministro da Fazenda, Fernando Haddad, durante reuni\\u00e3o ministerial, no Pal\\u00e1cio do Planalto.\",\"created_timestamp\":\"1678441879\",\"copyright\":\"Ag\\u00eancia Brasil\\\/EBC\",\"focal_length\":\"200\",\"iso\":\"2500\",\"shutter_speed\":\"0.0015625\",\"title\":\"\",\"orientation\":\"0\"}' data-image-title=\"Rui Costa, Lula e Fernando Haddad\" data-image-description=\"\" data-image-caption=\"&lt;p&gt;O ministro da Casa Civil, Rui Costa, o presidente Luiz In\u00e1cio Lula da Silva e o ministro da Fazenda, Fernando Haddad, durante reuni\u00e3o ministerial, no Pal\u00e1cio do Planalto. (Foto: Marcelo Camargo\/Ag\u00eancia Brasil)&lt;\/p&gt;\n\" data-medium-file=\"https:\/\/www.infomoney.com.br\/wp-content\/uploads\/2023\/03\/reuniao-ministerial_mcamgo_abr_100320231818-4.jpg?fit=300%2C225&amp;quality=70&amp;strip=all\" data-large-file=\"https:\/\/www.infomoney.com.br\/wp-content\/uploads\/2023\/03\/reuniao-ministerial_mcamgo_abr_100320231818-4.jpg?fit=1024%2C768&amp;quality=70&amp;strip=all\">De acordo com a agenda oficial da Presid\u00eancia da Rep\u00fablica, o encontro ser\u00e1 \u00e0s 9 horas no Pal\u00e1cio do Planalto<\/p>\n<p>The post <a rel=\"nofollow\" href=\"https:\/\/www.infomoney.com.br\/politica\/lula-se-reune-com-equipe-economica-na-expectativa-do-relatorio-do-arcabouco-fiscal\/\">Lula se re\u00fane com equipe econ\u00f4mica na expectativa do relat\u00f3rio do arcabou\u00e7o fiscal<\/a> appeared first on <a rel=\"nofollow\" href=\"https:\/\/www.infomoney.com.br\/\">InfoMoney<\/a>.<\/p>\n","protected":false},"author":43,"featured_media":0,"comment_status":"closed","ping_status":"closed","sticky":false,"template":"","format":"standard","meta":{"advgb_blocks_editor_width":"","advgb_blocks_columns_visual_guide":"","footnotes":""},"categories":[468,2244,109,34,693,340,2872,129,130,2873,47,784,573],"tags":[35],"class_list":["post-16381","post","type-post","status-publish","format-standard","hentry","category-alexandre-padilha","category-esther-dweck","category-fernando-haddad","category-g1","category-gabriel-galipolo","category-geraldo-alckmin","category-jaques-wagner","category-luiz-inacio-lula-da-silva","category-ministerio-da-fazenda","category-miriam-belchior","category-politica","category-rogerio-ceron","category-rui-costa","tag-g1"],"author_meta":{"display_name":"Estad\u00e3o Conte\u00fado","author_link":"https:\/\/sindaopcpb.org.br\/author\/estadao-conteudo\/"},"featured_img":null,"coauthors":[],"tax_additional":{"categories":{"linked":["<a href=\"https:\/\/sindaopcpb.org.br\/alexandre-padilha\/\" class=\"advgb-post-tax-term\">Alexandre Padilha<\/a>","<a href=\"https:\/\/sindaopcpb.org.br\/esther-dweck\/\" class=\"advgb-post-tax-term\">Esther Dweck<\/a>","<a href=\"https:\/\/sindaopcpb.org.br\/fernando-haddad\/\" class=\"advgb-post-tax-term\">FERNANDO HADDAD<\/a>","<a href=\"https:\/\/sindaopcpb.org.br\/g1\/\" class=\"advgb-post-tax-term\">G1<\/a>","<a href=\"https:\/\/sindaopcpb.org.br\/gabriel-galipolo\/\" class=\"advgb-post-tax-term\">Gabriel Gal\u00edpolo<\/a>","<a href=\"https:\/\/sindaopcpb.org.br\/geraldo-alckmin\/\" class=\"advgb-post-tax-term\">Geraldo Alckmin<\/a>","<a href=\"https:\/\/sindaopcpb.org.br\/jaques-wagner\/\" class=\"advgb-post-tax-term\">Jaques Wagner<\/a>","<a href=\"https:\/\/sindaopcpb.org.br\/luiz-inacio-lula-da-silva\/\" class=\"advgb-post-tax-term\">Luiz In\u00e1cio Lula da Silva<\/a>","<a href=\"https:\/\/sindaopcpb.org.br\/ministerio-da-fazenda\/\" class=\"advgb-post-tax-term\">Minist\u00e9rio da Fazenda<\/a>","<a href=\"https:\/\/sindaopcpb.org.br\/miriam-belchior\/\" class=\"advgb-post-tax-term\">Miriam Belchior<\/a>","<a href=\"https:\/\/sindaopcpb.org.br\/politica\/\" class=\"advgb-post-tax-term\">POLITICA<\/a>","<a href=\"https:\/\/sindaopcpb.org.br\/rogerio-ceron\/\" class=\"advgb-post-tax-term\">Rog\u00e9rio Ceron<\/a>","<a href=\"https:\/\/sindaopcpb.org.br\/rui-costa\/\" class=\"advgb-post-tax-term\">Rui Costa<\/a>"],"unlinked":["<span class=\"advgb-post-tax-term\">Alexandre Padilha<\/span>","<span class=\"advgb-post-tax-term\">Esther Dweck<\/span>","<span class=\"advgb-post-tax-term\">FERNANDO HADDAD<\/span>","<span class=\"advgb-post-tax-term\">G1<\/span>","<span class=\"advgb-post-tax-term\">Gabriel Gal\u00edpolo<\/span>","<span class=\"advgb-post-tax-term\">Geraldo Alckmin<\/span>","<span class=\"advgb-post-tax-term\">Jaques Wagner<\/span>","<span class=\"advgb-post-tax-term\">Luiz In\u00e1cio Lula da Silva<\/span>","<span class=\"advgb-post-tax-term\">Minist\u00e9rio da Fazenda<\/span>","<span class=\"advgb-post-tax-term\">Miriam Belchior<\/span>","<span class=\"advgb-post-tax-term\">POLITICA<\/span>","<span class=\"advgb-post-tax-term\">Rog\u00e9rio Ceron<\/span>","<span class=\"advgb-post-tax-term\">Rui Costa<\/span>"]},"tags":{"linked":["<a href=\"https:\/\/sindaopcpb.org.br\/rui-costa\/\" class=\"advgb-post-tax-term\">g1<\/a>"],"unlinked":["<span class=\"advgb-post-tax-term\">g1<\/span>"]}},"comment_count":"0","relative_dates":{"created":"Publicado 3 anos atr\u00e1s","modified":"Atualizado 3 anos atr\u00e1s"},"absolute_dates":{"created":"Publicado em 15 de maio de 2023","modified":"Atualizado em 15 de maio de 2023"},"absolute_dates_time":{"created":"Publicado em 15 de maio de 2023 07:27","modified":"Atualizado em 15 de maio de 2023 07:27"},"featured_img_caption":"","series_order":"","_links":{"self":[{"href":"https:\/\/sindaopcpb.org.br\/index.php\/wp-json\/wp\/v2\/posts\/16381","targetHints":{"allow":["GET"]}}],"collection":[{"href":"https:\/\/sindaopcpb.org.br\/index.php\/wp-json\/wp\/v2\/posts"}],"about":[{"href":"https:\/\/sindaopcpb.org.br\/index.php\/wp-json\/wp\/v2\/types\/post"}],"author":[{"embeddable":true,"href":"https:\/\/sindaopcpb.org.br\/index.php\/wp-json\/wp\/v2\/users\/43"}],"replies":[{"embeddable":true,"href":"https:\/\/sindaopcpb.org.br\/index.php\/wp-json\/wp\/v2\/comments?post=16381"}],"version-history":[{"count":1,"href":"https:\/\/sindaopcpb.org.br\/index.php\/wp-json\/wp\/v2\/posts\/16381\/revisions"}],"predecessor-version":[{"id":16382,"href":"https:\/\/sindaopcpb.org.br\/index.php\/wp-json\/wp\/v2\/posts\/16381\/revisions\/16382"}],"wp:attachment":[{"href":"https:\/\/sindaopcpb.org.br\/index.php\/wp-json\/wp\/v2\/media?parent=16381"}],"wp:term":[{"taxonomy":"category","embeddable":true,"href":"https:\/\/sindaopcpb.org.br\/index.php\/wp-json\/wp\/v2\/categories?post=16381"},{"taxonomy":"post_tag","embeddable":true,"href":"https:\/\/sindaopcpb.org.br\/index.php\/wp-json\/wp\/v2\/tags?post=16381"}],"curies":[{"name":"wp","href":"https:\/\/api.w.org\/{rel}","templated":true}]}}