{"id":16341,"date":"2023-05-14T16:24:05","date_gmt":"2023-05-14T19:24:05","guid":{"rendered":"https:\/\/g1.globo.com\/pb\/paraiba\/noticia\/2023\/05\/14\/ciclista-morre-apos-ser-atropelado-na-br-230-proximo-a-sao-mamede-no-sertao.ghtml"},"modified":"2023-05-14T16:24:05","modified_gmt":"2023-05-14T19:24:05","slug":"ciclista-morre-apos-ser-atropelado-na-br-230-proximo-a-sao-mamede-no-sertao","status":"publish","type":"post","link":"https:\/\/sindaopcpb.org.br\/index.php\/2023\/05\/14\/ciclista-morre-apos-ser-atropelado-na-br-230-proximo-a-sao-mamede-no-sertao\/","title":{"rendered":"Ciclista morre ap\u00f3s ser atropelado na BR-230, pr\u00f3ximo a S\u00e3o Mamede, no Sert\u00e3o"},"content":{"rendered":"   <img src=\"https:\/\/s2.glbimg.com\/wyuhnkb5YXeVDBJBoQST8_NWfVk=\/i.s3.glbimg.com\/v1\/AUTH_59edd422c0c84a879bd37670ae4f538a\/internal_photos\/bs\/2023\/z\/M\/9NePwdTtWwyZM1B4a46g\/ciclista-atropelado-em-patos.jpeg\" \/><br \/>     V\u00edtima pedalava com grupo de ciclistas quando foi atropelada por um carro de cor branca.  Josivaldo da Silva Pereira estava pedalando quando foi atropelado, na PB\nReprodu\u00e7\u00e3o\/TV Para\u00edba\nUm ciclista identificado como Josivaldo da Silva Pereira, de 54 anos, foi atropelado na BR-230, pr\u00f3ximo a S\u00e3o Mamede, no Sert\u00e3o da Para\u00edba. De acordo com informa\u00e7\u00f5es da Pol\u00edcia Civil, apuradas pela TV Para\u00edba, ele morava em Patos, onde trabalhava como empres\u00e1rio. \nAinda segundo a Pol\u00edcia Civil, testemunhas informaram que o homem estava pedalando com um grupo de ciclistas quando foi atropelado por um carro de cor branca. Ele chegou a ser arremessado e morreu ainda no local. \nO motorista fugiu sem prestar socorro e n\u00e3o foi encontrado at\u00e9 a \u00faltima atualiza\u00e7\u00e3o desta not\u00edcia. \nV\u00eddeos mais assistidos do g1 Para\u00edba  ","protected":false},"excerpt":{"rendered":"<p>        V\u00edtima pedalava com grupo de ciclistas quando foi atropelada por um carro de cor branca.  Josivaldo da Silva Pereira estava pedalando quando foi atropelado, na PB<br \/>\nReprodu\u00e7\u00e3o\/TV Para\u00edba<br \/>\nUm ciclista identificado como Josivaldo da Silva Pereira, d&#8230;<\/p>\n","protected":false},"author":2,"featured_media":0,"comment_status":"closed","ping_status":"closed","sticky":false,"template":"","format":"standard","meta":{"advgb_blocks_editor_width":"","advgb_blocks_columns_visual_guide":"","footnotes":""},"categories":[34],"tags":[35],"class_list":["post-16341","post","type-post","status-publish","format-standard","hentry","category-g1","tag-g1"],"author_meta":{"display_name":"g1 &gt; Para\u00edba","author_link":"https:\/\/sindaopcpb.org.br\/author\/g1-paraiba\/"},"featured_img":null,"coauthors":[],"tax_additional":{"categories":{"linked":["<a href=\"https:\/\/sindaopcpb.org.br\/g1\/\" class=\"advgb-post-tax-term\">G1<\/a>"],"unlinked":["<span class=\"advgb-post-tax-term\">G1<\/span>"]},"tags":{"linked":["<a href=\"https:\/\/sindaopcpb.org.br\/g1\/\" class=\"advgb-post-tax-term\">g1<\/a>"],"unlinked":["<span class=\"advgb-post-tax-term\">g1<\/span>"]}},"comment_count":"0","relative_dates":{"created":"Publicado 3 anos atr\u00e1s","modified":"Atualizado 3 anos atr\u00e1s"},"absolute_dates":{"created":"Publicado em 14 de maio de 2023","modified":"Atualizado em 14 de maio de 2023"},"absolute_dates_time":{"created":"Publicado em 14 de maio de 2023 16:24","modified":"Atualizado em 14 de maio de 2023 16:24"},"featured_img_caption":"","series_order":"","_links":{"self":[{"href":"https:\/\/sindaopcpb.org.br\/index.php\/wp-json\/wp\/v2\/posts\/16341","targetHints":{"allow":["GET"]}}],"collection":[{"href":"https:\/\/sindaopcpb.org.br\/index.php\/wp-json\/wp\/v2\/posts"}],"about":[{"href":"https:\/\/sindaopcpb.org.br\/index.php\/wp-json\/wp\/v2\/types\/post"}],"author":[{"embeddable":true,"href":"https:\/\/sindaopcpb.org.br\/index.php\/wp-json\/wp\/v2\/users\/2"}],"replies":[{"embeddable":true,"href":"https:\/\/sindaopcpb.org.br\/index.php\/wp-json\/wp\/v2\/comments?post=16341"}],"version-history":[{"count":1,"href":"https:\/\/sindaopcpb.org.br\/index.php\/wp-json\/wp\/v2\/posts\/16341\/revisions"}],"predecessor-version":[{"id":16342,"href":"https:\/\/sindaopcpb.org.br\/index.php\/wp-json\/wp\/v2\/posts\/16341\/revisions\/16342"}],"wp:attachment":[{"href":"https:\/\/sindaopcpb.org.br\/index.php\/wp-json\/wp\/v2\/media?parent=16341"}],"wp:term":[{"taxonomy":"category","embeddable":true,"href":"https:\/\/sindaopcpb.org.br\/index.php\/wp-json\/wp\/v2\/categories?post=16341"},{"taxonomy":"post_tag","embeddable":true,"href":"https:\/\/sindaopcpb.org.br\/index.php\/wp-json\/wp\/v2\/tags?post=16341"}],"curies":[{"name":"wp","href":"https:\/\/api.w.org\/{rel}","templated":true}]}}