{"id":16331,"date":"2023-05-14T12:56:00","date_gmt":"2023-05-14T15:56:00","guid":{"rendered":"https:\/\/www.infomoney.com.br\/?p=2133498"},"modified":"2023-05-14T12:56:00","modified_gmt":"2023-05-14T15:56:00","slug":"mudanca-em-saque-aniversario-do-fgts-deve-ficar-para-2o-semestre-diz-ministro","status":"publish","type":"post","link":"https:\/\/sindaopcpb.org.br\/index.php\/2023\/05\/14\/mudanca-em-saque-aniversario-do-fgts-deve-ficar-para-2o-semestre-diz-ministro\/","title":{"rendered":"Mudan\u00e7a em saque-anivers\u00e1rio do FGTS deve ficar para 2\u00ba semestre, diz ministro"},"content":{"rendered":"<p><img loading=\"lazy\" width=\"300\" height=\"179\" src=\"https:\/\/www.infomoney.com.br\/wp-content\/uploads\/2023\/01\/luizmarinho.jpg?fit=300%2C179&amp;quality=70&amp;strip=all\" class=\"attachment-medium size-medium wp-post-image\" alt=\"\" decoding=\"async\" style=\"float:right; margin:0 0 10px 10px;\" srcset=\"https:\/\/www.infomoney.com.br\/wp-content\/uploads\/2023\/01\/luizmarinho.jpg?w=1170&amp;quality=70&amp;strip=all 1170w, https:\/\/www.infomoney.com.br\/wp-content\/uploads\/2023\/01\/luizmarinho.jpg?w=300&amp;quality=70&amp;strip=all 300w, https:\/\/www.infomoney.com.br\/wp-content\/uploads\/2023\/01\/luizmarinho.jpg?w=768&amp;quality=70&amp;strip=all 768w, https:\/\/www.infomoney.com.br\/wp-content\/uploads\/2023\/01\/luizmarinho.jpg?w=150&amp;quality=70&amp;strip=all 150w\" sizes=\"auto, (max-width: 300px) 100vw, 300px\" data-attachment-id=\"2040636\" data-permalink=\"https:\/\/www.infomoney.com.br\/minhas-financas\/saque-aniversario-do-fgts-governo-vai-proibir-novos-pedidos-a-partir-de-marco\/attachment\/luizmarinho\/\" data-orig-file=\"https:\/\/www.infomoney.com.br\/wp-content\/uploads\/2023\/01\/luizmarinho.jpg?fit=1170%2C700&amp;quality=70&amp;strip=all\" data-orig-size=\"1170,700\" data-comments-opened=\"0\" data-image-meta=\"{&quot;aperture&quot;:&quot;4&quot;,&quot;credit&quot;:&quot;Marcelo Camargo\\\/Ag\\u00eancia Brasil&quot;,&quot;camera&quot;:&quot;NIKON D4&quot;,&quot;caption&quot;:&quot;O ministro do Trabalho, Luiz Marinho, durante encontro com dirigentes de centrais sindicais, no Pal\\u00e1cio do Planalto.&quot;,&quot;created_timestamp&quot;:&quot;1674046866&quot;,&quot;copyright&quot;:&quot;Ag\\u00eancia Brasil\\\/EBC&quot;,&quot;focal_length&quot;:&quot;600&quot;,&quot;iso&quot;:&quot;1250&quot;,&quot;shutter_speed&quot;:&quot;0.0025&quot;,&quot;title&quot;:&quot;&quot;,&quot;orientation&quot;:&quot;0&quot;}\" data-image-title=\"Luiz Marinho\" data-image-description=\"\" data-image-caption=\"&lt;p&gt;O ministro do Trabalho, Luiz Marinho (PT), durante encontro com dirigentes de centrais sindicais, no Pal\u00e1cio do Planalto (Foto: Marcelo Camargo\/Ag\u00eancia Brasil)&lt;\/p&gt;\n\" data-medium-file=\"https:\/\/www.infomoney.com.br\/wp-content\/uploads\/2023\/01\/luizmarinho.jpg?fit=300%2C179&amp;quality=70&amp;strip=all\" data-large-file=\"https:\/\/www.infomoney.com.br\/wp-content\/uploads\/2023\/01\/luizmarinho.jpg?fit=1170%2C700&amp;quality=70&amp;strip=all\" title=\"\"><\/p>\n<p>O ministro do Trabalho, <strong>Luiz Marinho (PT)<\/strong>, voltou a defender, neste domingo (14), o fim do saque-anivers\u00e1rio do FGTS, mas reconheceu que qualquer mudan\u00e7a na \u00e1rea deve ficar para o segundo semestre. Marinho participou de uma feira organizada pelo Movimento dos Trabalhadores Rurais Sem Terra (MST) no Parque da \u00c1gua Branca, em S\u00e3o Paulo.<\/p>\n<p>&#8220;N\u00f3s estamos estudando, discutindo com as lideran\u00e7as, com o ministro Padilha, que coordena as a\u00e7\u00f5es junto ao Congresso Nacional, para ver o momento de encaminhar essa medida, para submeter \u00e0 aprecia\u00e7\u00e3o do parlamento, mas devemos fazer isso no segundo semestre&#8221;, disse Marinho, lembrando que ser\u00e1 necess\u00e1rio um Projeto de Lei para alterar a medida.<\/p>\n<p>Para o ministro, o saque-anivers\u00e1rio leva a um enfraquecimento do FGTS como fundo de garantia e de investimento em habita\u00e7\u00e3o, saneamento e infraestrutura. Ele afirmou ainda que trabalhadores que aderem \u00e0 modalidade do saque-anivers\u00e1rio passam por um &#8220;verdadeiro castigo&#8221;, por n\u00e3o poderem sacar o saldo do FGTS em caso de demiss\u00e3o sem justa causa.<\/p>\n<p>The post <a rel=\"nofollow noopener\" href=\"https:\/\/www.infomoney.com.br\/carreira\/mudanca-em-saque-aniversario-do-fgts-deve-ficar-para-2o-semestre-diz-ministro\/\" target=\"_blank\">Mudan\u00e7a em saque-anivers\u00e1rio do FGTS deve ficar para 2\u00ba semestre, diz ministro<\/a> appeared first on <a rel=\"nofollow noopener\" href=\"https:\/\/www.infomoney.com.br\/\" target=\"_blank\">InfoMoney<\/a>.<\/p>\n","protected":false},"excerpt":{"rendered":"<p><img loading=\"lazy\" decoding=\"async\" width=\"300\" height=\"179\" src=\"https:\/\/www.infomoney.com.br\/wp-content\/uploads\/2023\/01\/luizmarinho.jpg?fit=300%2C179&amp;quality=70&amp;strip=all\" class=\"attachment-medium size-medium wp-post-image\" alt=\"\" data-attachment-id=\"2040636\" data-permalink=\"https:\/\/www.infomoney.com.br\/minhas-financas\/saque-aniversario-do-fgts-governo-vai-proibir-novos-pedidos-a-partir-de-marco\/attachment\/luizmarinho\/\" data-orig-file=\"https:\/\/www.infomoney.com.br\/wp-content\/uploads\/2023\/01\/luizmarinho.jpg?fit=1170%2C700&amp;quality=70&amp;strip=all\" data-orig-size=\"1170,700\" data-comments-opened=\"0\" data-image-meta='{\"aperture\":\"4\",\"credit\":\"Marcelo Camargo\\\/Ag\\u00eancia Brasil\",\"camera\":\"NIKON D4\",\"caption\":\"O ministro do Trabalho, Luiz Marinho, durante encontro com dirigentes de centrais sindicais, no Pal\\u00e1cio do Planalto.\",\"created_timestamp\":\"1674046866\",\"copyright\":\"Ag\\u00eancia Brasil\\\/EBC\",\"focal_length\":\"600\",\"iso\":\"1250\",\"shutter_speed\":\"0.0025\",\"title\":\"\",\"orientation\":\"0\"}' data-image-title=\"Luiz Marinho\" data-image-description=\"\" data-image-caption=\"&lt;p&gt;O ministro do Trabalho, Luiz Marinho (PT), durante encontro com dirigentes de centrais sindicais, no Pal\u00e1cio do Planalto (Foto: Marcelo Camargo\/Ag\u00eancia Brasil)&lt;\/p&gt;\n\" data-medium-file=\"https:\/\/www.infomoney.com.br\/wp-content\/uploads\/2023\/01\/luizmarinho.jpg?fit=300%2C179&amp;quality=70&amp;strip=all\" data-large-file=\"https:\/\/www.infomoney.com.br\/wp-content\/uploads\/2023\/01\/luizmarinho.jpg?fit=1170%2C700&amp;quality=70&amp;strip=all\">Para Marinho, saque-anivers\u00e1rio leva a um enfraquecimento do FGTS como fundo de garantia e de investimento em habita\u00e7\u00e3o, saneamento e infraestrutura<\/p>\n<p>The post <a rel=\"nofollow\" href=\"https:\/\/www.infomoney.com.br\/carreira\/mudanca-em-saque-aniversario-do-fgts-deve-ficar-para-2o-semestre-diz-ministro\/\">Mudan\u00e7a em saque-anivers\u00e1rio do FGTS deve ficar para 2\u00ba semestre, diz ministro<\/a> appeared first on <a rel=\"nofollow\" href=\"https:\/\/www.infomoney.com.br\/\">InfoMoney<\/a>.<\/p>\n","protected":false},"author":43,"featured_media":0,"comment_status":"closed","ping_status":"closed","sticky":false,"template":"","format":"standard","meta":{"advgb_blocks_editor_width":"","advgb_blocks_columns_visual_guide":"","footnotes":""},"categories":[1387,981,34,571,300,47,2853],"tags":[35],"class_list":["post-16331","post","type-post","status-publish","format-standard","hentry","category-carreira","category-fgts","category-g1","category-luiz-marinho","category-ministerio-do-trabalho","category-politica","category-saque-aniversario","tag-g1"],"author_meta":{"display_name":"Estad\u00e3o Conte\u00fado","author_link":"https:\/\/sindaopcpb.org.br\/author\/estadao-conteudo\/"},"featured_img":null,"coauthors":[],"tax_additional":{"categories":{"linked":["<a href=\"https:\/\/sindaopcpb.org.br\/carreira\/\" class=\"advgb-post-tax-term\">Carreira<\/a>","<a href=\"https:\/\/sindaopcpb.org.br\/fgts\/\" class=\"advgb-post-tax-term\">FGTS<\/a>","<a href=\"https:\/\/sindaopcpb.org.br\/g1\/\" class=\"advgb-post-tax-term\">G1<\/a>","<a href=\"https:\/\/sindaopcpb.org.br\/luiz-marinho\/\" class=\"advgb-post-tax-term\">Luiz Marinho<\/a>","<a href=\"https:\/\/sindaopcpb.org.br\/ministerio-do-trabalho\/\" class=\"advgb-post-tax-term\">Minist\u00e9rio do Trabalho<\/a>","<a href=\"https:\/\/sindaopcpb.org.br\/politica\/\" class=\"advgb-post-tax-term\">POLITICA<\/a>","<a href=\"https:\/\/sindaopcpb.org.br\/saque-aniversario\/\" class=\"advgb-post-tax-term\">Saque anivers\u00e1rio<\/a>"],"unlinked":["<span class=\"advgb-post-tax-term\">Carreira<\/span>","<span class=\"advgb-post-tax-term\">FGTS<\/span>","<span class=\"advgb-post-tax-term\">G1<\/span>","<span class=\"advgb-post-tax-term\">Luiz Marinho<\/span>","<span class=\"advgb-post-tax-term\">Minist\u00e9rio do Trabalho<\/span>","<span class=\"advgb-post-tax-term\">POLITICA<\/span>","<span class=\"advgb-post-tax-term\">Saque anivers\u00e1rio<\/span>"]},"tags":{"linked":["<a href=\"https:\/\/sindaopcpb.org.br\/saque-aniversario\/\" class=\"advgb-post-tax-term\">g1<\/a>"],"unlinked":["<span class=\"advgb-post-tax-term\">g1<\/span>"]}},"comment_count":"0","relative_dates":{"created":"Publicado 3 anos atr\u00e1s","modified":"Atualizado 3 anos atr\u00e1s"},"absolute_dates":{"created":"Publicado em 14 de maio de 2023","modified":"Atualizado em 14 de maio de 2023"},"absolute_dates_time":{"created":"Publicado em 14 de maio de 2023 12:56","modified":"Atualizado em 14 de maio de 2023 12:56"},"featured_img_caption":"","series_order":"","_links":{"self":[{"href":"https:\/\/sindaopcpb.org.br\/index.php\/wp-json\/wp\/v2\/posts\/16331","targetHints":{"allow":["GET"]}}],"collection":[{"href":"https:\/\/sindaopcpb.org.br\/index.php\/wp-json\/wp\/v2\/posts"}],"about":[{"href":"https:\/\/sindaopcpb.org.br\/index.php\/wp-json\/wp\/v2\/types\/post"}],"author":[{"embeddable":true,"href":"https:\/\/sindaopcpb.org.br\/index.php\/wp-json\/wp\/v2\/users\/43"}],"replies":[{"embeddable":true,"href":"https:\/\/sindaopcpb.org.br\/index.php\/wp-json\/wp\/v2\/comments?post=16331"}],"version-history":[{"count":1,"href":"https:\/\/sindaopcpb.org.br\/index.php\/wp-json\/wp\/v2\/posts\/16331\/revisions"}],"predecessor-version":[{"id":16332,"href":"https:\/\/sindaopcpb.org.br\/index.php\/wp-json\/wp\/v2\/posts\/16331\/revisions\/16332"}],"wp:attachment":[{"href":"https:\/\/sindaopcpb.org.br\/index.php\/wp-json\/wp\/v2\/media?parent=16331"}],"wp:term":[{"taxonomy":"category","embeddable":true,"href":"https:\/\/sindaopcpb.org.br\/index.php\/wp-json\/wp\/v2\/categories?post=16331"},{"taxonomy":"post_tag","embeddable":true,"href":"https:\/\/sindaopcpb.org.br\/index.php\/wp-json\/wp\/v2\/tags?post=16331"}],"curies":[{"name":"wp","href":"https:\/\/api.w.org\/{rel}","templated":true}]}}