{"id":16327,"date":"2023-05-14T11:37:00","date_gmt":"2023-05-14T14:37:00","guid":{"rendered":"https:\/\/www.infomoney.com.br\/?p=2133495"},"modified":"2023-05-14T11:37:00","modified_gmt":"2023-05-14T14:37:00","slug":"jeronimo-rodrigues-nao-conversei-com-cajado-sobre-arcabouco","status":"publish","type":"post","link":"https:\/\/sindaopcpb.org.br\/index.php\/2023\/05\/14\/jeronimo-rodrigues-nao-conversei-com-cajado-sobre-arcabouco\/","title":{"rendered":"Jer\u00f4nimo Rodrigues: N\u00e3o conversei com Cajado sobre arcabou\u00e7o"},"content":{"rendered":"<p><img loading=\"lazy\" width=\"300\" height=\"200\" src=\"https:\/\/www.infomoney.com.br\/wp-content\/uploads\/2022\/09\/jeronimo-rodrigues-1.jpg?fit=300%2C200&amp;quality=70&amp;strip=all\" class=\"attachment-medium size-medium wp-post-image\" alt=\"Jeronimo Rodrigues\" decoding=\"async\" style=\"float:right; margin:0 0 10px 10px;\" srcset=\"https:\/\/www.infomoney.com.br\/wp-content\/uploads\/2022\/09\/jeronimo-rodrigues-1.jpg?w=1280&amp;quality=70&amp;strip=all 1280w, https:\/\/www.infomoney.com.br\/wp-content\/uploads\/2022\/09\/jeronimo-rodrigues-1.jpg?w=300&amp;quality=70&amp;strip=all 300w, https:\/\/www.infomoney.com.br\/wp-content\/uploads\/2022\/09\/jeronimo-rodrigues-1.jpg?w=768&amp;quality=70&amp;strip=all 768w, https:\/\/www.infomoney.com.br\/wp-content\/uploads\/2022\/09\/jeronimo-rodrigues-1.jpg?w=150&amp;quality=70&amp;strip=all 150w\" sizes=\"auto, (max-width: 300px) 100vw, 300px\" data-attachment-id=\"1943817\" data-permalink=\"https:\/\/www.infomoney.com.br\/?attachment_id=1943817\" data-orig-file=\"https:\/\/www.infomoney.com.br\/wp-content\/uploads\/2022\/09\/jeronimo-rodrigues-1.jpg?fit=1280%2C853&amp;quality=70&amp;strip=all\" data-orig-size=\"1280,853\" data-comments-opened=\"0\" data-image-meta=\"{&quot;aperture&quot;:&quot;0&quot;,&quot;credit&quot;:&quot;&quot;,&quot;camera&quot;:&quot;&quot;,&quot;caption&quot;:&quot;&quot;,&quot;created_timestamp&quot;:&quot;0&quot;,&quot;copyright&quot;:&quot;&quot;,&quot;focal_length&quot;:&quot;0&quot;,&quot;iso&quot;:&quot;0&quot;,&quot;shutter_speed&quot;:&quot;0&quot;,&quot;title&quot;:&quot;&quot;,&quot;orientation&quot;:&quot;0&quot;}\" data-image-title=\"jeronimo-rodrigues\" data-image-description=\"\" data-image-caption=\"\" data-medium-file=\"https:\/\/www.infomoney.com.br\/wp-content\/uploads\/2022\/09\/jeronimo-rodrigues-1.jpg?fit=300%2C200&amp;quality=70&amp;strip=all\" data-large-file=\"https:\/\/www.infomoney.com.br\/wp-content\/uploads\/2022\/09\/jeronimo-rodrigues-1.jpg?fit=1280%2C853&amp;quality=70&amp;strip=all\" title=\"\"><\/p>\n<p>O governador da Bahia, Jer\u00f4nimo Rodrigues (PT), disse h\u00e1 pouco que n\u00e3o tem conversado sobre a proposta de novo arcabou\u00e7o fiscal com o relator, deputado Cl\u00e1udio Cajado (PP-BA).<\/p>\n<p>&#8220;A gente respeita muito essa hierarquia, a responsabilidade do di\u00e1logo \u00e9 do governo federal&#8221;, afirmou. &#8220;Sobre o tema a gente n\u00e3o tem tratado necessariamente, n\u00e3o.&#8221;<\/p>\n<p>O PP de Cajado fez parte da alian\u00e7a que garantiu a governabilidade do PT na Bahia durante os governos de Rui Costa, hoje ministro da Casa Civil. Na \u00faltima elei\u00e7\u00e3o, o partido deixou a coaliz\u00e3o petista no Estado.<\/p>\n<p>Indagado sobre as chances de aprova\u00e7\u00e3o da reforma tribut\u00e1ria no Congresso, Jer\u00f4nimo evitou responder. &#8220;A minha expectativa \u00e9 que a gente possa no m\u00ednimo iniciar um processo de constru\u00e7\u00e3o de uma nova cultura em rela\u00e7\u00e3o ao olhar da tributa\u00e7\u00e3o sobre o consumo e os investimentos&#8221;, afirmou.<\/p>\n<p>O governador da Bahia est\u00e1 no Parque da \u00c1gua Branca, em S\u00e3o Paulo, onde participa de uma feira do MST.<\/p>\n<p>The post <a rel=\"nofollow noopener\" href=\"https:\/\/www.infomoney.com.br\/politica\/jeronimo-rodrigues-nao-conversei-com-cajado-sobre-arcabouco\/\" target=\"_blank\">Jer\u00f4nimo Rodrigues: N\u00e3o conversei com Cajado sobre arcabou\u00e7o<\/a> appeared first on <a rel=\"nofollow noopener\" href=\"https:\/\/www.infomoney.com.br\/\" target=\"_blank\">InfoMoney<\/a>.<\/p>\n","protected":false},"excerpt":{"rendered":"<p><img loading=\"lazy\" decoding=\"async\" width=\"300\" height=\"200\" src=\"https:\/\/www.infomoney.com.br\/wp-content\/uploads\/2022\/09\/jeronimo-rodrigues-1.jpg?fit=300%2C200&amp;quality=70&amp;strip=all\" class=\"attachment-medium size-medium wp-post-image\" alt=\"Jeronimo Rodrigues\" data-attachment-id=\"1943817\" data-permalink=\"https:\/\/www.infomoney.com.br\/?attachment_id=1943817\" data-orig-file=\"https:\/\/www.infomoney.com.br\/wp-content\/uploads\/2022\/09\/jeronimo-rodrigues-1.jpg?fit=1280%2C853&amp;quality=70&amp;strip=all\" data-orig-size=\"1280,853\" data-comments-opened=\"0\" data-image-meta='{\"aperture\":\"0\",\"credit\":\"\",\"camera\":\"\",\"caption\":\"\",\"created_timestamp\":\"0\",\"copyright\":\"\",\"focal_length\":\"0\",\"iso\":\"0\",\"shutter_speed\":\"0\",\"title\":\"\",\"orientation\":\"0\"}' data-image-title=\"jeronimo-rodrigues\" data-image-description=\"\" data-image-caption=\"\" data-medium-file=\"https:\/\/www.infomoney.com.br\/wp-content\/uploads\/2022\/09\/jeronimo-rodrigues-1.jpg?fit=300%2C200&amp;quality=70&amp;strip=all\" data-large-file=\"https:\/\/www.infomoney.com.br\/wp-content\/uploads\/2022\/09\/jeronimo-rodrigues-1.jpg?fit=1280%2C853&amp;quality=70&amp;strip=all\">&#8220;A gente respeita muito essa hierarquia, a responsabilidade do di\u00e1logo \u00e9 do governo federal&#8221;, disse<\/p>\n<p>The post <a rel=\"nofollow\" href=\"https:\/\/www.infomoney.com.br\/politica\/jeronimo-rodrigues-nao-conversei-com-cajado-sobre-arcabouco\/\">Jer\u00f4nimo Rodrigues: N\u00e3o conversei com Cajado sobre arcabou\u00e7o<\/a> appeared first on <a rel=\"nofollow\" href=\"https:\/\/www.infomoney.com.br\/\">InfoMoney<\/a>.<\/p>\n","protected":false},"author":43,"featured_media":0,"comment_status":"closed","ping_status":"closed","sticky":false,"template":"","format":"standard","meta":{"advgb_blocks_editor_width":"","advgb_blocks_columns_visual_guide":"","footnotes":""},"categories":[108,1190,559,34,483,2852,47],"tags":[35],"class_list":["post-16327","post","type-post","status-publish","format-standard","hentry","category-arcabouco-fiscal","category-bahia","category-contas-publicas","category-g1","category-governador","category-jeronimo-rodrigues","category-politica","tag-g1"],"author_meta":{"display_name":"Estad\u00e3o Conte\u00fado","author_link":"https:\/\/sindaopcpb.org.br\/author\/estadao-conteudo\/"},"featured_img":null,"coauthors":[],"tax_additional":{"categories":{"linked":["<a href=\"https:\/\/sindaopcpb.org.br\/arcabouco-fiscal\/\" class=\"advgb-post-tax-term\">Arcabou\u00e7o Fiscal<\/a>","<a href=\"https:\/\/sindaopcpb.org.br\/bahia\/\" class=\"advgb-post-tax-term\">Bahia<\/a>","<a href=\"https:\/\/sindaopcpb.org.br\/contas-publicas\/\" class=\"advgb-post-tax-term\">Contas P\u00fablicas<\/a>","<a href=\"https:\/\/sindaopcpb.org.br\/g1\/\" class=\"advgb-post-tax-term\">G1<\/a>","<a href=\"https:\/\/sindaopcpb.org.br\/governador\/\" class=\"advgb-post-tax-term\">governador<\/a>","<a href=\"https:\/\/sindaopcpb.org.br\/jeronimo-rodrigues\/\" class=\"advgb-post-tax-term\">Jeronimo Rodrigues<\/a>","<a href=\"https:\/\/sindaopcpb.org.br\/politica\/\" class=\"advgb-post-tax-term\">POLITICA<\/a>"],"unlinked":["<span class=\"advgb-post-tax-term\">Arcabou\u00e7o Fiscal<\/span>","<span class=\"advgb-post-tax-term\">Bahia<\/span>","<span class=\"advgb-post-tax-term\">Contas P\u00fablicas<\/span>","<span class=\"advgb-post-tax-term\">G1<\/span>","<span class=\"advgb-post-tax-term\">governador<\/span>","<span class=\"advgb-post-tax-term\">Jeronimo Rodrigues<\/span>","<span class=\"advgb-post-tax-term\">POLITICA<\/span>"]},"tags":{"linked":["<a href=\"https:\/\/sindaopcpb.org.br\/politica\/\" class=\"advgb-post-tax-term\">g1<\/a>"],"unlinked":["<span class=\"advgb-post-tax-term\">g1<\/span>"]}},"comment_count":"0","relative_dates":{"created":"Publicado 3 anos atr\u00e1s","modified":"Atualizado 3 anos atr\u00e1s"},"absolute_dates":{"created":"Publicado em 14 de maio de 2023","modified":"Atualizado em 14 de maio de 2023"},"absolute_dates_time":{"created":"Publicado em 14 de maio de 2023 11:37","modified":"Atualizado em 14 de maio de 2023 11:37"},"featured_img_caption":"","series_order":"","_links":{"self":[{"href":"https:\/\/sindaopcpb.org.br\/index.php\/wp-json\/wp\/v2\/posts\/16327","targetHints":{"allow":["GET"]}}],"collection":[{"href":"https:\/\/sindaopcpb.org.br\/index.php\/wp-json\/wp\/v2\/posts"}],"about":[{"href":"https:\/\/sindaopcpb.org.br\/index.php\/wp-json\/wp\/v2\/types\/post"}],"author":[{"embeddable":true,"href":"https:\/\/sindaopcpb.org.br\/index.php\/wp-json\/wp\/v2\/users\/43"}],"replies":[{"embeddable":true,"href":"https:\/\/sindaopcpb.org.br\/index.php\/wp-json\/wp\/v2\/comments?post=16327"}],"version-history":[{"count":1,"href":"https:\/\/sindaopcpb.org.br\/index.php\/wp-json\/wp\/v2\/posts\/16327\/revisions"}],"predecessor-version":[{"id":16328,"href":"https:\/\/sindaopcpb.org.br\/index.php\/wp-json\/wp\/v2\/posts\/16327\/revisions\/16328"}],"wp:attachment":[{"href":"https:\/\/sindaopcpb.org.br\/index.php\/wp-json\/wp\/v2\/media?parent=16327"}],"wp:term":[{"taxonomy":"category","embeddable":true,"href":"https:\/\/sindaopcpb.org.br\/index.php\/wp-json\/wp\/v2\/categories?post=16327"},{"taxonomy":"post_tag","embeddable":true,"href":"https:\/\/sindaopcpb.org.br\/index.php\/wp-json\/wp\/v2\/tags?post=16327"}],"curies":[{"name":"wp","href":"https:\/\/api.w.org\/{rel}","templated":true}]}}