{"id":16276,"date":"2023-05-14T07:32:42","date_gmt":"2023-05-14T10:32:42","guid":{"rendered":"https:\/\/g1.globo.com\/pb\/paraiba\/noticia\/2023\/05\/14\/maes-encontram-na-maternidade-a-forca-para-vencer-desafios-do-cancer.ghtml"},"modified":"2023-05-14T07:32:42","modified_gmt":"2023-05-14T10:32:42","slug":"maes-encontram-na-maternidade-a-forca-para-vencer-desafios-do-cancer","status":"publish","type":"post","link":"https:\/\/sindaopcpb.org.br\/index.php\/2023\/05\/14\/maes-encontram-na-maternidade-a-forca-para-vencer-desafios-do-cancer\/","title":{"rendered":"M\u00e3es encontram na maternidade a for\u00e7a para vencer desafios do c\u00e2ncer"},"content":{"rendered":"   <img src=\"https:\/\/s2.glbimg.com\/WwI7FBolL7FgGLZR_Lb1hBKYQCs=\/i.s3.glbimg.com\/v1\/AUTH_59edd422c0c84a879bd37670ae4f538a\/internal_photos\/bs\/2023\/y\/M\/tP5BJ8SNaYc6UCl2wATA\/whatsapp-image-2023-05-12-at-09.05.27-5-.jpeg\" \/><br \/>     Ap\u00f3s o nascimento de seus filhos, Tha\u00eds N\u00f3brega e Ellen Farias descobriram que estavam doentes e encontraram caminhos para enfrentar essas doen\u00e7as na maternidade.   Tha\u00eds N\u00f3brega e seu filho Artur.\nFoto: reprodu\u00e7\u00e3o\/TV Cabo Branco.\nA fisioterapeuta Tha\u00eds N\u00f3brega e a educadora f\u00edsica Ellen Farias t\u00eam hist\u00f3rias parecidas. Ambas descobriram que estavam doentes durante a gravidez. Enquanto Tha\u00eds recebia o diagn\u00f3stico que estava com um tumor, Ellen foi diagnosticada com c\u00e2ncer de mama e, encontraram na maternidade a for\u00e7a que precisavam para enfrentar essas doen\u00e7as. \nThais N\u00f3brega\nFisioterapeuta Tha\u00eds N\u00f3brega e seu filho Artur.\nFoto: reprodu\u00e7\u00e3o\/TV Cabo Branco.\nQuando Tha\u00eds recebeu o diagn\u00f3stico que tinha um tumor, ela n\u00e3o pensava em engravidar ou em se casar, mas tudo isso aconteceu no meio do caminho. Quando descobriu que estava gr\u00e1vida e com um tumor, Tha\u00eds teve que come\u00e7ar a tomar medicamentos que eram contra indicados durante a gravidez.\nTratamento\nA fisioterapeuta procurou orienta\u00e7\u00e3o de seus colegas m\u00e9dicos e eles a tranquilizaram. em uma consulta com uma doutora, ela explicou a Tha\u00eds que ela estava com um micro-tumor e que, poderia suspender a medica\u00e7\u00e3o e seguir firme com sua gravidez. \nApesar dos desafios, Tha\u00eds tinha certeza que Deus a ajudaria e que tudo iria melhorar e para que o pequeno Artur viesse ao mundo bem. Depois da gravidez, Tha\u00eds continuou com o tratamento com cabergolina por dois meses, o que estacionou o crescimento do tumor.\nDesde ent\u00e3o, fazem quatro meses que Thais \u00e9 m\u00e3e. Agora Artur \u00e9 um desejo materializado e atualmente suas prioridades s\u00e3o cuidar de seu filho e tomar conta da sua pr\u00f3pria sa\u00fade.\nO Dia das M\u00e3es\nFisioterapeuta Tha\u00eds N\u00f3brega com seu filho Artur no colo.\nFoto: reprodu\u00e7\u00e3o\/TV Cabo Branco.\nPara comemorar esse primeiro Dia das M\u00e3es juntos, Tha\u00eds planeja passar esse dia com sua fam\u00edlia. Indo para a missa, para agradecer pela gra\u00e7a alcan\u00e7ada e almo\u00e7ar com sua fam\u00edlia. \nEllen Farias\nEllen Farias, educadora f\u00edsica.\nFoto: reprodu\u00e7\u00e3o\/TV Cabo Branco.\nJ\u00e1 para a educadora Ellen Farias, a maternidade foi um desafio enorme, sendo diagnosticada com c\u00e2ncer de mama e m\u00e3e de uma crian\u00e7a pequena e ela teve que encontrar for\u00e7as em sua filha, \u00c9vora, para enfrentar essa \u00e1rdua jornada. \nNos tr\u00eas anos em que lutou contra o c\u00e2ncer, Ellen conta que n\u00e3o sabe mais quem ela \u00e9, foram anos t\u00e3o intensos que a Ellen de antes do tratamento se tornou um passado distante. A educadora relata que a pessoa que ela foi antes de ter \u00c9vora \u00e9 como se fosse um sonho.\nO passado\nEllen Farias e sua filha \u00c9vora.\nFoto: reprodu\u00e7\u00e3o\/TV Cabo Branco.\nFalando em passado, sua vida sempre foi cheia de experi\u00eancias. Aos 19 anos, Ellen foi para a Holanda, morou l\u00e1 por um tempo e quando voltou para o Brasil come\u00e7ou a fazer o curso de educadora f\u00edsica. Quando terminou, Ellen viajou para Portugal.\nNesse per\u00edodo de tempo em que estava em Portugal, Ellen viajou muito. A educadora buscava conhecer novas pessoas e suas hist\u00f3rias, do in\u00edcio ao fim. A alegria de conhecer o novo era a mesma quando ela visitava um vilarejo ou uma capital europeia. \nSer m\u00e3e e enfrentar o c\u00e2ncer\nEllen costumava dizer que se tivesse um c\u00e2ncer n\u00e3o iria se tratar, apenas tomaria medicamentos para diminuir a dor e deixaria seu corpo seguir com seu caminho porque ela n\u00e3o tinha um prop\u00f3sito para seguir.\nMas esse prop\u00f3sito veio com \u00c9vora, que estava ao seu lado no decorrer de todo o processo. Ao ser m\u00e3e, Ellen define a sensa\u00e7\u00e3o como uma explos\u00e3o, um despertar de sentimentos na sua exist\u00eancia e que \u00c9vora foi uma \u00e2ncora para ela.\nA educadora relata que \u00c9vora s\u00f3 queria estar perto dela e a queria viva, ent\u00e3o, Ellen n\u00e3o poderia desistir, era injusto com sua filha. Assim, Ellen passou por cirurgias, quimioterapia e recentemente passou pela radioterapia.\nNa sua primeira quimioterapia, Ellen lembra que estava muito assustada mas ao mesmo tempo em paz, porque n\u00e3o era o que ela esperava, n\u00e3o era o fim do mundo. E quando chegou, encontrou \u00c9vora que queria ficar ao seu lado. \nEnquanto acolhia \u00c9vora, foi Ellen quem se sentiu acolhida pela filha.\nDesejos para o futuro\nEllen Farias e fam\u00edlia.\nFoto: reprodu\u00e7\u00e3o\/TV Cabo Branco.\nA educadora f\u00edsica diz que busca um futuro em possa retomar seu passado, viajando com \u00c9vora e reviver as boas experi\u00eancias que ela ganhou enquanto viajava pelo mundo. E que a capacidade de se completar e harmonizar com \u00c9vora permane\u00e7a. \nV\u00eddeos mais assistidos do g1 Para\u00edba  ","protected":false},"excerpt":{"rendered":"<p>        Ap\u00f3s o nascimento de seus filhos, Tha\u00eds N\u00f3brega e Ellen Farias descobriram que estavam doentes e encontraram caminhos para enfrentar essas doen\u00e7as na maternidade.   Tha\u00eds N\u00f3brega e seu filho Artur.<br \/>\nFoto: reprodu\u00e7\u00e3o\/TV Cabo Branco.<br \/>\nA fisioterape&#8230;<\/p>\n","protected":false},"author":2,"featured_media":0,"comment_status":"closed","ping_status":"closed","sticky":false,"template":"","format":"standard","meta":{"advgb_blocks_editor_width":"","advgb_blocks_columns_visual_guide":"","footnotes":""},"categories":[34],"tags":[35],"class_list":["post-16276","post","type-post","status-publish","format-standard","hentry","category-g1","tag-g1"],"author_meta":{"display_name":"g1 &gt; Para\u00edba","author_link":"https:\/\/sindaopcpb.org.br\/author\/g1-paraiba\/"},"featured_img":null,"coauthors":[],"tax_additional":{"categories":{"linked":["<a href=\"https:\/\/sindaopcpb.org.br\/g1\/\" class=\"advgb-post-tax-term\">G1<\/a>"],"unlinked":["<span class=\"advgb-post-tax-term\">G1<\/span>"]},"tags":{"linked":["<a href=\"https:\/\/sindaopcpb.org.br\/g1\/\" class=\"advgb-post-tax-term\">g1<\/a>"],"unlinked":["<span class=\"advgb-post-tax-term\">g1<\/span>"]}},"comment_count":"0","relative_dates":{"created":"Publicado 3 anos atr\u00e1s","modified":"Atualizado 3 anos atr\u00e1s"},"absolute_dates":{"created":"Publicado em 14 de maio de 2023","modified":"Atualizado em 14 de maio de 2023"},"absolute_dates_time":{"created":"Publicado em 14 de maio de 2023 07:32","modified":"Atualizado em 14 de maio de 2023 07:32"},"featured_img_caption":"","series_order":"","_links":{"self":[{"href":"https:\/\/sindaopcpb.org.br\/index.php\/wp-json\/wp\/v2\/posts\/16276","targetHints":{"allow":["GET"]}}],"collection":[{"href":"https:\/\/sindaopcpb.org.br\/index.php\/wp-json\/wp\/v2\/posts"}],"about":[{"href":"https:\/\/sindaopcpb.org.br\/index.php\/wp-json\/wp\/v2\/types\/post"}],"author":[{"embeddable":true,"href":"https:\/\/sindaopcpb.org.br\/index.php\/wp-json\/wp\/v2\/users\/2"}],"replies":[{"embeddable":true,"href":"https:\/\/sindaopcpb.org.br\/index.php\/wp-json\/wp\/v2\/comments?post=16276"}],"version-history":[{"count":1,"href":"https:\/\/sindaopcpb.org.br\/index.php\/wp-json\/wp\/v2\/posts\/16276\/revisions"}],"predecessor-version":[{"id":16277,"href":"https:\/\/sindaopcpb.org.br\/index.php\/wp-json\/wp\/v2\/posts\/16276\/revisions\/16277"}],"wp:attachment":[{"href":"https:\/\/sindaopcpb.org.br\/index.php\/wp-json\/wp\/v2\/media?parent=16276"}],"wp:term":[{"taxonomy":"category","embeddable":true,"href":"https:\/\/sindaopcpb.org.br\/index.php\/wp-json\/wp\/v2\/categories?post=16276"},{"taxonomy":"post_tag","embeddable":true,"href":"https:\/\/sindaopcpb.org.br\/index.php\/wp-json\/wp\/v2\/tags?post=16276"}],"curies":[{"name":"wp","href":"https:\/\/api.w.org\/{rel}","templated":true}]}}