{"id":16158,"date":"2023-05-12T12:10:40","date_gmt":"2023-05-12T15:10:40","guid":{"rendered":"https:\/\/g1.globo.com\/pb\/paraiba\/noticia\/2023\/05\/12\/mentor-da-barbarie-de-queimadas-abriu-almoxarifado-e-fugiu-pela-porta-do-presidio-de-seguranca-maxima.ghtml"},"modified":"2023-05-12T12:10:40","modified_gmt":"2023-05-12T15:10:40","slug":"mentor-da-barbarie-de-queimadas-abriu-almoxarifado-e-fugiu-pela-porta-do-presidio-de-seguranca-maxima","status":"publish","type":"post","link":"https:\/\/sindaopcpb.org.br\/index.php\/2023\/05\/12\/mentor-da-barbarie-de-queimadas-abriu-almoxarifado-e-fugiu-pela-porta-do-presidio-de-seguranca-maxima\/","title":{"rendered":"Mentor da &#8216;Barb\u00e1rie de Queimadas&#8217; abriu almoxarifado e fugiu pela porta do pres\u00eddio de seguran\u00e7a m\u00e1xima"},"content":{"rendered":"   <img src=\"https:\/\/s2.glbimg.com\/zSXrlht9ykJjUjvpmu3QNUXWXMs=\/i.s3.glbimg.com\/v1\/AUTH_59edd422c0c84a879bd37670ae4f538a\/internal_photos\/bs\/2020\/A\/n\/DZT4XYSwKebNr7q4DBJw\/eduardodossantos.jpeg\" \/><br \/>     Delegado da Secretaria de Administra\u00e7\u00e3o Penitenci\u00e1ria (Seap), T\u00e9rcio Chaves, informou que Eduardo se aproveitou da confian\u00e7a que adquiriu com o bom comportamento dentro do pres\u00eddio.  Eduardo dos Santos Pereira foi condenado a 108 anos de pris\u00e3o pela barb\u00e1rie de Queimadas\nFrancisco Fran\u00e7a\/Jornal da Para\u00edba\/Arquivo\nO mentor da Barb\u00e1rie de Queimadas, Eduardo dos Santos Pereira, est\u00e1 foragido h\u00e1 mais de dois anos da Penitenci\u00e1ria de Seguran\u00e7a M\u00e1xima Doutor Romeu Gon\u00e7alves de Abrantes de Jo\u00e3o Pessoa, conhecida como PB1. No programa Linha Direta desta quinta-feira (11), o delegado da Secretaria de Administra\u00e7\u00e3o Penitenci\u00e1ria (Seap), T\u00e9rcio Chaves, informou que Eduardo se aproveitou da confian\u00e7a que adquiriu com o bom comportamento dentro do pres\u00eddio. Ele est\u00e1 preso desde 2012.\nBarb\u00e1rie de Queimadas: relembre cronologia e investiga\u00e7\u00e3o do crime\n'Velando minha irm\u00e3 e relatando tudo que aconteceu', v\u00edtima sobrevivente fala pela 1\u00aa vez\nEduardo dos Santos foi \u00e0 j\u00fari popular. Ap\u00f3s 19 horas de julgamento, apontado como o mentor da 'Barb\u00e1rie de Queimadas', Eduardo foi condenado a 108 anos e dois meses de pris\u00e3o. Ele foi considerado culpado por dois homic\u00eddios, forma\u00e7\u00e3o de quadrilha, c\u00e1rcere privado, corrup\u00e7\u00e3o de menores e porte ilegal de arma, al\u00e9m dos cinco estupros. Por estes crimes, ele foi condenado a 106 anos e 4 meses de reclus\u00e3o. Al\u00e9m disso, ele recebeu uma pena de 1 ano e 10 meses de deten\u00e7\u00e3o pelo crime de les\u00e3o corporal de um dos adolescentes envolvidos no crime.\nMesmo assim, com o passar dos anos dentro do pres\u00eddio e pelo bom comportamento, conseguiu o benef\u00edcio de trabalhar dentro da unidade prisional. \nEm 2020, ano da fuga, Eduardo trabalhava na cozinha do PB1. Era por volta das 20h quando um policial penal esqueceu um molho de chaves no local onde o detento trabalhava. Eduardo pegou as chaves, abriu o almoxarifado e saiu pela porta lateral do pres\u00eddio.\nFuga de Eduardo dos Santos Pereira foi abordada no Linha Direta\nReprodu\u00e7\u00e3o\/TV Globo\nSegundo T\u00e9rcio Chaves, o policial penal que teria esquecido as chaves foi indiciado, mas o Minist\u00e9rio P\u00fablico da Para\u00edba (MPPB), at\u00e9 agora, n\u00e3o ofereceu den\u00fancia contra ele. \n\u201cO epis\u00f3dio realmente foi lament\u00e1vel, mas todas as for\u00e7as est\u00e3o imbu\u00eddas no processo para que haja captura\u201d, declarou o delegado. \nO g1 entrou em contato com a delegada do caso, Cassandra Duarte. Ela informou que h\u00e1 um mandado de pris\u00e3o expedido contra Eduardo dos Santos desde a fuga. \"Todas as ag\u00eancias t\u00eam essa informa\u00e7\u00e3o e a Pol\u00edcia Civil da Para\u00edba trabalha nessa perspectiva para tentar prend\u00ea-lo\", explica a delegada.\nCassandra Duarte ainda explicou que foi feita uma solicita\u00e7\u00e3o para a inclus\u00e3o do nome de Eduardo dos Santos Pereira na lista de procurados da Interpol. At\u00e9 esta sexta-feira (12), o nome do acusado ainda n\u00e3o havia sido inclu\u00eddo.\nPriscila Fraz\u00e3o, uma das v\u00edtimas do estupro coletivo e irm\u00e3 de Izabella Paju\u00e7ara, ainda nutre um sentimento de impunidade. \"Quando a gente foi saber que ele tinha fugido pela porta da frente do pres\u00eddio de seguran\u00e7a m\u00e1xima, veio um sentimento de incerteza, de incapacidade, por eu ter lutado tanto para que  a justi\u00e7a fosse feita e Eduardo sair pela porta da frente do pres\u00eddio do maior pres\u00eddio da Para\u00edba\u2026\", declarou.\nPriscila Fraz\u00e3o Monteiro falou pela primeira vez sobre o estupro coletivo do qual foi v\u00edtima\nReprodu\u00e7\u00e3o\/TV Globo\nNa Barb\u00e1rie de Queimadas, ocorrida em 2012, cinco mulheres foram estupradas durante uma festa de anivers\u00e1rio e duas delas - Izabella Paju\u00e7ara e Michelle Domingos - foram assassinadas porque teriam reconhecido os agressores. Eduardo Santos foi o \u00faltimo dos envolvidos no crime a ser julgado. Outros seis homens tamb\u00e9m foram condenados e tr\u00eas adolescentes foram sentenciados a cumprirem medidas socioeducativas.\nDenuncie\nQuem tive informa\u00e7\u00f5es sobre a localiza\u00e7\u00e3o de Eduardo dos Santos Pereira pode denunciar, anonimamente, pelos n\u00fameros 180 ou 197.\nV\u00eddeos mais assistidos da Para\u00edba  ","protected":false},"excerpt":{"rendered":"<p>        Delegado da Secretaria de Administra\u00e7\u00e3o Penitenci\u00e1ria (Seap), T\u00e9rcio Chaves, informou que Eduardo se aproveitou da confian\u00e7a que adquiriu com o bom comportamento dentro do pres\u00eddio.  Eduardo dos Santos Pereira foi condenado a 108 anos de pris\u00e3o&#8230;<\/p>\n","protected":false},"author":2,"featured_media":0,"comment_status":"closed","ping_status":"closed","sticky":false,"template":"","format":"standard","meta":{"advgb_blocks_editor_width":"","advgb_blocks_columns_visual_guide":"","footnotes":""},"categories":[34],"tags":[35],"class_list":["post-16158","post","type-post","status-publish","format-standard","hentry","category-g1","tag-g1"],"author_meta":{"display_name":"g1 &gt; Para\u00edba","author_link":"https:\/\/sindaopcpb.org.br\/author\/g1-paraiba\/"},"featured_img":null,"coauthors":[],"tax_additional":{"categories":{"linked":["<a href=\"https:\/\/sindaopcpb.org.br\/g1\/\" class=\"advgb-post-tax-term\">G1<\/a>"],"unlinked":["<span class=\"advgb-post-tax-term\">G1<\/span>"]},"tags":{"linked":["<a href=\"https:\/\/sindaopcpb.org.br\/g1\/\" class=\"advgb-post-tax-term\">g1<\/a>"],"unlinked":["<span class=\"advgb-post-tax-term\">g1<\/span>"]}},"comment_count":"0","relative_dates":{"created":"Publicado 3 anos atr\u00e1s","modified":"Atualizado 3 anos atr\u00e1s"},"absolute_dates":{"created":"Publicado em 12 de maio de 2023","modified":"Atualizado em 12 de maio de 2023"},"absolute_dates_time":{"created":"Publicado em 12 de maio de 2023 12:10","modified":"Atualizado em 12 de maio de 2023 12:10"},"featured_img_caption":"","series_order":"","_links":{"self":[{"href":"https:\/\/sindaopcpb.org.br\/index.php\/wp-json\/wp\/v2\/posts\/16158","targetHints":{"allow":["GET"]}}],"collection":[{"href":"https:\/\/sindaopcpb.org.br\/index.php\/wp-json\/wp\/v2\/posts"}],"about":[{"href":"https:\/\/sindaopcpb.org.br\/index.php\/wp-json\/wp\/v2\/types\/post"}],"author":[{"embeddable":true,"href":"https:\/\/sindaopcpb.org.br\/index.php\/wp-json\/wp\/v2\/users\/2"}],"replies":[{"embeddable":true,"href":"https:\/\/sindaopcpb.org.br\/index.php\/wp-json\/wp\/v2\/comments?post=16158"}],"version-history":[{"count":2,"href":"https:\/\/sindaopcpb.org.br\/index.php\/wp-json\/wp\/v2\/posts\/16158\/revisions"}],"predecessor-version":[{"id":16176,"href":"https:\/\/sindaopcpb.org.br\/index.php\/wp-json\/wp\/v2\/posts\/16158\/revisions\/16176"}],"wp:attachment":[{"href":"https:\/\/sindaopcpb.org.br\/index.php\/wp-json\/wp\/v2\/media?parent=16158"}],"wp:term":[{"taxonomy":"category","embeddable":true,"href":"https:\/\/sindaopcpb.org.br\/index.php\/wp-json\/wp\/v2\/categories?post=16158"},{"taxonomy":"post_tag","embeddable":true,"href":"https:\/\/sindaopcpb.org.br\/index.php\/wp-json\/wp\/v2\/tags?post=16158"}],"curies":[{"name":"wp","href":"https:\/\/api.w.org\/{rel}","templated":true}]}}