{"id":16146,"date":"2023-05-12T12:16:00","date_gmt":"2023-05-12T15:16:00","guid":{"rendered":"https:\/\/www.infomoney.com.br\/?p=2132574"},"modified":"2023-05-12T12:16:00","modified_gmt":"2023-05-12T15:16:00","slug":"planejamento-abre-credito-suplementar-de-r-200-milhoes-para-plano-safra-2022-2023","status":"publish","type":"post","link":"https:\/\/sindaopcpb.org.br\/index.php\/2023\/05\/12\/planejamento-abre-credito-suplementar-de-r-200-milhoes-para-plano-safra-2022-2023\/","title":{"rendered":"Planejamento abre cr\u00e9dito suplementar de R$ 200 milh\u00f5es para Plano Safra 2022\/2023"},"content":{"rendered":"<p><img loading=\"lazy\" width=\"300\" height=\"199\" src=\"https:\/\/www.infomoney.com.br\/wp-content\/uploads\/2020\/06\/GettyImages-542626248.jpg?fit=300%2C199&amp;quality=70&amp;strip=all\" class=\"attachment-medium size-medium wp-post-image\" alt=\"Planta\u00e7\u00e3o de soja em Mato Grosso; Agroneg\u00f3cio\" decoding=\"async\" style=\"float:right; margin:0 0 10px 10px;\" srcset=\"https:\/\/www.infomoney.com.br\/wp-content\/uploads\/2020\/06\/GettyImages-542626248.jpg?w=1024&amp;quality=70&amp;strip=all 1024w, https:\/\/www.infomoney.com.br\/wp-content\/uploads\/2020\/06\/GettyImages-542626248.jpg?w=300&amp;quality=70&amp;strip=all 300w, https:\/\/www.infomoney.com.br\/wp-content\/uploads\/2020\/06\/GettyImages-542626248.jpg?w=768&amp;quality=70&amp;strip=all 768w, https:\/\/www.infomoney.com.br\/wp-content\/uploads\/2020\/06\/GettyImages-542626248.jpg?w=150&amp;quality=70&amp;strip=all 150w\" sizes=\"auto, (max-width: 300px) 100vw, 300px\" data-attachment-id=\"1470458\" data-permalink=\"https:\/\/www.infomoney.com.br\/colunistas\/convidados\/a-pandemia-e-o-agronegocio\/attachment\/brazil-agriculture-soybean-harvesting\/\" data-orig-file=\"https:\/\/www.infomoney.com.br\/wp-content\/uploads\/2020\/06\/GettyImages-542626248.jpg?fit=1024%2C680&amp;quality=70&amp;strip=all\" data-orig-size=\"1024,680\" data-comments-opened=\"1\" data-image-meta=\"{&quot;aperture&quot;:&quot;0&quot;,&quot;credit&quot;:&quot;Corbis via Getty Images&quot;,&quot;camera&quot;:&quot;&quot;,&quot;caption&quot;:&quot;Soybeans are harvested at Fartura Farm, in Mato Grosso state, Brazil. Brazil is the second largest soy producer worldwide. (Photo by Paulo Fridman\\\/Corbis via Getty Images)&quot;,&quot;created_timestamp&quot;:&quot;0&quot;,&quot;copyright&quot;:&quot;&quot;,&quot;focal_length&quot;:&quot;0&quot;,&quot;iso&quot;:&quot;0&quot;,&quot;shutter_speed&quot;:&quot;0&quot;,&quot;title&quot;:&quot;Brazil - Agriculture - Soybean Harvesting&quot;,&quot;orientation&quot;:&quot;0&quot;}\" data-image-title=\"Planta\u00e7\u00e3o de soja em Mato Grosso; Agroneg\u00f3cio\" data-image-description=\"&lt;p&gt;Planta\u00e7\u00e3o de soja em Mato Grosso; Agroneg\u00f3cio&lt;\/p&gt;\n\" data-image-caption=\"&lt;p&gt;Planta\u00e7\u00e3o de soja em Mato Grosso (Paulo Fridman\/Corbis via Getty Images)&lt;\/p&gt;\n\" data-medium-file=\"https:\/\/www.infomoney.com.br\/wp-content\/uploads\/2020\/06\/GettyImages-542626248.jpg?fit=300%2C199&amp;quality=70&amp;strip=all\" data-large-file=\"https:\/\/www.infomoney.com.br\/wp-content\/uploads\/2020\/06\/GettyImages-542626248.jpg?fit=1024%2C680&amp;quality=70&amp;strip=all\" title=\"\"><\/p>\n<p>O Minist\u00e9rio do Planejamento e Or\u00e7amento abriu cr\u00e9dito suplementar no valor de R$ 200 milh\u00f5es para refor\u00e7ar as dota\u00e7\u00f5es or\u00e7ament\u00e1rias do Plano Safra 2022\/2023. A Portaria est\u00e1 publicada em edi\u00e7\u00e3o extra do <i>Di\u00e1rio Oficial da Uni\u00e3o<\/i> da quinta-feira, 11.<\/p>\n<p>Segundo o quadro anexo que detalha a destina\u00e7\u00e3o dos recursos, o cr\u00e9dito ser\u00e1 usado para subven\u00e7\u00e3o econ\u00f4mica nas opera\u00e7\u00f5es de custeio agropecu\u00e1rio e de investimento rural e agroindustrial.<\/p>\n<p>A libera\u00e7\u00e3o do montante j\u00e1 tinha sido confirmada pelo Minist\u00e9rio da Agricultura no \u00faltimo s\u00e1bado, 6.<\/p>\n<p>Na ocasi\u00e3o, o minist\u00e9rio informou que os recursos devem permitir a equaliza\u00e7\u00e3o de aproximadamente R$ 8,4 bilh\u00f5es para aplica\u00e7\u00e3o imediata nos programas de financiamento do Moderfrota, em irriga\u00e7\u00e3o, em pr\u00e9-custeio e custeio, e demais investimentos.<\/p>\n<p>De acordo com a Pasta, a medida foi necess\u00e1ria porque o Plano Safra em curso n\u00e3o conseguiu cumprir todas as demandas dos produtores rurais por esse cr\u00e9dito.<\/p>\n<p>Al\u00e9m disso, a linha de cr\u00e9dito dolarizada do Banco Nacional do Desenvolvimento Econ\u00f4mico e Social (BNDES) mostrou a necessidade de aloca\u00e7\u00e3o de mais recursos.<\/p>\n<p>The post <a rel=\"nofollow noopener\" href=\"https:\/\/www.infomoney.com.br\/negocios\/planejamento-abre-credito-suplementar-de-r-200-milhoes-para-plano-safra-2022-2023\/\" target=\"_blank\">Planejamento abre cr\u00e9dito suplementar de R$ 200 milh\u00f5es para Plano Safra 2022\/2023<\/a> appeared first on <a rel=\"nofollow noopener\" href=\"https:\/\/www.infomoney.com.br\/\" target=\"_blank\">InfoMoney<\/a>.<\/p>\n","protected":false},"excerpt":{"rendered":"<p><img loading=\"lazy\" decoding=\"async\" width=\"300\" height=\"199\" src=\"https:\/\/www.infomoney.com.br\/wp-content\/uploads\/2020\/06\/GettyImages-542626248.jpg?fit=300%2C199&amp;quality=70&amp;strip=all\" class=\"attachment-medium size-medium wp-post-image\" alt=\"Planta\u00e7\u00e3o de soja em Mato Grosso; Agroneg\u00f3cio\" data-attachment-id=\"1470458\" data-permalink=\"https:\/\/www.infomoney.com.br\/colunistas\/convidados\/a-pandemia-e-o-agronegocio\/attachment\/brazil-agriculture-soybean-harvesting\/\" data-orig-file=\"https:\/\/www.infomoney.com.br\/wp-content\/uploads\/2020\/06\/GettyImages-542626248.jpg?fit=1024%2C680&amp;quality=70&amp;strip=all\" data-orig-size=\"1024,680\" data-comments-opened=\"1\" data-image-meta='{\"aperture\":\"0\",\"credit\":\"Corbis via Getty Images\",\"camera\":\"\",\"caption\":\"Soybeans are harvested at Fartura Farm, in Mato Grosso state, Brazil. Brazil is the second largest soy producer worldwide. (Photo by Paulo Fridman\\\/Corbis via Getty Images)\",\"created_timestamp\":\"0\",\"copyright\":\"\",\"focal_length\":\"0\",\"iso\":\"0\",\"shutter_speed\":\"0\",\"title\":\"Brazil - Agriculture - Soybean Harvesting\",\"orientation\":\"0\"}' data-image-title=\"Planta\u00e7\u00e3o de soja em Mato Grosso; Agroneg\u00f3cio\" data-image-description=\"&lt;p&gt;Planta\u00e7\u00e3o de soja em Mato Grosso; Agroneg\u00f3cio&lt;\/p&gt;\n\" data-image-caption=\"&lt;p&gt;Planta\u00e7\u00e3o de soja em Mato Grosso (Paulo Fridman\/Corbis via Getty Images)&lt;\/p&gt;\n\" data-medium-file=\"https:\/\/www.infomoney.com.br\/wp-content\/uploads\/2020\/06\/GettyImages-542626248.jpg?fit=300%2C199&amp;quality=70&amp;strip=all\" data-large-file=\"https:\/\/www.infomoney.com.br\/wp-content\/uploads\/2020\/06\/GettyImages-542626248.jpg?fit=1024%2C680&amp;quality=70&amp;strip=all\">De acordo com a Pasta, a medida foi necess\u00e1ria porque o Plano Safra em curso n\u00e3o conseguiu cumprir todas as demandas dos produtores rurais por esse cr\u00e9dito<\/p>\n<p>The post <a rel=\"nofollow\" href=\"https:\/\/www.infomoney.com.br\/negocios\/planejamento-abre-credito-suplementar-de-r-200-milhoes-para-plano-safra-2022-2023\/\">Planejamento abre cr\u00e9dito suplementar de R$ 200 milh\u00f5es para Plano Safra 2022\/2023<\/a> appeared first on <a rel=\"nofollow\" href=\"https:\/\/www.infomoney.com.br\/\">InfoMoney<\/a>.<\/p>\n","protected":false},"author":43,"featured_media":0,"comment_status":"closed","ping_status":"closed","sticky":false,"template":"","format":"standard","meta":{"advgb_blocks_editor_width":"","advgb_blocks_columns_visual_guide":"","footnotes":""},"categories":[34,376,120,2381,47],"tags":[35],"class_list":["post-16146","post","type-post","status-publish","format-standard","hentry","category-g1","category-ministerio-do-planejamento","category-negocios","category-plano-safra","category-politica","tag-g1"],"author_meta":{"display_name":"Estad\u00e3o Conte\u00fado","author_link":"https:\/\/sindaopcpb.org.br\/author\/estadao-conteudo\/"},"featured_img":null,"coauthors":[],"tax_additional":{"categories":{"linked":["<a href=\"https:\/\/sindaopcpb.org.br\/g1\/\" class=\"advgb-post-tax-term\">G1<\/a>","<a href=\"https:\/\/sindaopcpb.org.br\/ministerio-do-planejamento\/\" class=\"advgb-post-tax-term\">Minist\u00e9rio do Planejamento<\/a>","<a href=\"https:\/\/sindaopcpb.org.br\/negocios\/\" class=\"advgb-post-tax-term\">Neg\u00f3cios<\/a>","<a href=\"https:\/\/sindaopcpb.org.br\/plano-safra\/\" class=\"advgb-post-tax-term\">Plano Safra<\/a>","<a href=\"https:\/\/sindaopcpb.org.br\/politica\/\" class=\"advgb-post-tax-term\">POLITICA<\/a>"],"unlinked":["<span class=\"advgb-post-tax-term\">G1<\/span>","<span class=\"advgb-post-tax-term\">Minist\u00e9rio do Planejamento<\/span>","<span class=\"advgb-post-tax-term\">Neg\u00f3cios<\/span>","<span class=\"advgb-post-tax-term\">Plano Safra<\/span>","<span class=\"advgb-post-tax-term\">POLITICA<\/span>"]},"tags":{"linked":["<a href=\"https:\/\/sindaopcpb.org.br\/politica\/\" class=\"advgb-post-tax-term\">g1<\/a>"],"unlinked":["<span class=\"advgb-post-tax-term\">g1<\/span>"]}},"comment_count":"0","relative_dates":{"created":"Publicado 3 anos atr\u00e1s","modified":"Atualizado 3 anos atr\u00e1s"},"absolute_dates":{"created":"Publicado em 12 de maio de 2023","modified":"Atualizado em 12 de maio de 2023"},"absolute_dates_time":{"created":"Publicado em 12 de maio de 2023 12:16","modified":"Atualizado em 12 de maio de 2023 12:16"},"featured_img_caption":"","series_order":"","_links":{"self":[{"href":"https:\/\/sindaopcpb.org.br\/index.php\/wp-json\/wp\/v2\/posts\/16146","targetHints":{"allow":["GET"]}}],"collection":[{"href":"https:\/\/sindaopcpb.org.br\/index.php\/wp-json\/wp\/v2\/posts"}],"about":[{"href":"https:\/\/sindaopcpb.org.br\/index.php\/wp-json\/wp\/v2\/types\/post"}],"author":[{"embeddable":true,"href":"https:\/\/sindaopcpb.org.br\/index.php\/wp-json\/wp\/v2\/users\/43"}],"replies":[{"embeddable":true,"href":"https:\/\/sindaopcpb.org.br\/index.php\/wp-json\/wp\/v2\/comments?post=16146"}],"version-history":[{"count":1,"href":"https:\/\/sindaopcpb.org.br\/index.php\/wp-json\/wp\/v2\/posts\/16146\/revisions"}],"predecessor-version":[{"id":16147,"href":"https:\/\/sindaopcpb.org.br\/index.php\/wp-json\/wp\/v2\/posts\/16146\/revisions\/16147"}],"wp:attachment":[{"href":"https:\/\/sindaopcpb.org.br\/index.php\/wp-json\/wp\/v2\/media?parent=16146"}],"wp:term":[{"taxonomy":"category","embeddable":true,"href":"https:\/\/sindaopcpb.org.br\/index.php\/wp-json\/wp\/v2\/categories?post=16146"},{"taxonomy":"post_tag","embeddable":true,"href":"https:\/\/sindaopcpb.org.br\/index.php\/wp-json\/wp\/v2\/tags?post=16146"}],"curies":[{"name":"wp","href":"https:\/\/api.w.org\/{rel}","templated":true}]}}