{"id":16144,"date":"2023-05-12T10:27:13","date_gmt":"2023-05-12T13:27:13","guid":{"rendered":"https:\/\/g1.globo.com\/pb\/paraiba\/noticia\/2023\/05\/12\/barbarie-de-queimadas-velando-minha-irma-e-relatando-tudo-que-aconteceu-diz-vitima-sobrevivente.ghtml"},"modified":"2023-05-12T10:27:13","modified_gmt":"2023-05-12T13:27:13","slug":"barbarie-de-queimadas-velando-minha-irma-e-relatando-tudo-que-aconteceu-diz-vitima-sobrevivente","status":"publish","type":"post","link":"https:\/\/sindaopcpb.org.br\/index.php\/2023\/05\/12\/barbarie-de-queimadas-velando-minha-irma-e-relatando-tudo-que-aconteceu-diz-vitima-sobrevivente\/","title":{"rendered":"Barb\u00e1rie de Queimadas: &#8216;velando minha irm\u00e3 e relatando tudo que aconteceu&#8217;, diz v\u00edtima sobrevivente"},"content":{"rendered":"   <img src=\"https:\/\/s2.glbimg.com\/BqwFYOkZEhQc0QTMN1kzOIhd-gg=\/i.s3.glbimg.com\/v1\/AUTH_59edd422c0c84a879bd37670ae4f538a\/internal_photos\/bs\/2023\/i\/W\/VxwqUuTQyYLGB0m26TSA\/barbaire-queimadas1.jpg\" \/><br \/>     Priscila Fraz\u00e3o Monteiro falou pela primeira vez, onze anos ap\u00f3s o crime, no programa Linha Direta desta quinta-feira (11). Barb\u00e1rie de Queimadas foi tema do Linha Direta desta quinta-feira (11)\nReprodu\u00e7\u00e3o\/TV Globo\nPriscila Fraz\u00e3o Monteiro era o alvo sexual dos acusados pela Barb\u00e1rie de Queimadas. Mas todas seriam v\u00edtimas das \"brincadeira\" e do \"presente de anivers\u00e1rio\". Durante todo o crime, Priscila esteve amedrontada, mas atenta. Ouviu quando a irm\u00e3 reconheceu Eduardo dos Santos Pereira e pediu que ele parasse. No dia seguinte, Priscila velava a irm\u00e3 e contribu\u00eda de forma decisiva para as investiga\u00e7\u00f5es da Pol\u00edcia Civil. Ela falou pela primeira vez, onze anos ap\u00f3s o crime, no programa Linha Direta desta quinta-feira (11).\n\"N\u00e3o \u00e9 f\u00e1cil. Ao mesmo tempo que eu estava velando a minha irm\u00e3 e a minha amiga, eu tinha que ser forte para relatar tudo que aconteceu de uma forma que eles, enquanto Pol\u00edcia Civil, acreditassem em mim e fossem prender todos que tinham feito aquilo com todas n\u00f3s\", desabafa Priscila Fraz\u00e3o. \nBarb\u00e1rie de Queimadas: relembre cronologia e investiga\u00e7\u00e3o do crime\nA motiva\u00e7\u00e3o e a sequ\u00eancia do crime s\u00f3 foi desvendada porque Priscila resolveu falar. \nPriscila Fraz\u00e3o Monteiro, v\u00edtima e irm\u00e3 de Izabella, falou pela primeira vez sobre o caro\nReprodu\u00e7\u00e3o\/TV Globo\nEstupro coletivo pelo olhar da v\u00edtima\nO estupro coletivo de Queimadas, planejado como um presente de anivers\u00e1rio, fez cinco mulheres v\u00edtimas, duas delas tamb\u00e9m mortas no dia 12 de fevereiro de 2012. Mas vitimou uma cidade inteira.   \nPriscila Fraz\u00e3o foi uma das v\u00edtimas da barb\u00e1rie. H\u00e1 11 anos, ela entrava na garagem da casa de Eduardo, irm\u00e3o do aniversariante Luciano dos Santos, para comemorar o anivers\u00e1rio. Michele e Izabella chegariam logo depois. \n\"O port\u00e3o da casa dele estava totalmente aberto, s\u00f3 com o carro com a traseira aberta e o som ligado para dentro da casa\", relata Priscila. Em certo momento da noite, todas as luzes foram apagadas. \nEm certo momento, Eduardo foi fechando o port\u00e3o, conforme conta Priscila, e outros foram entrando encapuzados e anunciando um assalto. \n\"Uns usavam m\u00e1scara preta, luvas pretas e outro [estava] usando m\u00e1scara de carnaval. A gente correu, todo mundo, para tr\u00e1s. Eu, minha irm\u00e3 e Michele. E eles foram atr\u00e1s da gente. Mandaram a gente sentar todos no ch\u00e3o, e come\u00e7aram a encapuzar e a colocar o 'enforca-gato' nas m\u00e3os\", detalha.\nBarb\u00e1rie de Queimadas: acusados usavam m\u00e1scaras pretas e, um deles, m\u00e1scara de carnaval\nReprodu\u00e7\u00e3o\/TV Globo\nNuma tentativa de conseguir de soltar depois, Priscila separou um pouco as m\u00e3os no momento que a prenderam. Em todo seu relato, Priscila lembra, numa tentativa de se desculpar por algo que n\u00e3o tem controle ou qualquer culpa, pela incapacidade f\u00edsica de agir ou ajudar. Com as m\u00e3os amarradas e a boca amorda\u00e7ada, Priscila s\u00f3 conseguia rezar.\nCom a venda um pouco baixa, ela conseguiu ver algumas coisas que aconteciam na casa. \"Quando eles levaram ela [Izabella], eu vi que ela se debatia muito, mas eu s\u00f3 escutava o murm\u00fario. E n\u00e3o tinha como fazer nada\". \nTodas as mulheres que estavam na casa, com exce\u00e7\u00e3o da esposa de Eduardo e da namorada de Luciana, sofreram abusos. \n\"Eles me pegaram e levaram para dentro de casa. Eu ouvi quando minha irm\u00e3 disse assim: 'Eduardo, n\u00e3o, pare que mainha n\u00e3o vai gostar disso'. Eu ouvi e foi bem agoniante para mim. Eu n\u00e3o tinha for\u00e7as nem para ajudar minha irm\u00e3, nem ajudar Michele. Eu tamb\u00e9m estava ali\", desabafa.\nNesse momento, Priscila j\u00e1 sabia que Eduardo Pereira dos Santos, com que a irm\u00e3 dela, Is\u00e2nia Fraz\u00e3o Monteiro, foi casada, e quem conhecia h\u00e1 muitos anos, estava envolvimento no assalto forjado e nos estupros praticados. \nCaso da Barb\u00e1rie de Queimadas foi destaque do Linha Direta desta quinta-feira (11)\n\"Eu rezava em voz alta, eles me agarrando e me chamando de safada. Foi no momento que eu tentei e consegui soltar as minhas m\u00e3os. Comecei a me debater e como eu entrei em luta corporal com eles, eles me deram uma coronhada na cabe\u00e7a. Eu ca\u00ed no cantinho do quarto. E quando eu ca\u00ed, fingi que estava desacordada\", conta Priscila. \nQuando percebeu que a casa j\u00e1 estava em sil\u00eancio, Priscila saiu de onde estava e tentou encontrar Izabella e Michele. Procurou por todos os c\u00f4modos e n\u00e3o encontrou. Foi quando saiu para os fundos da casa e se deparou com Lilian, esposa de Eduardo, e Sheila, namorada de Luciano. Intocadas. \"Elas estavam como se nada tivesse acontecido com elas\", revela Priscila.\nQuando percebeu que a irm\u00e3 e a amiga n\u00e3o estavam na casa, Priscila correu pra rua e se deparou com Eduardo entrando na casa. \"Quero sabe onde est\u00e3o Ju e Michele. Cad\u00ea Ju e Michele, Eduardo?\", indagou.\nSem respostas, correu para casa. \"Desesperadamente\". \"Na minha cabe\u00e7a, eu j\u00e1 sabia que era ele e que eram os outros meninos que eu tinha reconhecido. Eu disse a mainha: 'assaltaram a casa de Eduardo e levaram as meninas. Eu sei quem foi, mas vamos achar as meninas'. Minha preocupa\u00e7\u00e3o era acharmos elas e elas estarem bem\", diz Priscila. \nPriscila, Michele e Izabella, v\u00edtimas das Barb\u00e1rie de Queimadas\nReprodu\u00e7\u00e3o\/TV Globo\nA partir da\u00ed, Priscila Fraz\u00e3o Monteiro tem participa\u00e7\u00e3o direta na investiga\u00e7\u00e3o policial. \u00c9 ela a respons\u00e1vel por levar a pol\u00edcia aos endere\u00e7os dos acusados um dia ap\u00f3s o crime. \n\"Lembro que ela ficou dentro de um ve\u00edculo com a nossa equipe de investiga\u00e7\u00e3o. E a maior dificuldade era de que a v\u00edtima sentisse seguran\u00e7a e passasse aquelas informa\u00e7\u00f5es para a pol\u00edcia\", relata a delegada do caso, Cassandra Duarte. \nN\u00e3o deu tempo Priscila pensar. O sentimento ainda era de tristeza, revolva e luto. \"Na hora eu estava com sentimento de perca, estado de choque e eu queria justi\u00e7a. Parecia coisa de outro mundo. Quando sa\u00ed l\u00e1 da Central, desceram v\u00e1rios carros para Queimadas. Eles me colocaram colete a prova de balas. E a\u00ed foram prendendo um por um\", lembra Priscila.\nInforma\u00e7\u00f5es estat\u00edsticas d\u00e3o conta que 8 em cada 10 estupros s\u00e3o cometidos por conhecidos das v\u00edtimas. Foi o caso do estupro coletivo de Queimadas. \n\"A gente tinha um carinho muito grande pelo filho dele. O filho dele chamava a gente de tia. E mainha era vov\u00f3 F\u00e1tima. Mainha tinha um carinho muito grande por ele tamb\u00e9m. O cuidado e carinho que a gente tinha pelo filho dele, ele n\u00e3o pensou pela filha de mainha, nossa irm\u00e3, por a gente enquanto amiga\", desabafa Priscila. \nIs\u00e2nia Fraz\u00e3o Monteiro, irm\u00e3 de Priscila e Izabella\nReprodu\u00e7\u00e3o\/TV Globo\nIs\u00e2nia, outra irm\u00e3 de Izabella e Priscila, assumiu uma luta constante para combater a viol\u00eancia contra a mulher. \n\"Eu n\u00e3o queria estar aqui fazendo isso. Eu sei que, de alguma forma, exp\u00f5e demais, exp\u00f5e a minha imagem, me deixa, de certa forma, insegura. Mas nesse momento eu n\u00e3o posso me silenciar pelo meu sangue que foi derramado\", declara Is\u00e2nia.\nPara Priscila, a for\u00e7a que encontrou para conseguir falar sobre o caso vem da possibilidade sempre a vista de tentar diminuir o n\u00famero de casos semelhantes. \n\"\u00c9 dif\u00edcil, enquanto v\u00edtima, ter que lutar por justi\u00e7a, buscar a justi\u00e7a, ter que reviver toda a cena do acontecido, \u00e9 dif\u00edcil enquanto v\u00edtima relatar v\u00e1rias vezes, mas \u00e9 necess\u00e1rio. \u00c9 necess\u00e1rio que a gente se fortale\u00e7a, relate, e busque por justi\u00e7a. \u00c9 muito importante que as mulheres possam ser fortes e se encoragem para buscar e lutar pela justi\u00e7a. Fale, sem vergonha nenhuma, mas \u00e9 preciso falar\", finaliza. \nBarb\u00e1rie de Queimadas aconteceu h\u00e1 11 anos, no interior da Para\u00edba\nReprodu\u00e7\u00e3o\/TV Globo\nV\u00eddeos mais assistidos do g1 Para\u00edba  ","protected":false},"excerpt":{"rendered":"<p>        Priscila Fraz\u00e3o Monteiro falou pela primeira vez, onze anos ap\u00f3s o crime, no programa Linha Direta desta quinta-feira (11). Barb\u00e1rie de Queimadas foi tema do Linha Direta desta quinta-feira (11)<br \/>\nReprodu\u00e7\u00e3o\/TV Globo<br \/>\nPriscila Fraz\u00e3o Monteiro era &#8230;<\/p>\n","protected":false},"author":2,"featured_media":0,"comment_status":"closed","ping_status":"closed","sticky":false,"template":"","format":"standard","meta":{"advgb_blocks_editor_width":"","advgb_blocks_columns_visual_guide":"","footnotes":""},"categories":[34],"tags":[35],"class_list":["post-16144","post","type-post","status-publish","format-standard","hentry","category-g1","tag-g1"],"author_meta":{"display_name":"g1 &gt; Para\u00edba","author_link":"https:\/\/sindaopcpb.org.br\/author\/g1-paraiba\/"},"featured_img":null,"coauthors":[],"tax_additional":{"categories":{"linked":["<a href=\"https:\/\/sindaopcpb.org.br\/g1\/\" class=\"advgb-post-tax-term\">G1<\/a>"],"unlinked":["<span class=\"advgb-post-tax-term\">G1<\/span>"]},"tags":{"linked":["<a href=\"https:\/\/sindaopcpb.org.br\/g1\/\" class=\"advgb-post-tax-term\">g1<\/a>"],"unlinked":["<span class=\"advgb-post-tax-term\">g1<\/span>"]}},"comment_count":"0","relative_dates":{"created":"Publicado 3 anos atr\u00e1s","modified":"Atualizado 3 anos atr\u00e1s"},"absolute_dates":{"created":"Publicado em 12 de maio de 2023","modified":"Atualizado em 12 de maio de 2023"},"absolute_dates_time":{"created":"Publicado em 12 de maio de 2023 10:27","modified":"Atualizado em 12 de maio de 2023 10:27"},"featured_img_caption":"","series_order":"","_links":{"self":[{"href":"https:\/\/sindaopcpb.org.br\/index.php\/wp-json\/wp\/v2\/posts\/16144","targetHints":{"allow":["GET"]}}],"collection":[{"href":"https:\/\/sindaopcpb.org.br\/index.php\/wp-json\/wp\/v2\/posts"}],"about":[{"href":"https:\/\/sindaopcpb.org.br\/index.php\/wp-json\/wp\/v2\/types\/post"}],"author":[{"embeddable":true,"href":"https:\/\/sindaopcpb.org.br\/index.php\/wp-json\/wp\/v2\/users\/2"}],"replies":[{"embeddable":true,"href":"https:\/\/sindaopcpb.org.br\/index.php\/wp-json\/wp\/v2\/comments?post=16144"}],"version-history":[{"count":3,"href":"https:\/\/sindaopcpb.org.br\/index.php\/wp-json\/wp\/v2\/posts\/16144\/revisions"}],"predecessor-version":[{"id":16182,"href":"https:\/\/sindaopcpb.org.br\/index.php\/wp-json\/wp\/v2\/posts\/16144\/revisions\/16182"}],"wp:attachment":[{"href":"https:\/\/sindaopcpb.org.br\/index.php\/wp-json\/wp\/v2\/media?parent=16144"}],"wp:term":[{"taxonomy":"category","embeddable":true,"href":"https:\/\/sindaopcpb.org.br\/index.php\/wp-json\/wp\/v2\/categories?post=16144"},{"taxonomy":"post_tag","embeddable":true,"href":"https:\/\/sindaopcpb.org.br\/index.php\/wp-json\/wp\/v2\/tags?post=16144"}],"curies":[{"name":"wp","href":"https:\/\/api.w.org\/{rel}","templated":true}]}}