{"id":16140,"date":"2023-05-12T10:17:03","date_gmt":"2023-05-12T13:17:03","guid":{"rendered":"https:\/\/www.infomoney.com.br\/?p=2132466"},"modified":"2023-05-12T10:17:03","modified_gmt":"2023-05-12T13:17:03","slug":"stf-tem-4-votos-para-tornar-reus-mais-250-denunciados-por-atos-de-8-1","status":"publish","type":"post","link":"https:\/\/sindaopcpb.org.br\/index.php\/2023\/05\/12\/stf-tem-4-votos-para-tornar-reus-mais-250-denunciados-por-atos-de-8-1\/","title":{"rendered":"STF tem 4 votos para tornar r\u00e9us mais 250 denunciados por atos de 8\/1"},"content":{"rendered":"<p><img loading=\"lazy\" width=\"300\" height=\"200\" src=\"https:\/\/www.infomoney.com.br\/wp-content\/uploads\/2023\/01\/manifestacao1_mcamgo_abr_080120231818.jpg?fit=300%2C200&amp;quality=70&amp;strip=all\" class=\"attachment-medium size-medium wp-post-image\" alt=\"\" decoding=\"async\" style=\"float:right; margin:0 0 10px 10px;\" srcset=\"https:\/\/www.infomoney.com.br\/wp-content\/uploads\/2023\/01\/manifestacao1_mcamgo_abr_080120231818.jpg?w=2048&amp;quality=70&amp;strip=all 2048w, https:\/\/www.infomoney.com.br\/wp-content\/uploads\/2023\/01\/manifestacao1_mcamgo_abr_080120231818.jpg?w=300&amp;quality=70&amp;strip=all 300w, https:\/\/www.infomoney.com.br\/wp-content\/uploads\/2023\/01\/manifestacao1_mcamgo_abr_080120231818.jpg?w=768&amp;quality=70&amp;strip=all 768w, https:\/\/www.infomoney.com.br\/wp-content\/uploads\/2023\/01\/manifestacao1_mcamgo_abr_080120231818.jpg?w=1280&amp;quality=70&amp;strip=all 1280w, https:\/\/www.infomoney.com.br\/wp-content\/uploads\/2023\/01\/manifestacao1_mcamgo_abr_080120231818.jpg?w=1536&amp;quality=70&amp;strip=all 1536w, https:\/\/www.infomoney.com.br\/wp-content\/uploads\/2023\/01\/manifestacao1_mcamgo_abr_080120231818.jpg?w=150&amp;quality=70&amp;strip=all 150w\" sizes=\"auto, (max-width: 300px) 100vw, 300px\" data-attachment-id=\"2025484\" data-permalink=\"https:\/\/www.infomoney.com.br\/manifestantes-invadem-congresso-stf-e-palacio-do-planalto-3\/\" data-orig-file=\"https:\/\/www.infomoney.com.br\/wp-content\/uploads\/2023\/01\/manifestacao1_mcamgo_abr_080120231818.jpg?fit=2048%2C1365&amp;quality=70&amp;strip=all\" data-orig-size=\"2048,1365\" data-comments-opened=\"0\" data-image-meta=\"{&quot;aperture&quot;:&quot;2.8&quot;,&quot;credit&quot;:&quot;Marcelo Camargo\\\/Ag\\u00eancia Brasil&quot;,&quot;camera&quot;:&quot;Canon EOS-1D X&quot;,&quot;caption&quot;:&quot;Manifestantes invadem Congresso, STF e Pal\\u00e1cio do Planalto.&quot;,&quot;created_timestamp&quot;:&quot;1673136000&quot;,&quot;copyright&quot;:&quot;Ag\\u00eancia Brasil\\\/EBC&quot;,&quot;focal_length&quot;:&quot;200&quot;,&quot;iso&quot;:&quot;250&quot;,&quot;shutter_speed&quot;:&quot;0.0003125&quot;,&quot;title&quot;:&quot;Manifestantes invadem Congresso, STF e Pal\\u00e1cio do Planalto.&quot;,&quot;orientation&quot;:&quot;1&quot;}\" data-image-title=\"Manifestantes invadem Congresso, STF e Pal\u00e1cio do Planalto.\" data-image-description=\"\" data-image-caption=\"&lt;p&gt;Manifestantes invadem Congresso, STF e Pal\u00e1cio do Planalto (Foto: Marcelo Camargo\/Ag\u00eancia Brasil)&lt;\/p&gt;\n\" data-medium-file=\"https:\/\/www.infomoney.com.br\/wp-content\/uploads\/2023\/01\/manifestacao1_mcamgo_abr_080120231818.jpg?fit=300%2C200&amp;quality=70&amp;strip=all\" data-large-file=\"https:\/\/www.infomoney.com.br\/wp-content\/uploads\/2023\/01\/manifestacao1_mcamgo_abr_080120231818.jpg?fit=1280%2C853&amp;quality=70&amp;strip=all\" title=\"\"><\/p>\n<p>O Supremo Tribunal Federal (STF) registrou nesta quinta-feira (11) o placar de 4 votos a 0 para tornar r\u00e9us mais 250 envolvidos nos atos golpistas de 8 de janeiro.<\/p>\n<p>Nesta semana, a Corte julga o quarto grupo de investigados, totalizando 800 das 1,3 mil den\u00fancias apresentadas pela Procuradoria-Geral da Rep\u00fablica (PGR).<\/p>\n<p>At\u00e9 o momento, al\u00e9m do relator, ministro Alexandre de Moraes, tamb\u00e9m votaram pelo recebimento das den\u00fancias os ministros Dias Toffoli, Rosa Weber e C\u00e1rmen L\u00facia.<\/p>\n<p>O julgamento virtual foi iniciado \u00e0 meia-noite de ter\u00e7a-feira (9) e ser\u00e1 finalizado na segunda-feira (15). Na modalidade virtual, os ministros depositam os votos em um sistema eletr\u00f4nico e n\u00e3o h\u00e1 delibera\u00e7\u00e3o presencial.<\/p>\n<p>Se a maioria dos ministros aceitar as den\u00fancias, os acusados passar\u00e3o a responder a uma a\u00e7\u00e3o penal e se tornam r\u00e9us no processo, podendo ser condenados ou absolvidos ao final da tramita\u00e7\u00e3o judicial do caso.<\/p>\n<p>Os acusados respondem pelos crimes de associa\u00e7\u00e3o criminosa armada, aboli\u00e7\u00e3o violenta do Estado democr\u00e1tico de direito, golpe de estado, dano qualificado e incita\u00e7\u00e3o ao crime.<\/p>\n<p>At\u00e9 o momento, a Corte tornou r\u00e9us 550 investigados.<\/p>\n<p>The post <a rel=\"nofollow noopener\" href=\"https:\/\/www.infomoney.com.br\/politica\/stf-tem-4-votos-para-tornar-reus-mais-250-denunciados-por-atos-de-8-1\/\" target=\"_blank\">STF tem 4 votos para tornar r\u00e9us mais 250 denunciados por atos de 8\/1<\/a> appeared first on <a rel=\"nofollow noopener\" href=\"https:\/\/www.infomoney.com.br\/\" target=\"_blank\">InfoMoney<\/a>.<\/p>\n","protected":false},"excerpt":{"rendered":"<p><img loading=\"lazy\" decoding=\"async\" width=\"300\" height=\"200\" src=\"https:\/\/www.infomoney.com.br\/wp-content\/uploads\/2023\/01\/manifestacao1_mcamgo_abr_080120231818.jpg?fit=300%2C200&amp;quality=70&amp;strip=all\" class=\"attachment-medium size-medium wp-post-image\" alt=\"\" data-attachment-id=\"2025484\" data-permalink=\"https:\/\/www.infomoney.com.br\/manifestantes-invadem-congresso-stf-e-palacio-do-planalto-3\/\" data-orig-file=\"https:\/\/www.infomoney.com.br\/wp-content\/uploads\/2023\/01\/manifestacao1_mcamgo_abr_080120231818.jpg?fit=2048%2C1365&amp;quality=70&amp;strip=all\" data-orig-size=\"2048,1365\" data-comments-opened=\"0\" data-image-meta='{\"aperture\":\"2.8\",\"credit\":\"Marcelo Camargo\\\/Ag\\u00eancia Brasil\",\"camera\":\"Canon EOS-1D X\",\"caption\":\"Manifestantes invadem Congresso, STF e Pal\\u00e1cio do Planalto.\",\"created_timestamp\":\"1673136000\",\"copyright\":\"Ag\\u00eancia Brasil\\\/EBC\",\"focal_length\":\"200\",\"iso\":\"250\",\"shutter_speed\":\"0.0003125\",\"title\":\"Manifestantes invadem Congresso, STF e Pal\\u00e1cio do Planalto.\",\"orientation\":\"1\"}' data-image-title=\"Manifestantes invadem Congresso, STF e Pal\u00e1cio do Planalto.\" data-image-description=\"\" data-image-caption=\"&lt;p&gt;Manifestantes invadem Congresso, STF e Pal\u00e1cio do Planalto (Foto: Marcelo Camargo\/Ag\u00eancia Brasil)&lt;\/p&gt;\n\" data-medium-file=\"https:\/\/www.infomoney.com.br\/wp-content\/uploads\/2023\/01\/manifestacao1_mcamgo_abr_080120231818.jpg?fit=300%2C200&amp;quality=70&amp;strip=all\" data-large-file=\"https:\/\/www.infomoney.com.br\/wp-content\/uploads\/2023\/01\/manifestacao1_mcamgo_abr_080120231818.jpg?fit=1280%2C853&amp;quality=70&amp;strip=all\">At\u00e9 o momento, a Corte tornou r\u00e9us 550 pessoas<\/p>\n<p>The post <a rel=\"nofollow\" href=\"https:\/\/www.infomoney.com.br\/politica\/stf-tem-4-votos-para-tornar-reus-mais-250-denunciados-por-atos-de-8-1\/\">STF tem 4 votos para tornar r\u00e9us mais 250 denunciados por atos de 8\/1<\/a> appeared first on <a rel=\"nofollow\" href=\"https:\/\/www.infomoney.com.br\/\">InfoMoney<\/a>.<\/p>\n","protected":false},"author":44,"featured_media":0,"comment_status":"closed","ping_status":"closed","sticky":false,"template":"","format":"standard","meta":{"advgb_blocks_editor_width":"","advgb_blocks_columns_visual_guide":"","footnotes":""},"categories":[358,34,47,449],"tags":[35],"class_list":["post-16140","post","type-post","status-publish","format-standard","hentry","category-ataque-em-brasilia","category-g1","category-politica","category-stf","tag-g1"],"author_meta":{"display_name":"Ag\u00eancia Brasil","author_link":"https:\/\/sindaopcpb.org.br\/author\/agencia-brasil\/"},"featured_img":null,"coauthors":[],"tax_additional":{"categories":{"linked":["<a href=\"https:\/\/sindaopcpb.org.br\/ataque-em-brasilia\/\" class=\"advgb-post-tax-term\">Ataque em Bras\u00edlia<\/a>","<a href=\"https:\/\/sindaopcpb.org.br\/g1\/\" class=\"advgb-post-tax-term\">G1<\/a>","<a href=\"https:\/\/sindaopcpb.org.br\/politica\/\" class=\"advgb-post-tax-term\">POLITICA<\/a>","<a href=\"https:\/\/sindaopcpb.org.br\/stf\/\" class=\"advgb-post-tax-term\">STF<\/a>"],"unlinked":["<span class=\"advgb-post-tax-term\">Ataque em Bras\u00edlia<\/span>","<span class=\"advgb-post-tax-term\">G1<\/span>","<span class=\"advgb-post-tax-term\">POLITICA<\/span>","<span class=\"advgb-post-tax-term\">STF<\/span>"]},"tags":{"linked":["<a href=\"https:\/\/sindaopcpb.org.br\/stf\/\" class=\"advgb-post-tax-term\">g1<\/a>"],"unlinked":["<span class=\"advgb-post-tax-term\">g1<\/span>"]}},"comment_count":"0","relative_dates":{"created":"Publicado 3 anos atr\u00e1s","modified":"Atualizado 3 anos atr\u00e1s"},"absolute_dates":{"created":"Publicado em 12 de maio de 2023","modified":"Atualizado em 12 de maio de 2023"},"absolute_dates_time":{"created":"Publicado em 12 de maio de 2023 10:17","modified":"Atualizado em 12 de maio de 2023 10:17"},"featured_img_caption":"","series_order":"","_links":{"self":[{"href":"https:\/\/sindaopcpb.org.br\/index.php\/wp-json\/wp\/v2\/posts\/16140","targetHints":{"allow":["GET"]}}],"collection":[{"href":"https:\/\/sindaopcpb.org.br\/index.php\/wp-json\/wp\/v2\/posts"}],"about":[{"href":"https:\/\/sindaopcpb.org.br\/index.php\/wp-json\/wp\/v2\/types\/post"}],"author":[{"embeddable":true,"href":"https:\/\/sindaopcpb.org.br\/index.php\/wp-json\/wp\/v2\/users\/44"}],"replies":[{"embeddable":true,"href":"https:\/\/sindaopcpb.org.br\/index.php\/wp-json\/wp\/v2\/comments?post=16140"}],"version-history":[{"count":1,"href":"https:\/\/sindaopcpb.org.br\/index.php\/wp-json\/wp\/v2\/posts\/16140\/revisions"}],"predecessor-version":[{"id":16141,"href":"https:\/\/sindaopcpb.org.br\/index.php\/wp-json\/wp\/v2\/posts\/16140\/revisions\/16141"}],"wp:attachment":[{"href":"https:\/\/sindaopcpb.org.br\/index.php\/wp-json\/wp\/v2\/media?parent=16140"}],"wp:term":[{"taxonomy":"category","embeddable":true,"href":"https:\/\/sindaopcpb.org.br\/index.php\/wp-json\/wp\/v2\/categories?post=16140"},{"taxonomy":"post_tag","embeddable":true,"href":"https:\/\/sindaopcpb.org.br\/index.php\/wp-json\/wp\/v2\/tags?post=16140"}],"curies":[{"name":"wp","href":"https:\/\/api.w.org\/{rel}","templated":true}]}}