{"id":16138,"date":"2023-05-12T10:31:25","date_gmt":"2023-05-12T13:31:25","guid":{"rendered":"https:\/\/www.infomoney.com.br\/?p=2132480"},"modified":"2023-05-12T10:31:25","modified_gmt":"2023-05-12T13:31:25","slug":"barroso-reduz-tempo-de-quarentena-para-entrada-em-terras-indigenas","status":"publish","type":"post","link":"https:\/\/sindaopcpb.org.br\/index.php\/2023\/05\/12\/barroso-reduz-tempo-de-quarentena-para-entrada-em-terras-indigenas\/","title":{"rendered":"Barroso reduz tempo de quarentena para entrada em terras ind\u00edgenas"},"content":{"rendered":"<p><img loading=\"lazy\" width=\"300\" height=\"194\" src=\"https:\/\/www.infomoney.com.br\/wp-content\/uploads\/2022\/09\/Captura-de-Tela-2022-09-06-a%CC%80s-13.50.55.png?fit=300%2C194&amp;quality=70&amp;strip=all\" class=\"attachment-medium size-medium wp-post-image\" alt=\"Ministro Lu\u00eds Roberto Barroso, do Supremo Tribunal Federal, em entrevista ao InfoMoney, na sede do portal em S\u00e3o Paulo (Foto: Thiago Vianna)\" decoding=\"async\" style=\"float:right; margin:0 0 10px 10px;\" srcset=\"https:\/\/www.infomoney.com.br\/wp-content\/uploads\/2022\/09\/Captura-de-Tela-2022-09-06-a\u0300s-13.50.55.png?w=807&amp;quality=70&amp;strip=all 807w, https:\/\/www.infomoney.com.br\/wp-content\/uploads\/2022\/09\/Captura-de-Tela-2022-09-06-a\u0300s-13.50.55.png?w=300&amp;quality=70&amp;strip=all 300w, https:\/\/www.infomoney.com.br\/wp-content\/uploads\/2022\/09\/Captura-de-Tela-2022-09-06-a\u0300s-13.50.55.png?w=768&amp;quality=70&amp;strip=all 768w, https:\/\/www.infomoney.com.br\/wp-content\/uploads\/2022\/09\/Captura-de-Tela-2022-09-06-a\u0300s-13.50.55.png?w=150&amp;quality=70&amp;strip=all 150w\" sizes=\"auto, (max-width: 300px) 100vw, 300px\" data-attachment-id=\"1929118\" data-permalink=\"https:\/\/www.infomoney.com.br\/politica\/barroso-nega-ativismo-do-poder-judiciario-e-lista-5-elementos-que-colocam-o-supremo-nos-holofotes\/attachment\/captura-de-tela-2022-09-06-as-13-50-55\/\" data-orig-file=\"https:\/\/www.infomoney.com.br\/wp-content\/uploads\/2022\/09\/Captura-de-Tela-2022-09-06-a\u0300s-13.50.55.png?fit=807%2C522&amp;quality=70&amp;strip=all\" data-orig-size=\"807,522\" data-comments-opened=\"0\" data-image-meta=\"{&quot;aperture&quot;:&quot;0&quot;,&quot;credit&quot;:&quot;&quot;,&quot;camera&quot;:&quot;&quot;,&quot;caption&quot;:&quot;&quot;,&quot;created_timestamp&quot;:&quot;0&quot;,&quot;copyright&quot;:&quot;&quot;,&quot;focal_length&quot;:&quot;0&quot;,&quot;iso&quot;:&quot;0&quot;,&quot;shutter_speed&quot;:&quot;0&quot;,&quot;title&quot;:&quot;&quot;,&quot;orientation&quot;:&quot;0&quot;}\" data-image-title=\"Ministro Lu\u00eds Roberto Barroso, do Supremo Tribunal Federal, em entrevista ao InfoMoney, na sede do portal em S\u00e3o Paulo (Foto: Thiago Vianna)\" data-image-description=\"&lt;p&gt;Ministro Lu\u00eds Roberto Barroso, do Supremo Tribunal Federal, em entrevista ao InfoMoney, na sede do portal em S\u00e3o Paulo (Foto: Thiago Vianna)&lt;\/p&gt;\n\" data-image-caption=\"&lt;p&gt;Ministro Lu\u00eds Roberto Barroso, do Supremo Tribunal Federal, em entrevista ao InfoMoney, na sede do portal em S\u00e3o Paulo (Foto: Thiago Vianna)&lt;\/p&gt;\n\" data-medium-file=\"https:\/\/www.infomoney.com.br\/wp-content\/uploads\/2022\/09\/Captura-de-Tela-2022-09-06-a\u0300s-13.50.55.png?fit=300%2C194&amp;quality=70&amp;strip=all\" data-large-file=\"https:\/\/www.infomoney.com.br\/wp-content\/uploads\/2022\/09\/Captura-de-Tela-2022-09-06-a\u0300s-13.50.55.png?fit=807%2C522&amp;quality=70&amp;strip=all\" title=\"\"><\/p>\n<p>O ministro Lu\u00eds Roberto Barroso, do Supremo Tribunal Federal (STF), decidiu nesta quinta-feira (11) reduzir para sete dias a quarentena para ingresso de pessoas em territ\u00f3rios de ind\u00edgenas isolados ou de recente contato.<\/p>\n<p>A decis\u00e3o foi motivada por um pedido do governo federal para reduzir o per\u00edodo de quarentena para agilizar a chegada de assist\u00eancia de sa\u00fade nas regi\u00f5es. Segundo o processo, a medida n\u00e3o coloca em risco os ind\u00edgenas devido \u00e0 redu\u00e7\u00e3o do cont\u00e1gio da covid-19 no pa\u00eds.<\/p>\n<p>Em manifesta\u00e7\u00e3o solicitada pelo ministro Barroso, o Grupo Tem\u00e1tico de Sa\u00fade Ind\u00edgena (GT de Sa\u00fade Ind\u00edgena) da Associa\u00e7\u00e3o Brasileira de Sa\u00fade Coletiva (Abrasco) e da Funda\u00e7\u00e3o Oswaldo Cruz (Fiocruz) posicionaram-se favor\u00e1veis \u00e0 mudan\u00e7a, desde que sejam cumpridas algumas condi\u00e7\u00f5es, como testagem de quem foi entrar no territ\u00f3rio e busca ativa de casos suspeitos.<\/p>\n<p>A liminar do ministro vale para as bases de prote\u00e7\u00e3o etnoambiental de Coari\/Korubo, Suruwah\u00e1, Korubo II, Xinane e de Omer\u00ea.<\/p>\n<p>Em 2020, Barroso determinou a ado\u00e7\u00e3o de uma s\u00e9rie de medidas para conter o cont\u00e1gio e as mortes por covid-19 entre a popula\u00e7\u00e3o ind\u00edgena. Entre as medidas determinadas est\u00e1 a instala\u00e7\u00e3o de barreiras sanit\u00e1rias para proteger os ind\u00edgenas isolados \u2013 que por escolha pr\u00f3pria n\u00e3o t\u00eam contato com o mundo externo \u2013 e tamb\u00e9m os de contato recente com a sociedade.<\/p>\n<p>The post <a rel=\"nofollow noopener\" href=\"https:\/\/www.infomoney.com.br\/politica\/barroso-reduz-tempo-de-quarentena-para-entrada-em-terras-indigenas\/\" target=\"_blank\">Barroso reduz tempo de quarentena para entrada em terras ind\u00edgenas<\/a> appeared first on <a rel=\"nofollow noopener\" href=\"https:\/\/www.infomoney.com.br\/\" target=\"_blank\">InfoMoney<\/a>.<\/p>\n","protected":false},"excerpt":{"rendered":"<p><img loading=\"lazy\" decoding=\"async\" width=\"300\" height=\"194\" src=\"https:\/\/www.infomoney.com.br\/wp-content\/uploads\/2022\/09\/Captura-de-Tela-2022-09-06-a%CC%80s-13.50.55.png?fit=300%2C194&amp;quality=70&amp;strip=all\" class=\"attachment-medium size-medium wp-post-image\" alt=\"Ministro Lu\u00eds Roberto Barroso, do Supremo Tribunal Federal, em entrevista ao InfoMoney, na sede do portal em S\u00e3o Paulo (Foto: Thiago Vianna)\" data-attachment-id=\"1929118\" data-permalink=\"https:\/\/www.infomoney.com.br\/politica\/barroso-nega-ativismo-do-poder-judiciario-e-lista-5-elementos-que-colocam-o-supremo-nos-holofotes\/attachment\/captura-de-tela-2022-09-06-as-13-50-55\/\" data-orig-file=\"https:\/\/www.infomoney.com.br\/wp-content\/uploads\/2022\/09\/Captura-de-Tela-2022-09-06-a\u0300s-13.50.55.png?fit=807%2C522&amp;quality=70&amp;strip=all\" data-orig-size=\"807,522\" data-comments-opened=\"0\" data-image-meta='{\"aperture\":\"0\",\"credit\":\"\",\"camera\":\"\",\"caption\":\"\",\"created_timestamp\":\"0\",\"copyright\":\"\",\"focal_length\":\"0\",\"iso\":\"0\",\"shutter_speed\":\"0\",\"title\":\"\",\"orientation\":\"0\"}' data-image-title=\"Ministro Lu\u00eds Roberto Barroso, do Supremo Tribunal Federal, em entrevista ao InfoMoney, na sede do portal em S\u00e3o Paulo (Foto: Thiago Vianna)\" data-image-description=\"&lt;p&gt;Ministro Lu\u00eds Roberto Barroso, do Supremo Tribunal Federal, em entrevista ao InfoMoney, na sede do portal em S\u00e3o Paulo (Foto: Thiago Vianna)&lt;\/p&gt;\n\" data-image-caption=\"&lt;p&gt;Ministro Lu\u00eds Roberto Barroso, do Supremo Tribunal Federal, em entrevista ao InfoMoney, na sede do portal em S\u00e3o Paulo (Foto: Thiago Vianna)&lt;\/p&gt;\n\" data-medium-file=\"https:\/\/www.infomoney.com.br\/wp-content\/uploads\/2022\/09\/Captura-de-Tela-2022-09-06-a\u0300s-13.50.55.png?fit=300%2C194&amp;quality=70&amp;strip=all\" data-large-file=\"https:\/\/www.infomoney.com.br\/wp-content\/uploads\/2022\/09\/Captura-de-Tela-2022-09-06-a\u0300s-13.50.55.png?fit=807%2C522&amp;quality=70&amp;strip=all\">Liminar do ministro vale para as bases de prote\u00e7\u00e3o etnoambiental de Coari\/Korubo, Suruwah\u00e1, Korubo II, Xinane e de Omer\u00ea<\/p>\n<p>The post <a rel=\"nofollow\" href=\"https:\/\/www.infomoney.com.br\/politica\/barroso-reduz-tempo-de-quarentena-para-entrada-em-terras-indigenas\/\">Barroso reduz tempo de quarentena para entrada em terras ind\u00edgenas<\/a> appeared first on <a rel=\"nofollow\" href=\"https:\/\/www.infomoney.com.br\/\">InfoMoney<\/a>.<\/p>\n","protected":false},"author":44,"featured_media":0,"comment_status":"closed","ping_status":"closed","sticky":false,"template":"","format":"standard","meta":{"advgb_blocks_editor_width":"","advgb_blocks_columns_visual_guide":"","footnotes":""},"categories":[34,1391,47,449],"tags":[35],"class_list":["post-16138","post","type-post","status-publish","format-standard","hentry","category-g1","category-luis-roberto-barroso","category-politica","category-stf","tag-g1"],"author_meta":{"display_name":"Ag\u00eancia Brasil","author_link":"https:\/\/sindaopcpb.org.br\/author\/agencia-brasil\/"},"featured_img":null,"coauthors":[],"tax_additional":{"categories":{"linked":["<a href=\"https:\/\/sindaopcpb.org.br\/g1\/\" class=\"advgb-post-tax-term\">G1<\/a>","<a href=\"https:\/\/sindaopcpb.org.br\/luis-roberto-barroso\/\" class=\"advgb-post-tax-term\">Lu\u00eds Roberto Barroso<\/a>","<a href=\"https:\/\/sindaopcpb.org.br\/politica\/\" class=\"advgb-post-tax-term\">POLITICA<\/a>","<a href=\"https:\/\/sindaopcpb.org.br\/stf\/\" class=\"advgb-post-tax-term\">STF<\/a>"],"unlinked":["<span class=\"advgb-post-tax-term\">G1<\/span>","<span class=\"advgb-post-tax-term\">Lu\u00eds Roberto Barroso<\/span>","<span class=\"advgb-post-tax-term\">POLITICA<\/span>","<span class=\"advgb-post-tax-term\">STF<\/span>"]},"tags":{"linked":["<a href=\"https:\/\/sindaopcpb.org.br\/stf\/\" class=\"advgb-post-tax-term\">g1<\/a>"],"unlinked":["<span class=\"advgb-post-tax-term\">g1<\/span>"]}},"comment_count":"0","relative_dates":{"created":"Publicado 3 anos atr\u00e1s","modified":"Atualizado 3 anos atr\u00e1s"},"absolute_dates":{"created":"Publicado em 12 de maio de 2023","modified":"Atualizado em 12 de maio de 2023"},"absolute_dates_time":{"created":"Publicado em 12 de maio de 2023 10:31","modified":"Atualizado em 12 de maio de 2023 10:31"},"featured_img_caption":"","series_order":"","_links":{"self":[{"href":"https:\/\/sindaopcpb.org.br\/index.php\/wp-json\/wp\/v2\/posts\/16138","targetHints":{"allow":["GET"]}}],"collection":[{"href":"https:\/\/sindaopcpb.org.br\/index.php\/wp-json\/wp\/v2\/posts"}],"about":[{"href":"https:\/\/sindaopcpb.org.br\/index.php\/wp-json\/wp\/v2\/types\/post"}],"author":[{"embeddable":true,"href":"https:\/\/sindaopcpb.org.br\/index.php\/wp-json\/wp\/v2\/users\/44"}],"replies":[{"embeddable":true,"href":"https:\/\/sindaopcpb.org.br\/index.php\/wp-json\/wp\/v2\/comments?post=16138"}],"version-history":[{"count":1,"href":"https:\/\/sindaopcpb.org.br\/index.php\/wp-json\/wp\/v2\/posts\/16138\/revisions"}],"predecessor-version":[{"id":16139,"href":"https:\/\/sindaopcpb.org.br\/index.php\/wp-json\/wp\/v2\/posts\/16138\/revisions\/16139"}],"wp:attachment":[{"href":"https:\/\/sindaopcpb.org.br\/index.php\/wp-json\/wp\/v2\/media?parent=16138"}],"wp:term":[{"taxonomy":"category","embeddable":true,"href":"https:\/\/sindaopcpb.org.br\/index.php\/wp-json\/wp\/v2\/categories?post=16138"},{"taxonomy":"post_tag","embeddable":true,"href":"https:\/\/sindaopcpb.org.br\/index.php\/wp-json\/wp\/v2\/tags?post=16138"}],"curies":[{"name":"wp","href":"https:\/\/api.w.org\/{rel}","templated":true}]}}