{"id":16087,"date":"2023-05-11T18:41:00","date_gmt":"2023-05-11T21:41:00","guid":{"rendered":"https:\/\/www.infomoney.com.br\/?p=2131706"},"modified":"2023-05-11T18:41:00","modified_gmt":"2023-05-11T21:41:00","slug":"alckmin-anuncia-aval-britanico-para-desburocratizar-exportacao-de-frango-brasileiro","status":"publish","type":"post","link":"https:\/\/sindaopcpb.org.br\/index.php\/2023\/05\/11\/alckmin-anuncia-aval-britanico-para-desburocratizar-exportacao-de-frango-brasileiro\/","title":{"rendered":"Alckmin anuncia aval brit\u00e2nico para desburocratizar exporta\u00e7\u00e3o de frango brasileiro"},"content":{"rendered":"<p><img loading=\"lazy\" width=\"300\" height=\"225\" src=\"https:\/\/www.infomoney.com.br\/wp-content\/uploads\/2022\/11\/7.-08112022-pzzb1494.jpg?fit=300%2C225&amp;quality=70&amp;strip=all\" class=\"attachment-medium size-medium wp-post-image\" alt=\"\" decoding=\"async\" style=\"float:right; margin:0 0 10px 10px;\" srcset=\"https:\/\/www.infomoney.com.br\/wp-content\/uploads\/2022\/11\/7.-08112022-pzzb1494.jpg?w=1024&amp;quality=70&amp;strip=all 1024w, https:\/\/www.infomoney.com.br\/wp-content\/uploads\/2022\/11\/7.-08112022-pzzb1494.jpg?w=300&amp;quality=70&amp;strip=all 300w, https:\/\/www.infomoney.com.br\/wp-content\/uploads\/2022\/11\/7.-08112022-pzzb1494.jpg?w=768&amp;quality=70&amp;strip=all 768w, https:\/\/www.infomoney.com.br\/wp-content\/uploads\/2022\/11\/7.-08112022-pzzb1494.jpg?w=150&amp;quality=70&amp;strip=all 150w\" sizes=\"auto, (max-width: 300px) 100vw, 300px\" data-attachment-id=\"1987730\" data-permalink=\"https:\/\/www.infomoney.com.br\/politica\/alckmin-governo-lula-vai-fechar-contas-no-azul-e-reduzir-divida-mas-nao-em-24h\/attachment\/7-08112022-pzzb1494\/\" data-orig-file=\"https:\/\/www.infomoney.com.br\/wp-content\/uploads\/2022\/11\/7.-08112022-pzzb1494.jpg?fit=1024%2C768&amp;quality=70&amp;strip=all\" data-orig-size=\"1024,768\" data-comments-opened=\"0\" data-image-meta=\"{&quot;aperture&quot;:&quot;2.8&quot;,&quot;credit&quot;:&quot;Fabio Rodrigues-Pozzebom\\\/ Ag\\u00eancia Brasil&quot;,&quot;camera&quot;:&quot;Canon EOS 7D Mark II&quot;,&quot;caption&quot;:&quot;O vice-presidente eleito e coordenador da Transi\\u00e7\\u00e3o, Geraldo Alckmin, apresentou em coletiva nomes que compor\\u00e3o os grupos t\\u00e9cnicos da transi\\u00e7\\u00e3o&quot;,&quot;created_timestamp&quot;:&quot;1667923550&quot;,&quot;copyright&quot;:&quot;Ag\\u00eancia Brasil\\\/EBC&quot;,&quot;focal_length&quot;:&quot;200&quot;,&quot;iso&quot;:&quot;1250&quot;,&quot;shutter_speed&quot;:&quot;0.005&quot;,&quot;title&quot;:&quot;&quot;,&quot;orientation&quot;:&quot;0&quot;}\" data-image-title=\"Geraldo Alckmin\" data-image-description=\"\" data-image-caption=\"&lt;p&gt;O vice-presidente eleito, Geraldo Alckmin (PSB), no CCBB, em Bras\u00edlia (Foto: Fabio Rodrigues-Pozzebom\/ Ag\u00eancia Brasil)&lt;\/p&gt;\n\" data-medium-file=\"https:\/\/www.infomoney.com.br\/wp-content\/uploads\/2022\/11\/7.-08112022-pzzb1494.jpg?fit=300%2C225&amp;quality=70&amp;strip=all\" data-large-file=\"https:\/\/www.infomoney.com.br\/wp-content\/uploads\/2022\/11\/7.-08112022-pzzb1494.jpg?fit=1024%2C768&amp;quality=70&amp;strip=all\" title=\"\"><\/p>\n<p>O vice-presidente da Rep\u00fablica e ministro do Desenvolvimento, Ind\u00fastria, Com\u00e9rcio e Servi\u00e7os, Geraldo Alckmin, anunciou o aval do Reino Unido para a desburocratiza\u00e7\u00e3o da exporta\u00e7\u00e3o de frango do Brasil ao pa\u00eds, em que os exportadores de carne de frango passar\u00e3o a ter custo zero para a emiss\u00e3o de Certificados de Origem para o mercado. De acordo com Alckmin, haver\u00e1 um esfor\u00e7o para fortalecer o empreendedorismo e possibilidade de cr\u00e9dito no Pa\u00eds.<\/p>\n<p>&#8220;O Reino Unido j\u00e1 aceitou, \u00e9 tudo digitalizado, n\u00e3o paga mais nada, zero, n\u00e3o tem taxa digital, sai na hora, desburocratizou&#8221;, disse o ministro, ap\u00f3s reuni\u00e3o com o presidente do Sebrae, D\u00e9cio Lima, nesta quinta-feira, 11, para tra\u00e7ar prioridades para o empreendedorismo.<\/p>\n<p>De acordo com ele, o pr\u00f3ximo passo \u00e9 a Uni\u00e3o Europeia. Ao desburocratizar os procedimentos ao com\u00e9rcio exterior, Alckmin destaca que h\u00e1 uma redu\u00e7\u00e3o de custos e est\u00edmulo \u00e0 atividade econ\u00f4mica nacional.<\/p>\n<p>Os Certificados de Origem s\u00e3o necess\u00e1rios para o ingresso de produtos nos mercados da Uni\u00e3o Europeia e do Reino Unido, com descontos nas tarifas de importa\u00e7\u00e3o cobradas por aqueles destinos. Com a nova medida, esses documentos ser\u00e3o emitidos digitalmente, fazendo com que o exportador n\u00e3o precise enviar o documento f\u00edsico ao exterior.<\/p>\n<p>Ao comentar sobre a reuni\u00e3o, Alckmin disse que o Minist\u00e9rio do Desenvolvimento, Ind\u00fastria, Com\u00e9rcio e Servi\u00e7os (MDIC) trabalhar\u00e1 com o Sebrae com foco tamb\u00e9m na micro e pequena empresa, al\u00e9m do oferecimento de cr\u00e9dito, exporta\u00e7\u00e3o e treinamentos. &#8220;Trabalho muito proveitoso&#8221;, classificou.<\/p>\n<p>The post <a rel=\"nofollow noopener\" href=\"https:\/\/www.infomoney.com.br\/negocios\/alckmin-anuncia-aval-britanico-para-desburocratizar-exportacao-de-frango-brasileiro\/\" target=\"_blank\">Alckmin anuncia aval brit\u00e2nico para desburocratizar exporta\u00e7\u00e3o de frango brasileiro<\/a> appeared first on <a rel=\"nofollow noopener\" href=\"https:\/\/www.infomoney.com.br\/\" target=\"_blank\">InfoMoney<\/a>.<\/p>\n","protected":false},"excerpt":{"rendered":"<p><img loading=\"lazy\" decoding=\"async\" width=\"300\" height=\"225\" src=\"https:\/\/www.infomoney.com.br\/wp-content\/uploads\/2022\/11\/7.-08112022-pzzb1494.jpg?fit=300%2C225&amp;quality=70&amp;strip=all\" class=\"attachment-medium size-medium wp-post-image\" alt=\"\" data-attachment-id=\"1987730\" data-permalink=\"https:\/\/www.infomoney.com.br\/politica\/alckmin-governo-lula-vai-fechar-contas-no-azul-e-reduzir-divida-mas-nao-em-24h\/attachment\/7-08112022-pzzb1494\/\" data-orig-file=\"https:\/\/www.infomoney.com.br\/wp-content\/uploads\/2022\/11\/7.-08112022-pzzb1494.jpg?fit=1024%2C768&amp;quality=70&amp;strip=all\" data-orig-size=\"1024,768\" data-comments-opened=\"0\" data-image-meta='{\"aperture\":\"2.8\",\"credit\":\"Fabio Rodrigues-Pozzebom\\\/ Ag\\u00eancia Brasil\",\"camera\":\"Canon EOS 7D Mark II\",\"caption\":\"O vice-presidente eleito e coordenador da Transi\\u00e7\\u00e3o, Geraldo Alckmin, apresentou em coletiva nomes que compor\\u00e3o os grupos t\\u00e9cnicos da transi\\u00e7\\u00e3o\",\"created_timestamp\":\"1667923550\",\"copyright\":\"Ag\\u00eancia Brasil\\\/EBC\",\"focal_length\":\"200\",\"iso\":\"1250\",\"shutter_speed\":\"0.005\",\"title\":\"\",\"orientation\":\"0\"}' data-image-title=\"Geraldo Alckmin\" data-image-description=\"\" data-image-caption=\"&lt;p&gt;O vice-presidente eleito, Geraldo Alckmin (PSB), no CCBB, em Bras\u00edlia (Foto: Fabio Rodrigues-Pozzebom\/ Ag\u00eancia Brasil)&lt;\/p&gt;\n\" data-medium-file=\"https:\/\/www.infomoney.com.br\/wp-content\/uploads\/2022\/11\/7.-08112022-pzzb1494.jpg?fit=300%2C225&amp;quality=70&amp;strip=all\" data-large-file=\"https:\/\/www.infomoney.com.br\/wp-content\/uploads\/2022\/11\/7.-08112022-pzzb1494.jpg?fit=1024%2C768&amp;quality=70&amp;strip=all\">Ao desburocratizar os procedimentos ao com\u00e9rcio exterior, Alckmin destaca que h\u00e1 uma redu\u00e7\u00e3o de custos e est\u00edmulo \u00e0 atividade econ\u00f4mica nacional<\/p>\n<p>The post <a rel=\"nofollow\" href=\"https:\/\/www.infomoney.com.br\/negocios\/alckmin-anuncia-aval-britanico-para-desburocratizar-exportacao-de-frango-brasileiro\/\">Alckmin anuncia aval brit\u00e2nico para desburocratizar exporta\u00e7\u00e3o de frango brasileiro<\/a> appeared first on <a rel=\"nofollow\" href=\"https:\/\/www.infomoney.com.br\/\">InfoMoney<\/a>.<\/p>\n","protected":false},"author":43,"featured_media":0,"comment_status":"closed","ping_status":"closed","sticky":false,"template":"","format":"standard","meta":{"advgb_blocks_editor_width":"","advgb_blocks_columns_visual_guide":"","footnotes":""},"categories":[34,340,2233,120,47],"tags":[35],"class_list":["post-16087","post","type-post","status-publish","format-standard","hentry","category-g1","category-geraldo-alckmin","category-ministerio-do-desenvolvimento","category-negocios","category-politica","tag-g1"],"author_meta":{"display_name":"Estad\u00e3o Conte\u00fado","author_link":"https:\/\/sindaopcpb.org.br\/author\/estadao-conteudo\/"},"featured_img":null,"coauthors":[],"tax_additional":{"categories":{"linked":["<a href=\"https:\/\/sindaopcpb.org.br\/g1\/\" class=\"advgb-post-tax-term\">G1<\/a>","<a href=\"https:\/\/sindaopcpb.org.br\/geraldo-alckmin\/\" class=\"advgb-post-tax-term\">Geraldo Alckmin<\/a>","<a href=\"https:\/\/sindaopcpb.org.br\/ministerio-do-desenvolvimento\/\" class=\"advgb-post-tax-term\">Minist\u00e9rio do Desenvolvimento<\/a>","<a href=\"https:\/\/sindaopcpb.org.br\/negocios\/\" class=\"advgb-post-tax-term\">Neg\u00f3cios<\/a>","<a href=\"https:\/\/sindaopcpb.org.br\/politica\/\" class=\"advgb-post-tax-term\">POLITICA<\/a>"],"unlinked":["<span class=\"advgb-post-tax-term\">G1<\/span>","<span class=\"advgb-post-tax-term\">Geraldo Alckmin<\/span>","<span class=\"advgb-post-tax-term\">Minist\u00e9rio do Desenvolvimento<\/span>","<span class=\"advgb-post-tax-term\">Neg\u00f3cios<\/span>","<span class=\"advgb-post-tax-term\">POLITICA<\/span>"]},"tags":{"linked":["<a href=\"https:\/\/sindaopcpb.org.br\/politica\/\" class=\"advgb-post-tax-term\">g1<\/a>"],"unlinked":["<span class=\"advgb-post-tax-term\">g1<\/span>"]}},"comment_count":"0","relative_dates":{"created":"Publicado 3 anos atr\u00e1s","modified":"Atualizado 3 anos atr\u00e1s"},"absolute_dates":{"created":"Publicado em 11 de maio de 2023","modified":"Atualizado em 11 de maio de 2023"},"absolute_dates_time":{"created":"Publicado em 11 de maio de 2023 18:41","modified":"Atualizado em 11 de maio de 2023 18:41"},"featured_img_caption":"","series_order":"","_links":{"self":[{"href":"https:\/\/sindaopcpb.org.br\/index.php\/wp-json\/wp\/v2\/posts\/16087","targetHints":{"allow":["GET"]}}],"collection":[{"href":"https:\/\/sindaopcpb.org.br\/index.php\/wp-json\/wp\/v2\/posts"}],"about":[{"href":"https:\/\/sindaopcpb.org.br\/index.php\/wp-json\/wp\/v2\/types\/post"}],"author":[{"embeddable":true,"href":"https:\/\/sindaopcpb.org.br\/index.php\/wp-json\/wp\/v2\/users\/43"}],"replies":[{"embeddable":true,"href":"https:\/\/sindaopcpb.org.br\/index.php\/wp-json\/wp\/v2\/comments?post=16087"}],"version-history":[{"count":1,"href":"https:\/\/sindaopcpb.org.br\/index.php\/wp-json\/wp\/v2\/posts\/16087\/revisions"}],"predecessor-version":[{"id":16088,"href":"https:\/\/sindaopcpb.org.br\/index.php\/wp-json\/wp\/v2\/posts\/16087\/revisions\/16088"}],"wp:attachment":[{"href":"https:\/\/sindaopcpb.org.br\/index.php\/wp-json\/wp\/v2\/media?parent=16087"}],"wp:term":[{"taxonomy":"category","embeddable":true,"href":"https:\/\/sindaopcpb.org.br\/index.php\/wp-json\/wp\/v2\/categories?post=16087"},{"taxonomy":"post_tag","embeddable":true,"href":"https:\/\/sindaopcpb.org.br\/index.php\/wp-json\/wp\/v2\/tags?post=16087"}],"curies":[{"name":"wp","href":"https:\/\/api.w.org\/{rel}","templated":true}]}}