{"id":16027,"date":"2023-05-11T15:24:20","date_gmt":"2023-05-11T18:24:20","guid":{"rendered":"https:\/\/www.infomoney.com.br\/?p=2131456"},"modified":"2023-05-11T15:24:20","modified_gmt":"2023-05-11T18:24:20","slug":"lula-chama-de-sacanagem-modelo-de-privatizacao-da-eletrobras-e-diz-que-governo-ira-brigar-pela-volta-do-voto-proporcional","status":"publish","type":"post","link":"https:\/\/sindaopcpb.org.br\/index.php\/2023\/05\/11\/lula-chama-de-sacanagem-modelo-de-privatizacao-da-eletrobras-e-diz-que-governo-ira-brigar-pela-volta-do-voto-proporcional\/","title":{"rendered":"Lula chama de \u201csacanagem\u201d modelo de privatiza\u00e7\u00e3o da Eletrobras e diz que governo \u201cir\u00e1 brigar\u201d pela volta do voto proporcional"},"content":{"rendered":"<p><img loading=\"lazy\" width=\"300\" height=\"225\" src=\"https:\/\/www.infomoney.com.br\/wp-content\/uploads\/2023\/04\/ja_2180.jpg?fit=300%2C225&amp;quality=70&amp;strip=all\" class=\"attachment-medium size-medium wp-post-image\" alt=\"Bras\u00edlia (DF) 10-04-2023 - O presidente Luiz In\u00e1cio Lula da Silva participa no Pal\u00e1cio do Planalto da Reuni\u00e3o ministerial dos 100 dias de governo. Foto: Jo\u00e9dson Alves\/Ag\u00eancia Brasil\" decoding=\"async\" style=\"float:right; margin:0 0 10px 10px;\" srcset=\"https:\/\/www.infomoney.com.br\/wp-content\/uploads\/2023\/04\/ja_2180.jpg?w=1024&amp;quality=70&amp;strip=all 1024w, https:\/\/www.infomoney.com.br\/wp-content\/uploads\/2023\/04\/ja_2180.jpg?w=300&amp;quality=70&amp;strip=all 300w, https:\/\/www.infomoney.com.br\/wp-content\/uploads\/2023\/04\/ja_2180.jpg?w=768&amp;quality=70&amp;strip=all 768w, https:\/\/www.infomoney.com.br\/wp-content\/uploads\/2023\/04\/ja_2180.jpg?w=150&amp;quality=70&amp;strip=all 150w\" sizes=\"auto, (max-width: 300px) 100vw, 300px\" data-attachment-id=\"2103809\" data-permalink=\"https:\/\/www.infomoney.com.br\/_ja_2180\/\" data-orig-file=\"https:\/\/www.infomoney.com.br\/wp-content\/uploads\/2023\/04\/ja_2180.jpg?fit=1024%2C768&amp;quality=70&amp;strip=all\" data-orig-size=\"1024,768\" data-comments-opened=\"0\" data-image-meta=\"{&quot;aperture&quot;:&quot;4&quot;,&quot;credit&quot;:&quot;&quot;,&quot;camera&quot;:&quot;Canon EOS 5D Mark IV&quot;,&quot;caption&quot;:&quot;&quot;,&quot;created_timestamp&quot;:&quot;1681127125&quot;,&quot;copyright&quot;:&quot;&quot;,&quot;focal_length&quot;:&quot;600&quot;,&quot;iso&quot;:&quot;800&quot;,&quot;shutter_speed&quot;:&quot;0.003125&quot;,&quot;title&quot;:&quot;&quot;,&quot;orientation&quot;:&quot;1&quot;}\" data-image-title=\"Bras\u00edlia (DF) 10-04-2023 &#8211; O presidente Luiz In\u00e1cio Lula da Silva participa no Pal\u00e1cio do Planalto da Reuni\u00e3o ministerial dos 100 dias de governo. Foto: Jo\u00e9dson Alves\/Ag\u00eancia Brasil\" data-image-description=\"&lt;p&gt;Bras\u00edlia (DF) 10-04-2023 &#8211; O presidente Luiz In\u00e1cio Lula da Silva participa no Pal\u00e1cio do Planalto da Reuni\u00e3o ministerial dos 100 dias de governo. Foto: Jo\u00e9dson Alves\/Ag\u00eancia Brasil&lt;\/p&gt;\n\" data-image-caption=\"&lt;p&gt;Bras\u00edlia (DF) 10-04-2023 &#8211; O presidente Luiz In\u00e1cio Lula da Silva participa no Pal\u00e1cio do Planalto da Reuni\u00e3o ministerial dos 100 dias de governo. Foto: Jo\u00e9dson Alves\/Ag\u00eancia Brasil&lt;\/p&gt;\n\" data-medium-file=\"https:\/\/www.infomoney.com.br\/wp-content\/uploads\/2023\/04\/ja_2180.jpg?fit=300%2C225&amp;quality=70&amp;strip=all\" data-large-file=\"https:\/\/www.infomoney.com.br\/wp-content\/uploads\/2023\/04\/ja_2180.jpg?fit=1024%2C768&amp;quality=70&amp;strip=all\" title=\"\"><\/p>\n<p>O presidente <strong>Luiz In\u00e1cio Lula da Silva (PT)<\/strong> voltou a fazer, nesta quinta-feira (11), duras cr\u00edticas ao modelo de privatiza\u00e7\u00e3o da Eletrobras e chamou de &#8220;sacanagem&#8221; o dispositivo na legisla\u00e7\u00e3o que impede o governo de ter participa\u00e7\u00e3o no conselho da companhia proporcional \u00e0s a\u00e7\u00f5es ordin\u00e1rias que possui.<\/p>\n<p>Em discurso no lan\u00e7amento\u00a0das plen\u00e1rias estaduais do Plano Plurianual Participativo (PPA), em Salvador (BA), Lula enfatizou que seu governo &#8220;ir\u00e1 brigar&#8221; para ter peso nas decis\u00f5es da empresa equivalente \u00e0 participa\u00e7\u00e3o societ\u00e1ria.<\/p>\n<p>&#8220;A Eletrobras foi privatizada, me parece, por R$ 36 bilh\u00f5es. Para qu\u00ea o governo anterior queria o dinheiro? Queria o dinheiro para levar para o Tesouro, para pagar juro da d\u00edvida interna dele. Ou seja, vendeu uma estatal para pagar juros. Hoje, n\u00f3s n\u00e3o temos estatal e ainda estamos devendo muito&#8221;, criticou.<\/p>\n<p>&#8220;Agora veja a sacanagem &#8211;\u00a0tem gente preocupada com o que eu falo, e o que falo \u00e9 o que aconteceu.\u00a0Veja a sacanagem: o governo tem 43% das a\u00e7\u00f5es da Eletrobras. Mas, no conselho, s\u00f3 tem direito a 1 voto. Os nossos 40 s\u00f3 valem 1. Quem tem 3% tem o mesmo direito do governo&#8221;, disse o presidente.<\/p>\n<p>&#8220;O governo n\u00e3o pode participar e eles querem que a gente fique quieto. N\u00f3s n\u00e3o vamos ficar quietos, n\u00f3s vamos brigar muito por isso&#8221;, reclamou.<\/p>\n<p>Na semana passada o governo ajuizou, por meio da Advocacia-Geral da Uni\u00e3o (AGU), uma A\u00e7\u00e3o Direta de Inconstitucionalidade (ADI 7385)\u00a0contra dispositivos da lei de desestatiza\u00e7\u00e3o da Eletrobras que reduziram o poder de voto da Uni\u00e3o e aos demais acionistas ao teto de 10%.<\/p>\n<p>Na pe\u00e7a, a\u00a0AGU alega que o mecanismo\u00a0\u201creduziu drasticamente\u201d os direitos pol\u00edticos da Uni\u00e3o de forma \u201cinjustific\u00e1vel\u201d. O processo est\u00e1 sob a relatoria do ministro Kassio Nunes Marques, que tamb\u00e9m analisa outras a\u00e7\u00f5es que tratam da desestatiza\u00e7\u00e3o da Eletrobras.\u00a0N\u00e3o h\u00e1 um prazo oficial para que ele apresente um encaminhamento.<\/p>\n<p>Em seu discurso na Bahia, Lula tamb\u00e9m disse que\u00a0n\u00e3o vai privatizar os Correios, n\u00e3o vai \u201cvender mais nada da Petrobras\u201d e vai tentar fazer com que a petroleira tenha gasolina mais barata e volte a construir navios e plataformas.<\/p>\n<p>The post <a rel=\"nofollow noopener\" href=\"https:\/\/www.infomoney.com.br\/politica\/lula-chama-de-sacanagem-modelo-de-privatizacao-da-eletrobras-e-diz-que-governo-ira-brigar-pela-volta-do-voto-proporcional\/\" target=\"_blank\">Lula chama de &#8220;sacanagem&#8221; modelo de privatiza\u00e7\u00e3o da Eletrobras e diz que governo &#8220;ir\u00e1 brigar&#8221; pela volta do voto proporcional<\/a> appeared first on <a rel=\"nofollow noopener\" href=\"https:\/\/www.infomoney.com.br\/\" target=\"_blank\">InfoMoney<\/a>.<\/p>\n","protected":false},"excerpt":{"rendered":"<p><img loading=\"lazy\" decoding=\"async\" width=\"300\" height=\"225\" src=\"https:\/\/www.infomoney.com.br\/wp-content\/uploads\/2023\/04\/ja_2180.jpg?fit=300%2C225&amp;quality=70&amp;strip=all\" class=\"attachment-medium size-medium wp-post-image\" alt=\"Bras\u00edlia (DF) 10-04-2023 - O presidente Luiz In\u00e1cio Lula da Silva participa no Pal\u00e1cio do Planalto da Reuni\u00e3o ministerial dos 100 dias de governo. Foto: Jo\u00e9dson Alves\/Ag\u00eancia Brasil\" data-attachment-id=\"2103809\" data-permalink=\"https:\/\/www.infomoney.com.br\/_ja_2180\/\" data-orig-file=\"https:\/\/www.infomoney.com.br\/wp-content\/uploads\/2023\/04\/ja_2180.jpg?fit=1024%2C768&amp;quality=70&amp;strip=all\" data-orig-size=\"1024,768\" data-comments-opened=\"0\" data-image-meta='{\"aperture\":\"4\",\"credit\":\"\",\"camera\":\"Canon EOS 5D Mark IV\",\"caption\":\"\",\"created_timestamp\":\"1681127125\",\"copyright\":\"\",\"focal_length\":\"600\",\"iso\":\"800\",\"shutter_speed\":\"0.003125\",\"title\":\"\",\"orientation\":\"1\"}' data-image-title=\"Bras\u00edlia (DF) 10-04-2023 \u2013 O presidente Luiz In\u00e1cio Lula da Silva participa no Pal\u00e1cio do Planalto da Reuni\u00e3o ministerial dos 100 dias de governo. Foto: Jo\u00e9dson Alves\/Ag\u00eancia Brasil\" data-image-description=\"&lt;p&gt;Bras\u00edlia (DF) 10-04-2023 \u2013 O presidente Luiz In\u00e1cio Lula da Silva participa no Pal\u00e1cio do Planalto da Reuni\u00e3o ministerial dos 100 dias de governo. Foto: Jo\u00e9dson Alves\/Ag\u00eancia Brasil&lt;\/p&gt;\n\" data-image-caption=\"&lt;p&gt;Bras\u00edlia (DF) 10-04-2023 \u2013 O presidente Luiz In\u00e1cio Lula da Silva participa no Pal\u00e1cio do Planalto da Reuni\u00e3o ministerial dos 100 dias de governo. Foto: Jo\u00e9dson Alves\/Ag\u00eancia Brasil&lt;\/p&gt;\n\" data-medium-file=\"https:\/\/www.infomoney.com.br\/wp-content\/uploads\/2023\/04\/ja_2180.jpg?fit=300%2C225&amp;quality=70&amp;strip=all\" data-large-file=\"https:\/\/www.infomoney.com.br\/wp-content\/uploads\/2023\/04\/ja_2180.jpg?fit=1024%2C768&amp;quality=70&amp;strip=all\">Em discurso pelo lan\u00e7amento do PPA, Lula diz que antecessor usou desestatiza\u00e7\u00e3o para &#8220;pagar juro da d\u00edvida&#8221; e promete n\u00e3o vender &#8220;mais nada&#8221; da Petrobras<\/p>\n<p>The post <a rel=\"nofollow\" href=\"https:\/\/www.infomoney.com.br\/politica\/lula-chama-de-sacanagem-modelo-de-privatizacao-da-eletrobras-e-diz-que-governo-ira-brigar-pela-volta-do-voto-proporcional\/\">Lula chama de \u201csacanagem\u201d modelo de privatiza\u00e7\u00e3o da Eletrobras e diz que governo \u201cir\u00e1 brigar\u201d pela volta do voto proporcional<\/a> appeared first on <a rel=\"nofollow\" href=\"https:\/\/www.infomoney.com.br\/\">InfoMoney<\/a>.<\/p>\n","protected":false},"author":52,"featured_media":0,"comment_status":"closed","ping_status":"closed","sticky":false,"template":"","format":"standard","meta":{"advgb_blocks_editor_width":"","advgb_blocks_columns_visual_guide":"","footnotes":""},"categories":[69,2369,34,129,127,47,365,449],"tags":[35],"class_list":["post-16027","post","type-post","status-publish","format-standard","hentry","category-economia","category-eletrobras","category-g1","category-luiz-inacio-lula-da-silva","category-mercados","category-politica","category-privatizacao","category-stf","tag-g1"],"author_meta":{"display_name":"Marcos Mortari","author_link":"https:\/\/sindaopcpb.org.br\/author\/marcos-mortari\/"},"featured_img":null,"coauthors":[],"tax_additional":{"categories":{"linked":["<a href=\"https:\/\/sindaopcpb.org.br\/economia\/\" class=\"advgb-post-tax-term\">Economia<\/a>","<a href=\"https:\/\/sindaopcpb.org.br\/eletrobras\/\" class=\"advgb-post-tax-term\">Eletrobras<\/a>","<a href=\"https:\/\/sindaopcpb.org.br\/g1\/\" class=\"advgb-post-tax-term\">G1<\/a>","<a href=\"https:\/\/sindaopcpb.org.br\/luiz-inacio-lula-da-silva\/\" class=\"advgb-post-tax-term\">Luiz In\u00e1cio Lula da Silva<\/a>","<a href=\"https:\/\/sindaopcpb.org.br\/mercados\/\" class=\"advgb-post-tax-term\">Mercados<\/a>","<a href=\"https:\/\/sindaopcpb.org.br\/politica\/\" class=\"advgb-post-tax-term\">POLITICA<\/a>","<a href=\"https:\/\/sindaopcpb.org.br\/privatizacao\/\" class=\"advgb-post-tax-term\">Privatiza\u00e7\u00e3o<\/a>","<a href=\"https:\/\/sindaopcpb.org.br\/stf\/\" class=\"advgb-post-tax-term\">STF<\/a>"],"unlinked":["<span class=\"advgb-post-tax-term\">Economia<\/span>","<span class=\"advgb-post-tax-term\">Eletrobras<\/span>","<span class=\"advgb-post-tax-term\">G1<\/span>","<span class=\"advgb-post-tax-term\">Luiz In\u00e1cio Lula da Silva<\/span>","<span class=\"advgb-post-tax-term\">Mercados<\/span>","<span class=\"advgb-post-tax-term\">POLITICA<\/span>","<span class=\"advgb-post-tax-term\">Privatiza\u00e7\u00e3o<\/span>","<span class=\"advgb-post-tax-term\">STF<\/span>"]},"tags":{"linked":["<a href=\"https:\/\/sindaopcpb.org.br\/stf\/\" class=\"advgb-post-tax-term\">g1<\/a>"],"unlinked":["<span class=\"advgb-post-tax-term\">g1<\/span>"]}},"comment_count":"0","relative_dates":{"created":"Publicado 3 anos atr\u00e1s","modified":"Atualizado 3 anos atr\u00e1s"},"absolute_dates":{"created":"Publicado em 11 de maio de 2023","modified":"Atualizado em 11 de maio de 2023"},"absolute_dates_time":{"created":"Publicado em 11 de maio de 2023 15:24","modified":"Atualizado em 11 de maio de 2023 15:24"},"featured_img_caption":"","series_order":"","_links":{"self":[{"href":"https:\/\/sindaopcpb.org.br\/index.php\/wp-json\/wp\/v2\/posts\/16027","targetHints":{"allow":["GET"]}}],"collection":[{"href":"https:\/\/sindaopcpb.org.br\/index.php\/wp-json\/wp\/v2\/posts"}],"about":[{"href":"https:\/\/sindaopcpb.org.br\/index.php\/wp-json\/wp\/v2\/types\/post"}],"author":[{"embeddable":true,"href":"https:\/\/sindaopcpb.org.br\/index.php\/wp-json\/wp\/v2\/users\/52"}],"replies":[{"embeddable":true,"href":"https:\/\/sindaopcpb.org.br\/index.php\/wp-json\/wp\/v2\/comments?post=16027"}],"version-history":[{"count":1,"href":"https:\/\/sindaopcpb.org.br\/index.php\/wp-json\/wp\/v2\/posts\/16027\/revisions"}],"predecessor-version":[{"id":16028,"href":"https:\/\/sindaopcpb.org.br\/index.php\/wp-json\/wp\/v2\/posts\/16027\/revisions\/16028"}],"wp:attachment":[{"href":"https:\/\/sindaopcpb.org.br\/index.php\/wp-json\/wp\/v2\/media?parent=16027"}],"wp:term":[{"taxonomy":"category","embeddable":true,"href":"https:\/\/sindaopcpb.org.br\/index.php\/wp-json\/wp\/v2\/categories?post=16027"},{"taxonomy":"post_tag","embeddable":true,"href":"https:\/\/sindaopcpb.org.br\/index.php\/wp-json\/wp\/v2\/tags?post=16027"}],"curies":[{"name":"wp","href":"https:\/\/api.w.org\/{rel}","templated":true}]}}