{"id":16025,"date":"2023-05-11T15:29:27","date_gmt":"2023-05-11T18:29:27","guid":{"rendered":"https:\/\/www.infomoney.com.br\/?p=2131464"},"modified":"2023-05-11T15:29:27","modified_gmt":"2023-05-11T18:29:27","slug":"comissao-mista-aprova-mp-que-recria-o-programa-bolsa-familia","status":"publish","type":"post","link":"https:\/\/sindaopcpb.org.br\/index.php\/2023\/05\/11\/comissao-mista-aprova-mp-que-recria-o-programa-bolsa-familia\/","title":{"rendered":"Comiss\u00e3o mista aprova MP que recria o programa Bolsa Fam\u00edlia"},"content":{"rendered":"<p><img loading=\"lazy\" width=\"300\" height=\"179\" src=\"https:\/\/www.infomoney.com.br\/wp-content\/uploads\/2023\/04\/novo-cartao-bolsa-familia-2023.jpg?fit=300%2C179&amp;quality=70&amp;strip=all\" class=\"attachment-medium size-medium wp-post-image\" alt=\"\" decoding=\"async\" style=\"float:right; margin:0 0 10px 10px;\" srcset=\"https:\/\/www.infomoney.com.br\/wp-content\/uploads\/2023\/04\/novo-cartao-bolsa-familia-2023.jpg?w=1170&amp;quality=70&amp;strip=all 1170w, https:\/\/www.infomoney.com.br\/wp-content\/uploads\/2023\/04\/novo-cartao-bolsa-familia-2023.jpg?w=300&amp;quality=70&amp;strip=all 300w, https:\/\/www.infomoney.com.br\/wp-content\/uploads\/2023\/04\/novo-cartao-bolsa-familia-2023.jpg?w=768&amp;quality=70&amp;strip=all 768w, https:\/\/www.infomoney.com.br\/wp-content\/uploads\/2023\/04\/novo-cartao-bolsa-familia-2023.jpg?w=150&amp;quality=70&amp;strip=all 150w\" sizes=\"auto, (max-width: 300px) 100vw, 300px\" data-attachment-id=\"2120324\" data-permalink=\"https:\/\/www.infomoney.com.br\/minhas-financas\/novo-cartao-do-bolsa-familia-permitira-compras-e-transferencias-pelo-whatsapp\/attachment\/brasilia-df-novo-cartao-bolsa-familia-2023-foto-mdas-divulgacao\/\" data-orig-file=\"https:\/\/www.infomoney.com.br\/wp-content\/uploads\/2023\/04\/novo-cartao-bolsa-familia-2023.jpg?fit=1170%2C700&amp;quality=70&amp;strip=all\" data-orig-size=\"1170,700\" data-comments-opened=\"0\" data-image-meta=\"{&quot;aperture&quot;:&quot;0&quot;,&quot;credit&quot;:&quot;MDAS\\\/Divulga\\u00e7\\u00e3o&quot;,&quot;camera&quot;:&quot;&quot;,&quot;caption&quot;:&quot;Bras\\u00edlia (DF) -- Novo cart\\u00e3o Bolsa Fam\\u00edlia 2023. Foto: MDAS\\\/Divulga\\u00e7\\u00e3o&quot;,&quot;created_timestamp&quot;:&quot;0&quot;,&quot;copyright&quot;:&quot;&quot;,&quot;focal_length&quot;:&quot;0&quot;,&quot;iso&quot;:&quot;0&quot;,&quot;shutter_speed&quot;:&quot;0&quot;,&quot;title&quot;:&quot;Bras\\u00edlia (DF) -- Novo cart\\u00e3o Bolsa Fam\\u00edlia 2023. Foto: MDAS\\\/Divulga\\u00e7\\u00e3o&quot;,&quot;orientation&quot;:&quot;1&quot;}\" data-image-title=\"Novo cart\u00e3o do Bolsa Fam\u00edlia 2023\" data-image-description=\"\" data-image-caption=\"&lt;p&gt;Novo cart\u00e3o do Bolsa Fam\u00edlia 2023 (Foto: MDAS\/Divulga\u00e7\u00e3o)&lt;\/p&gt;\n\" data-medium-file=\"https:\/\/www.infomoney.com.br\/wp-content\/uploads\/2023\/04\/novo-cartao-bolsa-familia-2023.jpg?fit=300%2C179&amp;quality=70&amp;strip=all\" data-large-file=\"https:\/\/www.infomoney.com.br\/wp-content\/uploads\/2023\/04\/novo-cartao-bolsa-familia-2023.jpg?fit=1170%2C700&amp;quality=70&amp;strip=all\" title=\"\"><\/p>\n<p>A comiss\u00e3o mista que analisa medida provis\u00f3ria do Bolsa Fam\u00edlia (MP 1164\/23) aprovou nesta quarta-feira (10) o relat\u00f3rio do deputado Dr. Francisco (PT-PI). O texto ainda ser\u00e1 votado pelos plen\u00e1rios da C\u00e2mara e do Senado.<\/p>\n<p>O parecer aprovado mant\u00e9m a reativa\u00e7\u00e3o do programa como proposta pelo governo. No entanto, o relator optou por aceitar 43 das 247 emendas feitas ao texto. As principais sugest\u00f5es acatadas tratam da inclus\u00e3o de mulheres que est\u00e3o amamentando entre as benefici\u00e1rias de b\u00f4nus de R$ 50 e da permiss\u00e3o de empr\u00e9stimo consignado com recursos do Benef\u00edcio de Presta\u00e7\u00e3o Continuada (BPC), pago a pessoas idosas e com defici\u00eancia.<\/p>\n<p>Com isso, o texto permite que o BPC seja usado no empr\u00e9stimo consignado na margem de 35%, sendo que 30% seriam destinados exclusivamente a empr\u00e9stimos e financiamentos, e 5% ao pagamento de despesas de cart\u00e3o de cr\u00e9dito.<\/p>\n<h2><strong>Juros mais baixos<\/strong><\/h2>\n<p>A iniciativa foi elogiada pelo deputado Capit\u00e3o Alberto Neto (PL-AM), que defendeu a retomada do acesso ao cr\u00e9dito por fam\u00edlias de baixa renda. \u201cIsso faz com que ele (benefici\u00e1rio) saia dos juros de 20% nas institui\u00e7\u00f5es financeiras com juros predat\u00f3rios e tenha acesso aos juros mais baratos do pa\u00eds\u201d, defendeu.<\/p>\n<p>Na mesma linha, falou o deputado Ricardo Ayres (Republicanos-TO): &#8220;Isso traz uma isonomia com aposentados e pensionistas do INSS que j\u00e1 t\u00eam essa condi\u00e7\u00e3o, quando a gente assegura esses 35% a gente vai dar dignidade a essas fam\u00edlias para que elas possam empreender e buscar outras alternativas de renda&#8221;.<\/p>\n<p>Por meio de acordo, o relator tamb\u00e9m inseriu no parecer a possibilidade de desconto de percentuais do BPC do c\u00e1lculo para receber o Bolsa Fam\u00edlia (renda per capita inferior a R$ 218).<\/p>\n<p>Dr. Francisco observou que a iniciativa resulta em acr\u00e9scimo de R$ 19 bilh\u00f5es ao or\u00e7amento de R$ 175 bilh\u00f5es destinado ao programa. O parlamentar acredita que com a nova reda\u00e7\u00e3o o governo possa &#8220;de forma gradativa tratar o tema\u201d.<\/p>\n<p>O texto aprovado tamb\u00e9m prev\u00ea ainda que os reajustes no valor do benef\u00edcio do programa ser\u00e3o realizados, no m\u00e1ximo, a cada dois anos.<\/p>\n<p>The post <a rel=\"nofollow noopener\" href=\"https:\/\/www.infomoney.com.br\/politica\/comissao-mista-aprova-mp-que-recria-o-programa-bolsa-familia\/\" target=\"_blank\">Comiss\u00e3o mista aprova MP que recria o programa Bolsa Fam\u00edlia<\/a> appeared first on <a rel=\"nofollow noopener\" href=\"https:\/\/www.infomoney.com.br\/\" target=\"_blank\">InfoMoney<\/a>.<\/p>\n","protected":false},"excerpt":{"rendered":"<p><img loading=\"lazy\" decoding=\"async\" width=\"300\" height=\"179\" src=\"https:\/\/www.infomoney.com.br\/wp-content\/uploads\/2023\/04\/novo-cartao-bolsa-familia-2023.jpg?fit=300%2C179&amp;quality=70&amp;strip=all\" class=\"attachment-medium size-medium wp-post-image\" alt=\"\" data-attachment-id=\"2120324\" data-permalink=\"https:\/\/www.infomoney.com.br\/minhas-financas\/novo-cartao-do-bolsa-familia-permitira-compras-e-transferencias-pelo-whatsapp\/attachment\/brasilia-df-novo-cartao-bolsa-familia-2023-foto-mdas-divulgacao\/\" data-orig-file=\"https:\/\/www.infomoney.com.br\/wp-content\/uploads\/2023\/04\/novo-cartao-bolsa-familia-2023.jpg?fit=1170%2C700&amp;quality=70&amp;strip=all\" data-orig-size=\"1170,700\" data-comments-opened=\"0\" data-image-meta='{\"aperture\":\"0\",\"credit\":\"MDAS\\\/Divulga\\u00e7\\u00e3o\",\"camera\":\"\",\"caption\":\"Bras\\u00edlia (DF) -- Novo cart\\u00e3o Bolsa Fam\\u00edlia 2023. Foto: MDAS\\\/Divulga\\u00e7\\u00e3o\",\"created_timestamp\":\"0\",\"copyright\":\"\",\"focal_length\":\"0\",\"iso\":\"0\",\"shutter_speed\":\"0\",\"title\":\"Bras\\u00edlia (DF) -- Novo cart\\u00e3o Bolsa Fam\\u00edlia 2023. Foto: MDAS\\\/Divulga\\u00e7\\u00e3o\",\"orientation\":\"1\"}' data-image-title=\"Novo cart\u00e3o do Bolsa Fam\u00edlia 2023\" data-image-description=\"\" data-image-caption=\"&lt;p&gt;Novo cart\u00e3o do Bolsa Fam\u00edlia 2023 (Foto: MDAS\/Divulga\u00e7\u00e3o)&lt;\/p&gt;\n\" data-medium-file=\"https:\/\/www.infomoney.com.br\/wp-content\/uploads\/2023\/04\/novo-cartao-bolsa-familia-2023.jpg?fit=300%2C179&amp;quality=70&amp;strip=all\" data-large-file=\"https:\/\/www.infomoney.com.br\/wp-content\/uploads\/2023\/04\/novo-cartao-bolsa-familia-2023.jpg?fit=1170%2C700&amp;quality=70&amp;strip=all\">Entre as mudan\u00e7as aprovadas est\u00e1 a inclus\u00e3o de mulheres que amamentam entre as benefici\u00e1rias de b\u00f4nus de R$ 50<\/p>\n<p>The post <a rel=\"nofollow\" href=\"https:\/\/www.infomoney.com.br\/politica\/comissao-mista-aprova-mp-que-recria-o-programa-bolsa-familia\/\">Comiss\u00e3o mista aprova MP que recria o programa Bolsa Fam\u00edlia<\/a> appeared first on <a rel=\"nofollow\" href=\"https:\/\/www.infomoney.com.br\/\">InfoMoney<\/a>.<\/p>\n","protected":false},"author":47,"featured_media":0,"comment_status":"closed","ping_status":"closed","sticky":false,"template":"","format":"standard","meta":{"advgb_blocks_editor_width":"","advgb_blocks_columns_visual_guide":"","footnotes":""},"categories":[672,276,34,47,403],"tags":[35],"class_list":["post-16025","post","type-post","status-publish","format-standard","hentry","category-bolsa-familia","category-camara-dos-deputados","category-g1","category-politica","category-senado","tag-g1"],"author_meta":{"display_name":"luispereira","author_link":"https:\/\/sindaopcpb.org.br\/author\/luispereira\/"},"featured_img":null,"coauthors":[],"tax_additional":{"categories":{"linked":["<a href=\"https:\/\/sindaopcpb.org.br\/bolsa-familia\/\" class=\"advgb-post-tax-term\">Bolsa Fam\u00edlia<\/a>","<a href=\"https:\/\/sindaopcpb.org.br\/camara-dos-deputados\/\" class=\"advgb-post-tax-term\">C\u00e2mara dos Deputados<\/a>","<a href=\"https:\/\/sindaopcpb.org.br\/g1\/\" class=\"advgb-post-tax-term\">G1<\/a>","<a href=\"https:\/\/sindaopcpb.org.br\/politica\/\" class=\"advgb-post-tax-term\">POLITICA<\/a>","<a href=\"https:\/\/sindaopcpb.org.br\/senado\/\" class=\"advgb-post-tax-term\">Senado<\/a>"],"unlinked":["<span class=\"advgb-post-tax-term\">Bolsa Fam\u00edlia<\/span>","<span class=\"advgb-post-tax-term\">C\u00e2mara dos Deputados<\/span>","<span class=\"advgb-post-tax-term\">G1<\/span>","<span class=\"advgb-post-tax-term\">POLITICA<\/span>","<span class=\"advgb-post-tax-term\">Senado<\/span>"]},"tags":{"linked":["<a href=\"https:\/\/sindaopcpb.org.br\/senado\/\" class=\"advgb-post-tax-term\">g1<\/a>"],"unlinked":["<span class=\"advgb-post-tax-term\">g1<\/span>"]}},"comment_count":"0","relative_dates":{"created":"Publicado 3 anos atr\u00e1s","modified":"Atualizado 3 anos atr\u00e1s"},"absolute_dates":{"created":"Publicado em 11 de maio de 2023","modified":"Atualizado em 11 de maio de 2023"},"absolute_dates_time":{"created":"Publicado em 11 de maio de 2023 15:29","modified":"Atualizado em 11 de maio de 2023 15:29"},"featured_img_caption":"","series_order":"","_links":{"self":[{"href":"https:\/\/sindaopcpb.org.br\/index.php\/wp-json\/wp\/v2\/posts\/16025","targetHints":{"allow":["GET"]}}],"collection":[{"href":"https:\/\/sindaopcpb.org.br\/index.php\/wp-json\/wp\/v2\/posts"}],"about":[{"href":"https:\/\/sindaopcpb.org.br\/index.php\/wp-json\/wp\/v2\/types\/post"}],"author":[{"embeddable":true,"href":"https:\/\/sindaopcpb.org.br\/index.php\/wp-json\/wp\/v2\/users\/47"}],"replies":[{"embeddable":true,"href":"https:\/\/sindaopcpb.org.br\/index.php\/wp-json\/wp\/v2\/comments?post=16025"}],"version-history":[{"count":1,"href":"https:\/\/sindaopcpb.org.br\/index.php\/wp-json\/wp\/v2\/posts\/16025\/revisions"}],"predecessor-version":[{"id":16026,"href":"https:\/\/sindaopcpb.org.br\/index.php\/wp-json\/wp\/v2\/posts\/16025\/revisions\/16026"}],"wp:attachment":[{"href":"https:\/\/sindaopcpb.org.br\/index.php\/wp-json\/wp\/v2\/media?parent=16025"}],"wp:term":[{"taxonomy":"category","embeddable":true,"href":"https:\/\/sindaopcpb.org.br\/index.php\/wp-json\/wp\/v2\/categories?post=16025"},{"taxonomy":"post_tag","embeddable":true,"href":"https:\/\/sindaopcpb.org.br\/index.php\/wp-json\/wp\/v2\/tags?post=16025"}],"curies":[{"name":"wp","href":"https:\/\/api.w.org\/{rel}","templated":true}]}}