{"id":15979,"date":"2023-05-11T09:20:00","date_gmt":"2023-05-11T12:20:00","guid":{"rendered":"https:\/\/www.infomoney.com.br\/?p=2130718"},"modified":"2023-05-11T09:20:00","modified_gmt":"2023-05-11T12:20:00","slug":"haddad-pede-ajuda-a-yellen-no-socorro-a-argentina-questao-humanitaria","status":"publish","type":"post","link":"https:\/\/sindaopcpb.org.br\/index.php\/2023\/05\/11\/haddad-pede-ajuda-a-yellen-no-socorro-a-argentina-questao-humanitaria\/","title":{"rendered":"Haddad pede ajuda a Yellen no socorro \u00e0 Argentina: \u2018quest\u00e3o humanit\u00e1ria\u2019"},"content":{"rendered":"<p><img loading=\"lazy\" width=\"300\" height=\"200\" src=\"https:\/\/www.infomoney.com.br\/wp-content\/uploads\/2023\/03\/52745183539_2b99a71804_c.jpg?fit=300%2C200&amp;quality=70&amp;strip=all\" class=\"attachment-medium size-medium wp-post-image\" alt=\"Ministro da Fazenda, Fernando Haddad\" decoding=\"async\" style=\"float:right; margin:0 0 10px 10px;\" srcset=\"https:\/\/www.infomoney.com.br\/wp-content\/uploads\/2023\/03\/52745183539_2b99a71804_c.jpg?w=799&amp;quality=70&amp;strip=all 799w, https:\/\/www.infomoney.com.br\/wp-content\/uploads\/2023\/03\/52745183539_2b99a71804_c.jpg?w=300&amp;quality=70&amp;strip=all 300w, https:\/\/www.infomoney.com.br\/wp-content\/uploads\/2023\/03\/52745183539_2b99a71804_c.jpg?w=768&amp;quality=70&amp;strip=all 768w, https:\/\/www.infomoney.com.br\/wp-content\/uploads\/2023\/03\/52745183539_2b99a71804_c.jpg?w=150&amp;quality=70&amp;strip=all 150w\" sizes=\"auto, (max-width: 300px) 100vw, 300px\" data-attachment-id=\"2079488\" data-permalink=\"https:\/\/www.infomoney.com.br\/52745183539_2b99a71804_c\/\" data-orig-file=\"https:\/\/www.infomoney.com.br\/wp-content\/uploads\/2023\/03\/52745183539_2b99a71804_c.jpg?fit=799%2C533&amp;quality=70&amp;strip=all\" data-orig-size=\"799,533\" data-comments-opened=\"0\" data-image-meta=\"{&quot;aperture&quot;:&quot;0&quot;,&quot;credit&quot;:&quot;&quot;,&quot;camera&quot;:&quot;&quot;,&quot;caption&quot;:&quot;&quot;,&quot;created_timestamp&quot;:&quot;0&quot;,&quot;copyright&quot;:&quot;&quot;,&quot;focal_length&quot;:&quot;0&quot;,&quot;iso&quot;:&quot;0&quot;,&quot;shutter_speed&quot;:&quot;0&quot;,&quot;title&quot;:&quot;&quot;,&quot;orientation&quot;:&quot;0&quot;}\" data-image-title=\"Ministro da Fazenda, Fernando Haddad\" data-image-description=\"&lt;p&gt;Ministro da Fazenda, Fernando Haddad&lt;\/p&gt;\n\" data-image-caption=\"&lt;p&gt;Diogo Zacarias\/Minist\u00e9rio da Fazenda&lt;\/p&gt;\n\" data-medium-file=\"https:\/\/www.infomoney.com.br\/wp-content\/uploads\/2023\/03\/52745183539_2b99a71804_c.jpg?fit=300%2C200&amp;quality=70&amp;strip=all\" data-large-file=\"https:\/\/www.infomoney.com.br\/wp-content\/uploads\/2023\/03\/52745183539_2b99a71804_c.jpg?fit=799%2C533&amp;quality=70&amp;strip=all\" title=\"\"><\/p>\n<p>O ministro da Fazenda, Fernando Haddad, pediu ajuda \u00e0 secret\u00e1ria do Tesouro americano, Janet Yellen, no socorro \u00e0 Argentina. Em reuni\u00e3o bilateral em Niigata, no Jap\u00e3o, na v\u00e9spera do G-7 Financeiro, Haddad disse \u00e0 contraparte americana que se trata de uma quest\u00e3o humanit\u00e1ria. Ele ainda destacou que a uni\u00e3o entre Brasil e Estados Unidos nesse tema seria um facilitador para as negocia\u00e7\u00f5es.<\/p>\n<p>&#8220;Estamos muito preocupados com o que est\u00e1 acontecendo com a nossa vizinha Argentina. E uma das coisas que me traz ao G-7, por recomenda\u00e7\u00e3o do presidente Lula, \u00e9 sensibilizar o G-7 e o G-20 para as condi\u00e7\u00f5es espec\u00edficas da Argentina nesse momento. N\u00f3s trazemos essa preocupa\u00e7\u00e3o por uma quest\u00e3o humanit\u00e1ria bastante evidente&#8221;, declarou o ministro da Fazenda a Yellen, na parte da reuni\u00e3o que p\u00f4de ser acompanhada pela imprensa.<\/p>\n<p>Haddad relatou \u00e0 secret\u00e1ria do Tesouro americano a falta de divisas na Argentina &#8220;por raz\u00f5es hist\u00f3ricas que vinham se acumulando&#8221; e as secas recentes, que afetaram as exporta\u00e7\u00f5es. Tamb\u00e9m destacou que \u00e9 ano eleitoral no pa\u00eds vizinho. &#8220;Estamos preocupados com o destino pol\u00edtico na Argentina&#8221;, afirmou o ministro a Yellen, ao citar a postura violenta de grupos de extrema-direita na Am\u00e9rica do Sul.<\/p>\n<p>Ap\u00f3s o encontro, que durou das 15h47 \u00e0s 16h23, pelo hor\u00e1rio do Jap\u00e3o, Haddad afirmou a jornalistas que Yellen &#8220;se surpreendeu&#8221; com o tema abordado na bilateral, a Argentina, e se comprometeu a analisar as considera\u00e7\u00f5es.<\/p>\n<p>A intercess\u00e3o brasileira em nome da economia argentina acontece semanas ap\u00f3s o presidente da Argentina, Alberto Fern\u00e1ndez, visitar o presidente Luiz In\u00e1cio Lula da Silva no Pal\u00e1cio da Alvorada. Na ocasi\u00e3o, o petista se comprometeu a trabalhar para convencer o Fundo Monet\u00e1rio Internacional (FMI) a &#8220;tirar a faca do pesco\u00e7o&#8221; da Argentina. &#8220;A solu\u00e7\u00e3o para Argentina passa pelo FMI&#8221;, destacou Haddad.<\/p>\n<p>Para al\u00e9m da identifica\u00e7\u00e3o ideol\u00f3gica, o governo brasileiro quer ajudar a Argentina no campo da economia em ano eleitoral para evitar uma queda nas exporta\u00e7\u00f5es ao pa\u00eds vizinho que leve ao enfraquecimento da atividade nacional. Os dois pa\u00edses estudam formas de financiar as exporta\u00e7\u00f5es \u00e0 Argentina, mas esbarram na garantia \u00e0 pol\u00edtica credit\u00edcia.<\/p>\n<p>The post <a rel=\"nofollow noopener\" href=\"https:\/\/www.infomoney.com.br\/politica\/haddad-pede-ajuda-a-yellen-no-socorro-a-argentina-questao-humanitaria\/\" target=\"_blank\">Haddad pede ajuda a Yellen no socorro \u00e0 Argentina: &#8216;quest\u00e3o humanit\u00e1ria&#8217;<\/a> appeared first on <a rel=\"nofollow noopener\" href=\"https:\/\/www.infomoney.com.br\/\" target=\"_blank\">InfoMoney<\/a>.<\/p>\n","protected":false},"excerpt":{"rendered":"<p><img loading=\"lazy\" decoding=\"async\" width=\"300\" height=\"200\" src=\"https:\/\/www.infomoney.com.br\/wp-content\/uploads\/2023\/03\/52745183539_2b99a71804_c.jpg?fit=300%2C200&amp;quality=70&amp;strip=all\" class=\"attachment-medium size-medium wp-post-image\" alt=\"Ministro da Fazenda, Fernando Haddad\" data-attachment-id=\"2079488\" data-permalink=\"https:\/\/www.infomoney.com.br\/52745183539_2b99a71804_c\/\" data-orig-file=\"https:\/\/www.infomoney.com.br\/wp-content\/uploads\/2023\/03\/52745183539_2b99a71804_c.jpg?fit=799%2C533&amp;quality=70&amp;strip=all\" data-orig-size=\"799,533\" data-comments-opened=\"0\" data-image-meta='{\"aperture\":\"0\",\"credit\":\"\",\"camera\":\"\",\"caption\":\"\",\"created_timestamp\":\"0\",\"copyright\":\"\",\"focal_length\":\"0\",\"iso\":\"0\",\"shutter_speed\":\"0\",\"title\":\"\",\"orientation\":\"0\"}' data-image-title=\"Ministro da Fazenda, Fernando Haddad\" data-image-description=\"&lt;p&gt;Ministro da Fazenda, Fernando Haddad&lt;\/p&gt;\n\" data-image-caption=\"&lt;p&gt;Diogo Zacarias\/Minist\u00e9rio da Fazenda&lt;\/p&gt;\n\" data-medium-file=\"https:\/\/www.infomoney.com.br\/wp-content\/uploads\/2023\/03\/52745183539_2b99a71804_c.jpg?fit=300%2C200&amp;quality=70&amp;strip=all\" data-large-file=\"https:\/\/www.infomoney.com.br\/wp-content\/uploads\/2023\/03\/52745183539_2b99a71804_c.jpg?fit=799%2C533&amp;quality=70&amp;strip=all\">Ao demonstrar preocupa\u00e7\u00e3o com destino pol\u00edtico dos vizinhos, ministro citou a postura violenta de grupos de extrema-direita na Am\u00e9rica do Sul<\/p>\n<p>The post <a rel=\"nofollow\" href=\"https:\/\/www.infomoney.com.br\/politica\/haddad-pede-ajuda-a-yellen-no-socorro-a-argentina-questao-humanitaria\/\">Haddad pede ajuda a Yellen no socorro \u00e0 Argentina: \u2018quest\u00e3o humanit\u00e1ria\u2019<\/a> appeared first on <a rel=\"nofollow\" href=\"https:\/\/www.infomoney.com.br\/\">InfoMoney<\/a>.<\/p>\n","protected":false},"author":43,"featured_media":0,"comment_status":"closed","ping_status":"closed","sticky":false,"template":"","format":"standard","meta":{"advgb_blocks_editor_width":"","advgb_blocks_columns_visual_guide":"","footnotes":""},"categories":[1386,109,34,2716,47],"tags":[35],"class_list":["post-15979","post","type-post","status-publish","format-standard","hentry","category-argentina","category-fernando-haddad","category-g1","category-janet-yellen","category-politica","tag-g1"],"author_meta":{"display_name":"Estad\u00e3o Conte\u00fado","author_link":"https:\/\/sindaopcpb.org.br\/author\/estadao-conteudo\/"},"featured_img":null,"coauthors":[],"tax_additional":{"categories":{"linked":["<a href=\"https:\/\/sindaopcpb.org.br\/argentina\/\" class=\"advgb-post-tax-term\">Argentina<\/a>","<a href=\"https:\/\/sindaopcpb.org.br\/fernando-haddad\/\" class=\"advgb-post-tax-term\">FERNANDO HADDAD<\/a>","<a href=\"https:\/\/sindaopcpb.org.br\/g1\/\" class=\"advgb-post-tax-term\">G1<\/a>","<a href=\"https:\/\/sindaopcpb.org.br\/janet-yellen\/\" class=\"advgb-post-tax-term\">Janet Yellen<\/a>","<a href=\"https:\/\/sindaopcpb.org.br\/politica\/\" class=\"advgb-post-tax-term\">POLITICA<\/a>"],"unlinked":["<span class=\"advgb-post-tax-term\">Argentina<\/span>","<span class=\"advgb-post-tax-term\">FERNANDO HADDAD<\/span>","<span class=\"advgb-post-tax-term\">G1<\/span>","<span class=\"advgb-post-tax-term\">Janet Yellen<\/span>","<span class=\"advgb-post-tax-term\">POLITICA<\/span>"]},"tags":{"linked":["<a href=\"https:\/\/sindaopcpb.org.br\/politica\/\" class=\"advgb-post-tax-term\">g1<\/a>"],"unlinked":["<span class=\"advgb-post-tax-term\">g1<\/span>"]}},"comment_count":"0","relative_dates":{"created":"Publicado 3 anos atr\u00e1s","modified":"Atualizado 3 anos atr\u00e1s"},"absolute_dates":{"created":"Publicado em 11 de maio de 2023","modified":"Atualizado em 11 de maio de 2023"},"absolute_dates_time":{"created":"Publicado em 11 de maio de 2023 09:20","modified":"Atualizado em 11 de maio de 2023 09:20"},"featured_img_caption":"","series_order":"","_links":{"self":[{"href":"https:\/\/sindaopcpb.org.br\/index.php\/wp-json\/wp\/v2\/posts\/15979","targetHints":{"allow":["GET"]}}],"collection":[{"href":"https:\/\/sindaopcpb.org.br\/index.php\/wp-json\/wp\/v2\/posts"}],"about":[{"href":"https:\/\/sindaopcpb.org.br\/index.php\/wp-json\/wp\/v2\/types\/post"}],"author":[{"embeddable":true,"href":"https:\/\/sindaopcpb.org.br\/index.php\/wp-json\/wp\/v2\/users\/43"}],"replies":[{"embeddable":true,"href":"https:\/\/sindaopcpb.org.br\/index.php\/wp-json\/wp\/v2\/comments?post=15979"}],"version-history":[{"count":1,"href":"https:\/\/sindaopcpb.org.br\/index.php\/wp-json\/wp\/v2\/posts\/15979\/revisions"}],"predecessor-version":[{"id":15980,"href":"https:\/\/sindaopcpb.org.br\/index.php\/wp-json\/wp\/v2\/posts\/15979\/revisions\/15980"}],"wp:attachment":[{"href":"https:\/\/sindaopcpb.org.br\/index.php\/wp-json\/wp\/v2\/media?parent=15979"}],"wp:term":[{"taxonomy":"category","embeddable":true,"href":"https:\/\/sindaopcpb.org.br\/index.php\/wp-json\/wp\/v2\/categories?post=15979"},{"taxonomy":"post_tag","embeddable":true,"href":"https:\/\/sindaopcpb.org.br\/index.php\/wp-json\/wp\/v2\/tags?post=15979"}],"curies":[{"name":"wp","href":"https:\/\/api.w.org\/{rel}","templated":true}]}}