{"id":15969,"date":"2023-05-11T09:03:15","date_gmt":"2023-05-11T12:03:15","guid":{"rendered":"https:\/\/g1.globo.com\/pb\/paraiba\/sao-joao\/2023\/noticia\/2023\/05\/11\/programacao-completa-sao-joao-2023-de-sousa-pb.ghtml"},"modified":"2023-05-11T09:03:15","modified_gmt":"2023-05-11T12:03:15","slug":"programacao-do-sao-joao-2023-de-sousa-pb-tem-shows-de-xand-aviao-wesley-safadao-e-mais","status":"publish","type":"post","link":"https:\/\/sindaopcpb.org.br\/index.php\/2023\/05\/11\/programacao-do-sao-joao-2023-de-sousa-pb-tem-shows-de-xand-aviao-wesley-safadao-e-mais\/","title":{"rendered":"Programa\u00e7\u00e3o do S\u00e3o Jo\u00e3o 2023 de Sousa, PB, tem shows de Xand Avi\u00e3o, Wesley Safad\u00e3o e mais"},"content":{"rendered":"   <img src=\"https:\/\/s2.glbimg.com\/PkBL3MoorkHNgZpjkpeXDuPyujw=\/i.s3.glbimg.com\/v1\/AUTH_59edd422c0c84a879bd37670ae4f538a\/internal_photos\/bs\/2022\/7\/U\/XvGBdCRzSbDEmG5swWzA\/max-9284.jpg\" \/><br \/>     Festa acontece entre 14 e 17 de junho, e tem entre atra\u00e7\u00f5es confirmadas nomes como Xand Avi\u00e3o e Wesley Safad\u00e3o. Xand Avi\u00e3o \u00e9 atra\u00e7\u00e3o confirmada no S\u00e3o Jo\u00e3o 2023 de Sousa, PB\nMax Haack\/Ag Haack\nA programa\u00e7\u00e3o oficial do S\u00e3o Jo\u00e3o 2023 de Sousa, no Sert\u00e3o da Para\u00edba, foi divulgada nesta quarta-feira (10). Entre as atra\u00e7\u00f5es confirmadas est\u00e3o Xand Avi\u00e3o e Wesley Safad\u00e3o. O evento acontece de 14 a 17 de junho.\nCompartilhe no WhatsApp\nCompartilhe no Telegram\nA festa junina em Sousa \u00e9 conhecida como 'Arrial do Coco', e realizada pela prefeitura da cidade com apoio de empresa privada. O p\u00fablico tem acesso gratuito ao evento, que tamb\u00e9m oferece camarotes.\nEste ano, a festa tem entre os principais nomes confirmados os artistas Wesley Safad\u00e3o, Xand Avi\u00e3o, Murilo Huff, al\u00e9m de Amazan, Waldonnys e da banda Calcinha Preta.\nAl\u00e9m de Sousa, cidades como Patos e Santa Luzia, que tamb\u00e9m ficam no Sert\u00e3o paraibano, j\u00e1 anunciaram programa\u00e7\u00e3o de shows para o S\u00e3o Jo\u00e3o 2023.\nSaiba tudo sobre o S\u00e3o Jo\u00e3o 2023 na Para\u00edba\nPrograma\u00e7\u00e3o S\u00e3o Jo\u00e3o 2023 de Sousa\n14 de junho (quinta-feira)\nXand Avi\u00e3o\nAmazan\nEdson Mania\nMala 100 Al\u00e7a\n15 de junho (sexta-feira)\nWaldonnys\nMurilo Huff\nIsabela Serpa\nJudimar Dias\nRoberto Ara\u00fajo\n16 de junho (s\u00e1bado)\nCalcinha Preta\nEric Land\nOs 3 do Nordeste\nLucas Gomes\nSpido Rey\n17 de junho (domingo)\nWesley Safad\u00e3o\nJM Puxado\nBreno Andrade\nEmiliano Pordeus\nV\u00eddeos mais assistidos do g1 Para\u00edba  ","protected":false},"excerpt":{"rendered":"<p>        Festa acontece entre 14 e 17 de junho, e tem entre atra\u00e7\u00f5es confirmadas nomes como Xand Avi\u00e3o e Wesley Safad\u00e3o. Xand Avi\u00e3o \u00e9 atra\u00e7\u00e3o confirmada no S\u00e3o Jo\u00e3o 2023 de Sousa, PB<br \/>\nMax Haack\/Ag Haack<br \/>\nA programa\u00e7\u00e3o oficial do S\u00e3o Jo\u00e3o 2023 de Sousa, no&#8230;<\/p>\n","protected":false},"author":2,"featured_media":0,"comment_status":"closed","ping_status":"closed","sticky":false,"template":"","format":"standard","meta":{"advgb_blocks_editor_width":"","advgb_blocks_columns_visual_guide":"","footnotes":""},"categories":[34],"tags":[35],"class_list":["post-15969","post","type-post","status-publish","format-standard","hentry","category-g1","tag-g1"],"author_meta":{"display_name":"g1 &gt; Para\u00edba","author_link":"https:\/\/sindaopcpb.org.br\/author\/g1-paraiba\/"},"featured_img":null,"coauthors":[],"tax_additional":{"categories":{"linked":["<a href=\"https:\/\/sindaopcpb.org.br\/g1\/\" class=\"advgb-post-tax-term\">G1<\/a>"],"unlinked":["<span class=\"advgb-post-tax-term\">G1<\/span>"]},"tags":{"linked":["<a href=\"https:\/\/sindaopcpb.org.br\/g1\/\" class=\"advgb-post-tax-term\">g1<\/a>"],"unlinked":["<span class=\"advgb-post-tax-term\">g1<\/span>"]}},"comment_count":"0","relative_dates":{"created":"Publicado 3 anos atr\u00e1s","modified":"Atualizado 3 anos atr\u00e1s"},"absolute_dates":{"created":"Publicado em 11 de maio de 2023","modified":"Atualizado em 11 de maio de 2023"},"absolute_dates_time":{"created":"Publicado em 11 de maio de 2023 09:03","modified":"Atualizado em 11 de maio de 2023 09:03"},"featured_img_caption":"","series_order":"","_links":{"self":[{"href":"https:\/\/sindaopcpb.org.br\/index.php\/wp-json\/wp\/v2\/posts\/15969","targetHints":{"allow":["GET"]}}],"collection":[{"href":"https:\/\/sindaopcpb.org.br\/index.php\/wp-json\/wp\/v2\/posts"}],"about":[{"href":"https:\/\/sindaopcpb.org.br\/index.php\/wp-json\/wp\/v2\/types\/post"}],"author":[{"embeddable":true,"href":"https:\/\/sindaopcpb.org.br\/index.php\/wp-json\/wp\/v2\/users\/2"}],"replies":[{"embeddable":true,"href":"https:\/\/sindaopcpb.org.br\/index.php\/wp-json\/wp\/v2\/comments?post=15969"}],"version-history":[{"count":1,"href":"https:\/\/sindaopcpb.org.br\/index.php\/wp-json\/wp\/v2\/posts\/15969\/revisions"}],"predecessor-version":[{"id":15970,"href":"https:\/\/sindaopcpb.org.br\/index.php\/wp-json\/wp\/v2\/posts\/15969\/revisions\/15970"}],"wp:attachment":[{"href":"https:\/\/sindaopcpb.org.br\/index.php\/wp-json\/wp\/v2\/media?parent=15969"}],"wp:term":[{"taxonomy":"category","embeddable":true,"href":"https:\/\/sindaopcpb.org.br\/index.php\/wp-json\/wp\/v2\/categories?post=15969"},{"taxonomy":"post_tag","embeddable":true,"href":"https:\/\/sindaopcpb.org.br\/index.php\/wp-json\/wp\/v2\/tags?post=15969"}],"curies":[{"name":"wp","href":"https:\/\/api.w.org\/{rel}","templated":true}]}}