{"id":15807,"date":"2023-05-10T10:00:00","date_gmt":"2023-05-10T13:00:00","guid":{"rendered":"https:\/\/www.infomoney.com.br\/?p=2129469"},"modified":"2023-05-10T10:00:00","modified_gmt":"2023-05-10T13:00:00","slug":"haddad-chega-a-toquio-para-agendas-da-cupula-do-g-7-encontro-com-yellen-ocorre-na-quinta-feira","status":"publish","type":"post","link":"https:\/\/sindaopcpb.org.br\/index.php\/2023\/05\/10\/haddad-chega-a-toquio-para-agendas-da-cupula-do-g-7-encontro-com-yellen-ocorre-na-quinta-feira\/","title":{"rendered":"Haddad chega a T\u00f3quio para agendas da c\u00fapula do G-7; encontro com Yellen ocorre na quinta-feira"},"content":{"rendered":"<p><img loading=\"lazy\" width=\"300\" height=\"225\" src=\"https:\/\/www.infomoney.com.br\/wp-content\/uploads\/2023\/01\/Fernando_Haddad_ministro.jpg?fit=300%2C225&amp;quality=70&amp;strip=all\" class=\"attachment-medium size-medium wp-post-image\" alt=\"\" decoding=\"async\" style=\"float:right; margin:0 0 10px 10px;\" srcset=\"https:\/\/www.infomoney.com.br\/wp-content\/uploads\/2023\/01\/Fernando_Haddad_ministro.jpg?w=1024&amp;quality=70&amp;strip=all 1024w, https:\/\/www.infomoney.com.br\/wp-content\/uploads\/2023\/01\/Fernando_Haddad_ministro.jpg?w=300&amp;quality=70&amp;strip=all 300w, https:\/\/www.infomoney.com.br\/wp-content\/uploads\/2023\/01\/Fernando_Haddad_ministro.jpg?w=768&amp;quality=70&amp;strip=all 768w, https:\/\/www.infomoney.com.br\/wp-content\/uploads\/2023\/01\/Fernando_Haddad_ministro.jpg?w=150&amp;quality=70&amp;strip=all 150w\" sizes=\"auto, (max-width: 300px) 100vw, 300px\" data-attachment-id=\"2029934\" data-permalink=\"https:\/\/www.infomoney.com.br\/politica\/medidas-economicas-fernando-haddad-governo-lula\/attachment\/fernando_haddad_ministro\/\" data-orig-file=\"https:\/\/www.infomoney.com.br\/wp-content\/uploads\/2023\/01\/Fernando_Haddad_ministro.jpg?fit=1024%2C768&amp;quality=70&amp;strip=all\" data-orig-size=\"1024,768\" data-comments-opened=\"0\" data-image-meta=\"{&quot;aperture&quot;:&quot;2.8&quot;,&quot;credit&quot;:&quot;Marcelo Camargo\\\/Ag\\u00eancia Brasil&quot;,&quot;camera&quot;:&quot;Canon EOS-1D X&quot;,&quot;caption&quot;:&quot;O ministro da Fazenda, Fernando Haddad, assume o cargo em cerim\\u00f4nia no Centro Cultural Banco do Brasil (CCBB).&quot;,&quot;created_timestamp&quot;:&quot;1672652682&quot;,&quot;copyright&quot;:&quot;Ag\\u00eancia Brasil\\\/EBC&quot;,&quot;focal_length&quot;:&quot;200&quot;,&quot;iso&quot;:&quot;3200&quot;,&quot;shutter_speed&quot;:&quot;0.0025&quot;,&quot;title&quot;:&quot;&quot;,&quot;orientation&quot;:&quot;0&quot;}\" data-image-title=\"Fernando Haddad\" data-image-description=\"\" data-image-caption=\"&lt;p&gt;O ministro da Fazenda, Fernando Haddad (Foto: Marcelo Camargo\/Ag\u00eancia Brasil).&lt;\/p&gt;\n\" data-medium-file=\"https:\/\/www.infomoney.com.br\/wp-content\/uploads\/2023\/01\/Fernando_Haddad_ministro.jpg?fit=300%2C225&amp;quality=70&amp;strip=all\" data-large-file=\"https:\/\/www.infomoney.com.br\/wp-content\/uploads\/2023\/01\/Fernando_Haddad_ministro.jpg?fit=1024%2C768&amp;quality=70&amp;strip=all\" title=\"\"><\/p>\n<p>O ministro da Fazenda, Fernando Haddad, chegou na madrugada desta quarta-feira (10), pelo hor\u00e1rio de Bras\u00edlia, ao hotel em que ficar\u00e1 hospedado por uma noite em T\u00f3quio. Recebido pelo embaixador do Brasil no Jap\u00e3o, Oct\u00e1vio Henrique Dias Garcia C\u00f4rtes, Haddad veio \u00e0 capital japonesa para participar da c\u00fapula do G-7 voltada a ministros de finan\u00e7as e presidentes de bancos centrais.<\/p>\n<p>Sem agendas p\u00fablicas nesta quarta-feira, ministro viaja cedo na quinta-feira, 11, de trem a Niigata, sede do G-7 financeiro, e ter\u00e1 como primeira atividade um encontro com a secret\u00e1ria do Tesouro dos Estados Unidos, Janet Yellen.<\/p>\n<p>Haddad chegou acompanhado pela chefe da Secretaria de Assuntos Internacionais, Tatiana Rosito. Na sexta-feira, 12, a comitiva brasileira se encontra com o economista Joseph Stiglitz e participa das atividades do G-7. O retorno para o Brasil est\u00e1 previsto para s\u00e1bado, dia 13.<\/p>\n<p>The post <a rel=\"nofollow noopener\" href=\"https:\/\/www.infomoney.com.br\/politica\/haddad-chega-a-toquio-para-agendas-da-cupula-do-g-7-encontro-com-yellen-ocorre-na-quinta-feira\/\" target=\"_blank\">Haddad chega a T\u00f3quio para agendas da c\u00fapula do G-7; encontro com Yellen ocorre na quinta-feira<\/a> appeared first on <a rel=\"nofollow noopener\" href=\"https:\/\/www.infomoney.com.br\/\" target=\"_blank\">InfoMoney<\/a>.<\/p>\n","protected":false},"excerpt":{"rendered":"<p><img loading=\"lazy\" decoding=\"async\" width=\"300\" height=\"225\" src=\"https:\/\/www.infomoney.com.br\/wp-content\/uploads\/2023\/01\/Fernando_Haddad_ministro.jpg?fit=300%2C225&amp;quality=70&amp;strip=all\" class=\"attachment-medium size-medium wp-post-image\" alt=\"\" data-attachment-id=\"2029934\" data-permalink=\"https:\/\/www.infomoney.com.br\/politica\/medidas-economicas-fernando-haddad-governo-lula\/attachment\/fernando_haddad_ministro\/\" data-orig-file=\"https:\/\/www.infomoney.com.br\/wp-content\/uploads\/2023\/01\/Fernando_Haddad_ministro.jpg?fit=1024%2C768&amp;quality=70&amp;strip=all\" data-orig-size=\"1024,768\" data-comments-opened=\"0\" data-image-meta='{\"aperture\":\"2.8\",\"credit\":\"Marcelo Camargo\\\/Ag\\u00eancia Brasil\",\"camera\":\"Canon EOS-1D X\",\"caption\":\"O ministro da Fazenda, Fernando Haddad, assume o cargo em cerim\\u00f4nia no Centro Cultural Banco do Brasil (CCBB).\",\"created_timestamp\":\"1672652682\",\"copyright\":\"Ag\\u00eancia Brasil\\\/EBC\",\"focal_length\":\"200\",\"iso\":\"3200\",\"shutter_speed\":\"0.0025\",\"title\":\"\",\"orientation\":\"0\"}' data-image-title=\"Fernando Haddad\" data-image-description=\"\" data-image-caption=\"&lt;p&gt;O ministro da Fazenda, Fernando Haddad (Foto: Marcelo Camargo\/Ag\u00eancia Brasil).&lt;\/p&gt;\n\" data-medium-file=\"https:\/\/www.infomoney.com.br\/wp-content\/uploads\/2023\/01\/Fernando_Haddad_ministro.jpg?fit=300%2C225&amp;quality=70&amp;strip=all\" data-large-file=\"https:\/\/www.infomoney.com.br\/wp-content\/uploads\/2023\/01\/Fernando_Haddad_ministro.jpg?fit=1024%2C768&amp;quality=70&amp;strip=all\">Comitiva brasileira tamb\u00e9m vai se encontrar com o economista Joseph Stiglitz e participa das atividades do G-7 em Niigata<\/p>\n<p>The post <a rel=\"nofollow\" href=\"https:\/\/www.infomoney.com.br\/politica\/haddad-chega-a-toquio-para-agendas-da-cupula-do-g-7-encontro-com-yellen-ocorre-na-quinta-feira\/\">Haddad chega a T\u00f3quio para agendas da c\u00fapula do G-7; encontro com Yellen ocorre na quinta-feira<\/a> appeared first on <a rel=\"nofollow\" href=\"https:\/\/www.infomoney.com.br\/\">InfoMoney<\/a>.<\/p>\n","protected":false},"author":43,"featured_media":0,"comment_status":"closed","ping_status":"closed","sticky":false,"template":"","format":"standard","meta":{"advgb_blocks_editor_width":"","advgb_blocks_columns_visual_guide":"","footnotes":""},"categories":[109,34,2475,2476,47],"tags":[35],"class_list":["post-15807","post","type-post","status-publish","format-standard","hentry","category-fernando-haddad","category-g1","category-g7","category-japao","category-politica","tag-g1"],"author_meta":{"display_name":"Estad\u00e3o Conte\u00fado","author_link":"https:\/\/sindaopcpb.org.br\/author\/estadao-conteudo\/"},"featured_img":null,"coauthors":[],"tax_additional":{"categories":{"linked":["<a href=\"https:\/\/sindaopcpb.org.br\/fernando-haddad\/\" class=\"advgb-post-tax-term\">FERNANDO HADDAD<\/a>","<a href=\"https:\/\/sindaopcpb.org.br\/g1\/\" class=\"advgb-post-tax-term\">G1<\/a>","<a href=\"https:\/\/sindaopcpb.org.br\/g7\/\" class=\"advgb-post-tax-term\">g7<\/a>","<a href=\"https:\/\/sindaopcpb.org.br\/japao\/\" class=\"advgb-post-tax-term\">Jap\u00e3o<\/a>","<a href=\"https:\/\/sindaopcpb.org.br\/politica\/\" class=\"advgb-post-tax-term\">POLITICA<\/a>"],"unlinked":["<span class=\"advgb-post-tax-term\">FERNANDO HADDAD<\/span>","<span class=\"advgb-post-tax-term\">G1<\/span>","<span class=\"advgb-post-tax-term\">g7<\/span>","<span class=\"advgb-post-tax-term\">Jap\u00e3o<\/span>","<span class=\"advgb-post-tax-term\">POLITICA<\/span>"]},"tags":{"linked":["<a href=\"https:\/\/sindaopcpb.org.br\/politica\/\" class=\"advgb-post-tax-term\">g1<\/a>"],"unlinked":["<span class=\"advgb-post-tax-term\">g1<\/span>"]}},"comment_count":"0","relative_dates":{"created":"Publicado 3 anos atr\u00e1s","modified":"Atualizado 3 anos atr\u00e1s"},"absolute_dates":{"created":"Publicado em 10 de maio de 2023","modified":"Atualizado em 10 de maio de 2023"},"absolute_dates_time":{"created":"Publicado em 10 de maio de 2023 10:00","modified":"Atualizado em 10 de maio de 2023 10:00"},"featured_img_caption":"","series_order":"","_links":{"self":[{"href":"https:\/\/sindaopcpb.org.br\/index.php\/wp-json\/wp\/v2\/posts\/15807","targetHints":{"allow":["GET"]}}],"collection":[{"href":"https:\/\/sindaopcpb.org.br\/index.php\/wp-json\/wp\/v2\/posts"}],"about":[{"href":"https:\/\/sindaopcpb.org.br\/index.php\/wp-json\/wp\/v2\/types\/post"}],"author":[{"embeddable":true,"href":"https:\/\/sindaopcpb.org.br\/index.php\/wp-json\/wp\/v2\/users\/43"}],"replies":[{"embeddable":true,"href":"https:\/\/sindaopcpb.org.br\/index.php\/wp-json\/wp\/v2\/comments?post=15807"}],"version-history":[{"count":1,"href":"https:\/\/sindaopcpb.org.br\/index.php\/wp-json\/wp\/v2\/posts\/15807\/revisions"}],"predecessor-version":[{"id":15808,"href":"https:\/\/sindaopcpb.org.br\/index.php\/wp-json\/wp\/v2\/posts\/15807\/revisions\/15808"}],"wp:attachment":[{"href":"https:\/\/sindaopcpb.org.br\/index.php\/wp-json\/wp\/v2\/media?parent=15807"}],"wp:term":[{"taxonomy":"category","embeddable":true,"href":"https:\/\/sindaopcpb.org.br\/index.php\/wp-json\/wp\/v2\/categories?post=15807"},{"taxonomy":"post_tag","embeddable":true,"href":"https:\/\/sindaopcpb.org.br\/index.php\/wp-json\/wp\/v2\/tags?post=15807"}],"curies":[{"name":"wp","href":"https:\/\/api.w.org\/{rel}","templated":true}]}}