{"id":15801,"date":"2023-05-10T08:51:26","date_gmt":"2023-05-10T11:51:26","guid":{"rendered":"https:\/\/g1.globo.com\/pb\/paraiba\/noticia\/2023\/05\/10\/pf-cumpre-mandado-de-busca-e-apreensao-contra-suspeito-de-assaltar-carro-dos-correios-em-joao-pessoa.ghtml"},"modified":"2023-05-10T08:51:26","modified_gmt":"2023-05-10T11:51:26","slug":"pf-cumpre-mandado-de-busca-e-apreensao-contra-suspeito-de-assaltar-carro-dos-correios-em-joao-pessoa","status":"publish","type":"post","link":"https:\/\/sindaopcpb.org.br\/index.php\/2023\/05\/10\/pf-cumpre-mandado-de-busca-e-apreensao-contra-suspeito-de-assaltar-carro-dos-correios-em-joao-pessoa\/","title":{"rendered":"PF cumpre mandado de busca e apreens\u00e3o contra suspeito de assaltar carro dos Correios, em Jo\u00e3o Pessoa"},"content":{"rendered":"   <img src=\"https:\/\/s2.glbimg.com\/r2eWNQIinLJJb0xYfyW3B2BijUE=\/i.s3.glbimg.com\/v1\/AUTH_59edd422c0c84a879bd37670ae4f538a\/internal_photos\/bs\/2023\/A\/6\/apVtFNTzWBynLYiUqn0g\/assalto-correios.jpg\" \/><br \/>     Crime aconteceu em junho de 2022, no bairro do Bessa, e foi flagrado por c\u00e2meras de seguran\u00e7a. V\u00eddeo mostra assalto a carro dos Correios em Jo\u00e3o Pessoa\nA Pol\u00edcia Federal cumpriu nesta quarta-feira (10) um mandado de busca e apreens\u00e3o contra um dos suspeitos de roubar um ve\u00edculo da Empresa Brasileira de Correios e Tel\u00e9grafos (EBCT), em Jo\u00e3o Pessoa. O crime aconteceu em 2022, e foi flagrado por c\u00e2meras de seguran\u00e7a do local onde o ve\u00edculo estava quando foi assaltado.\nA a\u00e7\u00e3o aconteceu na rua Rosa Maria Jacinto, no dia 8 de junho do ano passado, por volta das 14h. Conforme imagens das c\u00e2meras de seguran\u00e7a localizadas em edif\u00edcios da regi\u00e3o, os policiais verificaram quando o servidor dos Correios foi abordado por dois homens que sa\u00edram de um carro prata. \nO funcion\u00e1rio estava para iniciar uma entrega de encomenda quando um dos indiv\u00edduos anunciou o assalto, usando uma arma de fogo, recolheu as encomendas e fugiu do local.\nNa a\u00e7\u00e3o desta quarta-feira, a pol\u00edcia visou identificar e localizar um dos respons\u00e1veis. Esta pessoa, cujo nome n\u00e3o foi divulgado, vai responder pelo crime de roubo qualificado. A pol\u00edcia n\u00e3o informou sobre o segundo suspeito do crime.\nSuspeitos interceptaram carro dos Correios no momento em que funcion\u00e1rio fazia a entrega das encomendas, que foram levadas\nDivulga\u00e7\u00e3o\/Pol\u00edcia Federal\nV\u00eddeos mais assistidos da Para\u00edba  ","protected":false},"excerpt":{"rendered":"<p>        Crime aconteceu em junho de 2022, no bairro do Bessa, e foi flagrado por c\u00e2meras de seguran\u00e7a. V\u00eddeo mostra assalto a carro dos Correios em Jo\u00e3o Pessoa<br \/>\nA Pol\u00edcia Federal cumpriu nesta quarta-feira (10) um mandado de busca e apreens\u00e3o contra um &#8230;<\/p>\n","protected":false},"author":2,"featured_media":0,"comment_status":"closed","ping_status":"closed","sticky":false,"template":"","format":"standard","meta":{"advgb_blocks_editor_width":"","advgb_blocks_columns_visual_guide":"","footnotes":""},"categories":[34],"tags":[35],"class_list":["post-15801","post","type-post","status-publish","format-standard","hentry","category-g1","tag-g1"],"author_meta":{"display_name":"g1 &gt; Para\u00edba","author_link":"https:\/\/sindaopcpb.org.br\/author\/g1-paraiba\/"},"featured_img":null,"coauthors":[],"tax_additional":{"categories":{"linked":["<a href=\"https:\/\/sindaopcpb.org.br\/g1\/\" class=\"advgb-post-tax-term\">G1<\/a>"],"unlinked":["<span class=\"advgb-post-tax-term\">G1<\/span>"]},"tags":{"linked":["<a href=\"https:\/\/sindaopcpb.org.br\/g1\/\" class=\"advgb-post-tax-term\">g1<\/a>"],"unlinked":["<span class=\"advgb-post-tax-term\">g1<\/span>"]}},"comment_count":"0","relative_dates":{"created":"Publicado 3 anos atr\u00e1s","modified":"Atualizado 3 anos atr\u00e1s"},"absolute_dates":{"created":"Publicado em 10 de maio de 2023","modified":"Atualizado em 10 de maio de 2023"},"absolute_dates_time":{"created":"Publicado em 10 de maio de 2023 08:51","modified":"Atualizado em 10 de maio de 2023 08:51"},"featured_img_caption":"","series_order":"","_links":{"self":[{"href":"https:\/\/sindaopcpb.org.br\/index.php\/wp-json\/wp\/v2\/posts\/15801","targetHints":{"allow":["GET"]}}],"collection":[{"href":"https:\/\/sindaopcpb.org.br\/index.php\/wp-json\/wp\/v2\/posts"}],"about":[{"href":"https:\/\/sindaopcpb.org.br\/index.php\/wp-json\/wp\/v2\/types\/post"}],"author":[{"embeddable":true,"href":"https:\/\/sindaopcpb.org.br\/index.php\/wp-json\/wp\/v2\/users\/2"}],"replies":[{"embeddable":true,"href":"https:\/\/sindaopcpb.org.br\/index.php\/wp-json\/wp\/v2\/comments?post=15801"}],"version-history":[{"count":1,"href":"https:\/\/sindaopcpb.org.br\/index.php\/wp-json\/wp\/v2\/posts\/15801\/revisions"}],"predecessor-version":[{"id":15802,"href":"https:\/\/sindaopcpb.org.br\/index.php\/wp-json\/wp\/v2\/posts\/15801\/revisions\/15802"}],"wp:attachment":[{"href":"https:\/\/sindaopcpb.org.br\/index.php\/wp-json\/wp\/v2\/media?parent=15801"}],"wp:term":[{"taxonomy":"category","embeddable":true,"href":"https:\/\/sindaopcpb.org.br\/index.php\/wp-json\/wp\/v2\/categories?post=15801"},{"taxonomy":"post_tag","embeddable":true,"href":"https:\/\/sindaopcpb.org.br\/index.php\/wp-json\/wp\/v2\/tags?post=15801"}],"curies":[{"name":"wp","href":"https:\/\/api.w.org\/{rel}","templated":true}]}}