{"id":15739,"date":"2023-05-09T17:08:24","date_gmt":"2023-05-09T20:08:24","guid":{"rendered":"https:\/\/www.infomoney.com.br\/?p=2129012"},"modified":"2023-05-09T17:08:24","modified_gmt":"2023-05-09T20:08:24","slug":"relator-do-pl-das-fake-news-rebate-telegram-e-diz-que-liberdade-de-expressao-e-ameacada-por-algoritmos","status":"publish","type":"post","link":"https:\/\/sindaopcpb.org.br\/index.php\/2023\/05\/09\/relator-do-pl-das-fake-news-rebate-telegram-e-diz-que-liberdade-de-expressao-e-ameacada-por-algoritmos\/","title":{"rendered":"Relator do PL das Fake News rebate Telegram e diz que \u201cliberdade de express\u00e3o \u00e9 amea\u00e7ada por algoritmos\u201d"},"content":{"rendered":"<p><img loading=\"lazy\" width=\"300\" height=\"200\" src=\"https:\/\/www.infomoney.com.br\/wp-content\/uploads\/2019\/06\/orlando-silva.jpg?fit=300%2C200&amp;quality=70&amp;strip=all\" class=\"attachment-medium size-medium wp-post-image\" alt=\"\" decoding=\"async\" style=\"float:right; margin:0 0 10px 10px;\" srcset=\"https:\/\/www.infomoney.com.br\/wp-content\/uploads\/2019\/06\/orlando-silva.jpg?w=900&amp;quality=70&amp;strip=all 900w, https:\/\/www.infomoney.com.br\/wp-content\/uploads\/2019\/06\/orlando-silva.jpg?w=300&amp;quality=70&amp;strip=all 300w, https:\/\/www.infomoney.com.br\/wp-content\/uploads\/2019\/06\/orlando-silva.jpg?w=768&amp;quality=70&amp;strip=all 768w, https:\/\/www.infomoney.com.br\/wp-content\/uploads\/2019\/06\/orlando-silva.jpg?w=150&amp;quality=70&amp;strip=all 150w\" sizes=\"auto, (max-width: 300px) 100vw, 300px\" data-attachment-id=\"44753\" data-permalink=\"https:\/\/www.infomoney.com.br\/orlando-silva\/\" data-orig-file=\"https:\/\/www.infomoney.com.br\/wp-content\/uploads\/2019\/06\/orlando-silva.jpg?fit=900%2C600&amp;quality=70&amp;strip=all\" data-orig-size=\"900,600\" data-comments-opened=\"1\" data-image-meta=\"{&quot;aperture&quot;:&quot;0&quot;,&quot;credit&quot;:&quot;&quot;,&quot;camera&quot;:&quot;&quot;,&quot;caption&quot;:&quot;&quot;,&quot;created_timestamp&quot;:&quot;0&quot;,&quot;copyright&quot;:&quot;&quot;,&quot;focal_length&quot;:&quot;0&quot;,&quot;iso&quot;:&quot;0&quot;,&quot;shutter_speed&quot;:&quot;0&quot;,&quot;title&quot;:&quot;&quot;,&quot;orientation&quot;:&quot;0&quot;}\" data-image-title=\"orlando-silva\" data-image-description=\"\" data-image-caption=\"\" data-medium-file=\"https:\/\/www.infomoney.com.br\/wp-content\/uploads\/2019\/06\/orlando-silva.jpg?fit=300%2C200&amp;quality=70&amp;strip=all\" data-large-file=\"https:\/\/www.infomoney.com.br\/wp-content\/uploads\/2019\/06\/orlando-silva.jpg?fit=900%2C600&amp;quality=70&amp;strip=all\" title=\"\"><\/p>\n<p>O deputado federal Orlando Silva (PC do B-SP), relator do <strong>PL das Fake News<\/strong> (PL 2630\/2020) na C\u00e2mara, afirmou, nesta ter\u00e7a-feira (9), que as mensagens disparadas pela <a href=\"https:\/\/www.infomoney.com.br\/politica\/em-ofensiva-contra-pl-das-fake-news-telegram-dispara-mensagens-a-usuarios-dizendo-que-projeto-acaba-com-liberdade-de-expressao\/\" rel=\"nofollow noopener\" target=\"_blank\">plataforma Telegram<\/a> aos usu\u00e1rios brasileiros contra a proposta em discuss\u00e3o no Congresso Nacional configuram um &#8220;ataque \u00e0 democracia&#8221; e fazem parte de uma &#8220;campanha de mentiras&#8221;.<\/p>\n<p>Em \u00e1udio encaminhado ao <strong>InfoMoney<\/strong>, o parlamentar disse que ir\u00e1 atuar para que haja uma resposta do Poder Legislativo e que estimular\u00e1 o Executivo e o Judici\u00e1rio a se posicionarem sobre o assunto.<\/p>\n<p>&#8220;\u00c9 inaceit\u00e1vel essa declara\u00e7\u00e3o do Telegram, que mente ao dizer que o Brasil est\u00e1 \u00e0s v\u00e9speras de aprovar uma proposta que poderia cercear a democracia ou a liberdade de express\u00e3o. \u00c9 inaceit\u00e1vel a tentativa de p\u00f4r de joelhos o parlamento brasileiro e o abuso do poder econ\u00f4mico&#8221;, disse o deputado.<\/p>\n<p>&#8220;O Telegram utiliza uma posi\u00e7\u00e3o no mercado de servi\u00e7os de mensagem no Brasil, utiliza sua estrutura, que \u00e9 um servi\u00e7o prestado aos cidad\u00e3os, contratado pelo cidad\u00e3o para ter acesso \u00e0 conex\u00e3o interpessoal&#8230; Ele abusa do seu poder para disseminar mentiras, atacar o parlamento e intimidar o debate que \u00e9 leg\u00edtimo&#8221;, continuou.<\/p>\n<p>&#8220;Qualquer empresa pode participar do debate p\u00fablico no Brasil, mas n\u00e3o pode acontecer o abuso do poder econ\u00f4mico, o uso de suas estruturas para distorcer o debate p\u00fablico, para mentir sobre temas que est\u00e3o a exame do Congresso Nacional&#8221;, argumentou.<\/p>\n<p>Na mensagem por \u00e1udio, Orlando Silva tamb\u00e9m defendeu que &#8220;a nenhuma multinacional pode ser dado o direito de ferir a nossa democracia e a legitimidade do parlamento, em que representantes do povo discutem leis que estar\u00e3o ao abrigo da Constitui\u00e7\u00e3o para defender direitos fundamentais&#8221;.<\/p>\n<p>Na semana passada, o chamado PL das Fake News foi retirado de pauta do plen\u00e1rio da C\u00e2mara dos Deputados por decis\u00e3o do presidente da casa legislativa, Arthur Lira (PP-AL), que atendeu a pedido feito pelo pr\u00f3prio relator ap\u00f3s ouvir a manifesta\u00e7\u00e3o de l\u00edderes partid\u00e1rios.<\/p>\n<p>Na ocasi\u00e3o, Orlando Silva alegou que era necess\u00e1rio mais tempo para avaliar sugest\u00f5es de modifica\u00e7\u00f5es ao texto apresentadas por pares e chegar a um consenso sobre o tema. Nos bastidores, havia uma avalia\u00e7\u00e3o de que o texto corria riscos de ser derrubado caso fosse levado a vota\u00e7\u00e3o naquela data.<\/p>\n<p>O recuo ocorreu uma semana ap\u00f3s o governo ter conseguido aprovar requerimento de urg\u00eancia para o texto \u2013 procedimento que, com a anu\u00eancia da maioria dos integrantes da casa legislativa, encurta o rito de tramita\u00e7\u00e3o da mat\u00e9ria e permite que a discuss\u00e3o seja levada diretamente a plen\u00e1rio.<\/p>\n<h2><strong>Debate acalorado<\/strong><\/h2>\n<p>Na mensagem que tem sido disparada aos usu\u00e1rios brasileiros, o Telegram disse que o projeto, uma vez aprovado, implicar\u00e1 em \u201ccensura\u201d e \u201cir\u00e1 acabar com a liberdade de express\u00e3o\u201d no pa\u00eds. A empresa alega que o texto \u201cmatar\u00e1 a internet moderna\u201d se entrar em vigor com vers\u00e3o dada pelo relator.<\/p>\n<p>\u201cO Brasil est\u00e1 prestes a aprovar uma lei que ir\u00e1 acabar com a liberdade de express\u00e3o. O PL 2630\/2020, que foi alterado recentemente para incluir mais de 20 artigos completamente novos que nunca foram amplamente debatidos\u201d, diz trecho da mensagem, classificada por Orlando Silva como inaceit\u00e1vel. &#8220;A liberdade \u00e9 amea\u00e7ada pelos algoritmos de recomenda\u00e7\u00e3o, que cerceiam o debate plural, que \u00e9 t\u00e3o importante para democracia do Brasil&#8221;, rebateu o parlamentar.<\/p>\n<p>A postura do Telegram vai de encontro com decis\u00e3o do ministro Alexandre de Moraes, relator do inqu\u00e9rito das fake news no Supremo Tribunal Federal (STF), que, na \u00faltima ter\u00e7a-feira, determinou que o Google e redes sociais retirassem do ar propagandas, sem identifica\u00e7\u00e3o, contra a proposta.<\/p>\n<p>O novo cap\u00edtulo tamb\u00e9m aumenta a temperatura na disputa entre big techs e o governo do presidente Luiz In\u00e1cio Lula da Silva (PT). Ao se posicionar, a plataforma ignora cr\u00edticas feitas uma semana atr\u00e1s pelo presidente da C\u00e2mara, Arthur Lira, que disse que as big techs protagonizaram \u201ctratamento desonroso\u201d contra o parlamento e deveriam ser responsabilizados por suas atitudes.<\/p>\n<p>Em post no Twitter publicado durante a tarde, Orlando Silva classificou o epis\u00f3dio protagonizado pelo Telegram como &#8220;jogo sujo das big techs&#8221; e refor\u00e7ou que a &#8220;regula\u00e7\u00e3o \u00e9 uma necessidade&#8221;.<\/p>\n<blockquote class=\"twitter-tweet\" data-width=\"500\" data-dnt=\"true\">\n<p lang=\"pt\" dir=\"ltr\"><img decoding=\"async\" src=\"https:\/\/s.w.org\/images\/core\/emoji\/14.0.0\/72x72\/1f6a8.png\" alt=\"\ud83d\udea8\" class=\"wp-smiley\" style=\"height: 1em; max-height: 1em;\" title=\"\"> URGENTE!!! O jogo sujo das bigtechs continua. Recebo den\u00fancias de que o Telegram est\u00e1 disparando FAKE NEWS contra o PL 2630 para milh\u00f5es de usu\u00e1rios. Essa campanha de mentiras N\u00c3O VAI PROSPERAR. A Internet n\u00e3o \u00e9 terra sem lei e a regula\u00e7\u00e3o \u00e9 uma necessidade. PL 2630 SIM! <a href=\"https:\/\/t.co\/cEmpVpJrxO\" rel=\"nofollow\">pic.twitter.com\/cEmpVpJrxO<\/a><\/p>\n<p>&mdash; Orlando Silva (@orlandosilva) <a href=\"https:\/\/twitter.com\/orlandosilva\/status\/1656008616871174155?ref_src=twsrc%5Etfw\" rel=\"nofollow noopener\" target=\"_blank\">May 9, 2023<\/a><\/p>\n<\/blockquote>\n<p><script async src=\"https:\/\/platform.twitter.com\/widgets.js\" charset=\"utf-8\"><\/script><\/p>\n<p>Na mesma linha de Orlando Silva, o l\u00edder do governo no Congresso, senador Randolfe Rodrigues (Rede-AP) tamb\u00e9m publicou no Twitter sobre o disparo de mensagens feitos pelo Telegram aos usu\u00e1rios, e classificou a iniciativa como &#8220;tentativa de interferir no debate democr\u00e1tico&#8221; e &#8220;abuso de poder&#8221; por parte da pltaforma.<\/p>\n<blockquote class=\"twitter-tweet\" data-width=\"500\" data-dnt=\"true\">\n<p lang=\"pt\" dir=\"ltr\">As plataformas seguem usando seu alcance para agir contra o interesse p\u00fablico. Hoje o Telegram nos brindou com clara tentativa de interferir no debate democr\u00e1tico e evidente demonstra\u00e7\u00e3o de abuso de poder. Esses abusos deixam escancarado por que a regula\u00e7\u00e3o \u00e9 necess\u00e1ria! <a href=\"https:\/\/t.co\/lP8PsxnN9s\" rel=\"nofollow\">pic.twitter.com\/lP8PsxnN9s<\/a><\/p>\n<p>&mdash; Randolfe Rodrigues (@randolfeap) <a href=\"https:\/\/twitter.com\/randolfeap\/status\/1656007346538135553?ref_src=twsrc%5Etfw\" rel=\"nofollow noopener\" target=\"_blank\">May 9, 2023<\/a><\/p>\n<\/blockquote>\n<p><script async src=\"https:\/\/platform.twitter.com\/widgets.js\" charset=\"utf-8\"><\/script><\/p>\n<p>Ainda n\u00e3o foi definida data para o projeto voltar \u00e0 discuss\u00e3o no plen\u00e1rio da C\u00e2mara dos Deputados.<\/p>\n<p>The post <a rel=\"nofollow noopener\" href=\"https:\/\/www.infomoney.com.br\/politica\/orlando-silva-responde-ao-telegram-e-diz-que-liberdade-de-expressao-e-ameacada-pelos-algoritmos\/\" target=\"_blank\">Relator do PL das Fake News rebate Telegram e diz que &#8220;liberdade de express\u00e3o \u00e9 amea\u00e7ada por algoritmos&#8221;<\/a> appeared first on <a rel=\"nofollow noopener\" href=\"https:\/\/www.infomoney.com.br\/\" target=\"_blank\">InfoMoney<\/a>.<\/p>\n","protected":false},"excerpt":{"rendered":"<p><img loading=\"lazy\" decoding=\"async\" width=\"300\" height=\"200\" src=\"https:\/\/www.infomoney.com.br\/wp-content\/uploads\/2019\/06\/orlando-silva.jpg?fit=300%2C200&amp;quality=70&amp;strip=all\" class=\"attachment-medium size-medium wp-post-image\" alt=\"\" data-attachment-id=\"44753\" data-permalink=\"https:\/\/www.infomoney.com.br\/orlando-silva\/\" data-orig-file=\"https:\/\/www.infomoney.com.br\/wp-content\/uploads\/2019\/06\/orlando-silva.jpg?fit=900%2C600&amp;quality=70&amp;strip=all\" data-orig-size=\"900,600\" data-comments-opened=\"1\" data-image-meta='{\"aperture\":\"0\",\"credit\":\"\",\"camera\":\"\",\"caption\":\"\",\"created_timestamp\":\"0\",\"copyright\":\"\",\"focal_length\":\"0\",\"iso\":\"0\",\"shutter_speed\":\"0\",\"title\":\"\",\"orientation\":\"0\"}' data-image-title=\"orlando-silva\" data-image-description=\"\" data-image-caption=\"\" data-medium-file=\"https:\/\/www.infomoney.com.br\/wp-content\/uploads\/2019\/06\/orlando-silva.jpg?fit=300%2C200&amp;quality=70&amp;strip=all\" data-large-file=\"https:\/\/www.infomoney.com.br\/wp-content\/uploads\/2019\/06\/orlando-silva.jpg?fit=900%2C600&amp;quality=70&amp;strip=all\">Na mensagem que tem sido disparada aos usu\u00e1rios brasileiros, plataforma diz que PL das Fake News, uma vez aprovado, implicar\u00e1 em \u201ccensura\u201d<\/p>\n<p>The post <a rel=\"nofollow\" href=\"https:\/\/www.infomoney.com.br\/politica\/orlando-silva-responde-ao-telegram-e-diz-que-liberdade-de-expressao-e-ameacada-pelos-algoritmos\/\">Relator do PL das Fake News rebate Telegram e diz que \u201cliberdade de express\u00e3o \u00e9 amea\u00e7ada por algoritmos\u201d<\/a> appeared first on <a rel=\"nofollow\" href=\"https:\/\/www.infomoney.com.br\/\">InfoMoney<\/a>.<\/p>\n","protected":false},"author":47,"featured_media":0,"comment_status":"closed","ping_status":"closed","sticky":false,"template":"","format":"standard","meta":{"advgb_blocks_editor_width":"","advgb_blocks_columns_visual_guide":"","footnotes":""},"categories":[276,895,34,47,1730],"tags":[35],"class_list":["post-15739","post","type-post","status-publish","format-standard","hentry","category-camara-dos-deputados","category-fake-news","category-g1","category-politica","category-telegram","tag-g1"],"author_meta":{"display_name":"luispereira","author_link":"https:\/\/sindaopcpb.org.br\/author\/luispereira\/"},"featured_img":null,"coauthors":[],"tax_additional":{"categories":{"linked":["<a href=\"https:\/\/sindaopcpb.org.br\/camara-dos-deputados\/\" class=\"advgb-post-tax-term\">C\u00e2mara dos Deputados<\/a>","<a href=\"https:\/\/sindaopcpb.org.br\/fake-news\/\" class=\"advgb-post-tax-term\">FAKE NEWS<\/a>","<a href=\"https:\/\/sindaopcpb.org.br\/g1\/\" class=\"advgb-post-tax-term\">G1<\/a>","<a href=\"https:\/\/sindaopcpb.org.br\/politica\/\" class=\"advgb-post-tax-term\">POLITICA<\/a>","<a href=\"https:\/\/sindaopcpb.org.br\/telegram\/\" class=\"advgb-post-tax-term\">Telegram<\/a>"],"unlinked":["<span class=\"advgb-post-tax-term\">C\u00e2mara dos Deputados<\/span>","<span class=\"advgb-post-tax-term\">FAKE NEWS<\/span>","<span class=\"advgb-post-tax-term\">G1<\/span>","<span class=\"advgb-post-tax-term\">POLITICA<\/span>","<span class=\"advgb-post-tax-term\">Telegram<\/span>"]},"tags":{"linked":["<a href=\"https:\/\/sindaopcpb.org.br\/telegram\/\" class=\"advgb-post-tax-term\">g1<\/a>"],"unlinked":["<span class=\"advgb-post-tax-term\">g1<\/span>"]}},"comment_count":"0","relative_dates":{"created":"Publicado 3 anos atr\u00e1s","modified":"Atualizado 3 anos atr\u00e1s"},"absolute_dates":{"created":"Publicado em 9 de maio de 2023","modified":"Atualizado em 9 de maio de 2023"},"absolute_dates_time":{"created":"Publicado em 9 de maio de 2023 17:08","modified":"Atualizado em 9 de maio de 2023 17:08"},"featured_img_caption":"","series_order":"","_links":{"self":[{"href":"https:\/\/sindaopcpb.org.br\/index.php\/wp-json\/wp\/v2\/posts\/15739","targetHints":{"allow":["GET"]}}],"collection":[{"href":"https:\/\/sindaopcpb.org.br\/index.php\/wp-json\/wp\/v2\/posts"}],"about":[{"href":"https:\/\/sindaopcpb.org.br\/index.php\/wp-json\/wp\/v2\/types\/post"}],"author":[{"embeddable":true,"href":"https:\/\/sindaopcpb.org.br\/index.php\/wp-json\/wp\/v2\/users\/47"}],"replies":[{"embeddable":true,"href":"https:\/\/sindaopcpb.org.br\/index.php\/wp-json\/wp\/v2\/comments?post=15739"}],"version-history":[{"count":2,"href":"https:\/\/sindaopcpb.org.br\/index.php\/wp-json\/wp\/v2\/posts\/15739\/revisions"}],"predecessor-version":[{"id":15758,"href":"https:\/\/sindaopcpb.org.br\/index.php\/wp-json\/wp\/v2\/posts\/15739\/revisions\/15758"}],"wp:attachment":[{"href":"https:\/\/sindaopcpb.org.br\/index.php\/wp-json\/wp\/v2\/media?parent=15739"}],"wp:term":[{"taxonomy":"category","embeddable":true,"href":"https:\/\/sindaopcpb.org.br\/index.php\/wp-json\/wp\/v2\/categories?post=15739"},{"taxonomy":"post_tag","embeddable":true,"href":"https:\/\/sindaopcpb.org.br\/index.php\/wp-json\/wp\/v2\/tags?post=15739"}],"curies":[{"name":"wp","href":"https:\/\/api.w.org\/{rel}","templated":true}]}}