{"id":15626,"date":"2023-05-09T09:42:12","date_gmt":"2023-05-09T12:42:12","guid":{"rendered":"https:\/\/www.infomoney.com.br\/?p=2128446"},"modified":"2023-05-09T09:42:12","modified_gmt":"2023-05-09T12:42:12","slug":"lula-recebe-visita-do-primeiro-ministro-holandes-nesta-terca-feira","status":"publish","type":"post","link":"https:\/\/sindaopcpb.org.br\/index.php\/2023\/05\/09\/lula-recebe-visita-do-primeiro-ministro-holandes-nesta-terca-feira\/","title":{"rendered":"Lula recebe visita do primeiro-ministro holand\u00eas nesta ter\u00e7a-feira"},"content":{"rendered":"<p><img loading=\"lazy\" width=\"300\" height=\"196\" src=\"https:\/\/www.infomoney.com.br\/wp-content\/uploads\/2023\/01\/Lula2-e1678293699367.jpg?fit=300%2C196&amp;quality=70&amp;strip=all\" class=\"attachment-medium size-medium wp-post-image\" alt=\"\" decoding=\"async\" style=\"float:right; margin:0 0 10px 10px;\" srcset=\"https:\/\/www.infomoney.com.br\/wp-content\/uploads\/2023\/01\/Lula2-e1678293699367.jpg?w=671&amp;quality=70&amp;strip=all 671w, https:\/\/www.infomoney.com.br\/wp-content\/uploads\/2023\/01\/Lula2-e1678293699367.jpg?w=300&amp;quality=70&amp;strip=all 300w, https:\/\/www.infomoney.com.br\/wp-content\/uploads\/2023\/01\/Lula2-e1678293699367.jpg?w=150&amp;quality=70&amp;strip=all 150w\" sizes=\"auto, (max-width: 300px) 100vw, 300px\" data-attachment-id=\"2035366\" data-permalink=\"https:\/\/www.infomoney.com.br\/politica\/lula-diz-que-teve-impressao-de-que-atos-de-8-de-janeiro-eram-o-comeco-de-um-golpe-e-sugere-que-bolsonaro-sabia\/attachment\/lula2-2\/\" data-orig-file=\"https:\/\/www.infomoney.com.br\/wp-content\/uploads\/2023\/01\/Lula2-e1678293699367.jpg?fit=671%2C439&amp;quality=70&amp;strip=all\" data-orig-size=\"671,439\" data-comments-opened=\"0\" data-image-meta=\"{&quot;aperture&quot;:&quot;0&quot;,&quot;credit&quot;:&quot;&quot;,&quot;camera&quot;:&quot;&quot;,&quot;caption&quot;:&quot;&quot;,&quot;created_timestamp&quot;:&quot;0&quot;,&quot;copyright&quot;:&quot;&quot;,&quot;focal_length&quot;:&quot;0&quot;,&quot;iso&quot;:&quot;0&quot;,&quot;shutter_speed&quot;:&quot;0&quot;,&quot;title&quot;:&quot;&quot;,&quot;orientation&quot;:&quot;0&quot;}\" data-image-title=\"Luiz In\u00e1cio Lula da Silva\" data-image-description=\"\" data-image-caption=\"&lt;p&gt;O presidente Luiz In\u00e1cio Lula da Silva (PT) em primeira reuni\u00e3o ministerial no Pal\u00e1cio do Planalto (Foto: Ricardo Stuckert\/PR)&lt;\/p&gt;\n\" data-medium-file=\"https:\/\/www.infomoney.com.br\/wp-content\/uploads\/2023\/01\/Lula2-e1678293699367.jpg?fit=300%2C196&amp;quality=70&amp;strip=all\" data-large-file=\"https:\/\/www.infomoney.com.br\/wp-content\/uploads\/2023\/01\/Lula2-e1678293699367.jpg?fit=671%2C439&amp;quality=70&amp;strip=all\" title=\"\"><\/p>\n<p>O presidente Luiz In\u00e1cio Lula da Silva recebe, nesta ter\u00e7a-feira (9), a visita oficial do primeiro-ministro dos Pa\u00edses Baixos, Mark Rutte, em Bras\u00edlia. O premi\u00ea holand\u00eas est\u00e1 em miss\u00e3o comercial no pa\u00eds, acompanhado de uma comitiva de empres\u00e1rios do pa\u00eds europeu. A visita come\u00e7ou em S\u00e3o Paulo nesta segunda-feira (8), passa por Bras\u00edlia e depois pelo Cear\u00e1.<\/p>\n<p>Rutte ser\u00e1 recebido amanh\u00e3, no Pal\u00e1cio do Planalto, \u00e0s 16h30, em reuni\u00e3o bilateral com foco em temas da agenda comercial. Uma declara\u00e7\u00e3o conjunta entre os dois chefes de governo est\u00e1 prevista para o fim do dia. Depois disso, o presidente Lula e a primeira-dama, Janja da Silva, oferecer\u00e3o um jantar \u00e0 delega\u00e7\u00e3o holandesa no Pal\u00e1cio do Itamaraty.<\/p>\n<p>Segundo o Pal\u00e1cio do Planalto, a \u00faltima parte da visita de Rutte ser\u00e1 em Fortaleza, onde o premi\u00ea vai conhecer o Terminal Portu\u00e1rio do Pec\u00e9m, que tem uma parceria de 75 milh\u00f5es de euros com o Porto de Roterd\u00e3, um dos principais da Europa.<\/p>\n<p>Tradicionais parceiros comerciais do Brasil, os Pa\u00edses Baixos est\u00e3o entre os maiores investidores estrangeiros imediatos no mercado brasileiro, com estoque de cerca de US$ 126 bilh\u00f5es em 2021, segundo o governo. Em 2022, foi o quarto pa\u00eds no mundo \u2013 e o primeiro da Europa \u2013 que mais importou produtos brasileiros, com fluxo de US$ 11,9 bilh\u00f5es. O Reino dos Pa\u00edses Baixos est\u00e1 em 21\u00ba lugar no\u00a0<em>ranking<\/em>\u00a0de pa\u00edses que mais exportaram para o Brasil, com US$ 2,75 bilh\u00f5es.<\/p>\n<p>O principal produto brasileiro de exporta\u00e7\u00e3o para a Holanda foi o petr\u00f3leo, com 18% do total, seguido por soja (9,5%) e ferro (5,9%). Os combust\u00edveis refinados responderam por 42% dos produtos importados pelo Brasil, seguidos por adubos e fertilizantes (11%) e produtos industrializados (4,7%).<\/p>\n<p>The post <a rel=\"nofollow noopener\" href=\"https:\/\/www.infomoney.com.br\/politica\/lula-recebe-visita-do-primeiro-ministro-holandes-nesta-terca-feira\/\" target=\"_blank\">Lula recebe visita do primeiro-ministro holand\u00eas nesta ter\u00e7a-feira<\/a> appeared first on <a rel=\"nofollow noopener\" href=\"https:\/\/www.infomoney.com.br\/\" target=\"_blank\">InfoMoney<\/a>.<\/p>\n","protected":false},"excerpt":{"rendered":"<p><img loading=\"lazy\" decoding=\"async\" width=\"300\" height=\"196\" src=\"https:\/\/www.infomoney.com.br\/wp-content\/uploads\/2023\/01\/Lula2-e1678293699367.jpg?fit=300%2C196&amp;quality=70&amp;strip=all\" class=\"attachment-medium size-medium wp-post-image\" alt=\"\" data-attachment-id=\"2035366\" data-permalink=\"https:\/\/www.infomoney.com.br\/politica\/lula-diz-que-teve-impressao-de-que-atos-de-8-de-janeiro-eram-o-comeco-de-um-golpe-e-sugere-que-bolsonaro-sabia\/attachment\/lula2-2\/\" data-orig-file=\"https:\/\/www.infomoney.com.br\/wp-content\/uploads\/2023\/01\/Lula2-e1678293699367.jpg?fit=671%2C439&amp;quality=70&amp;strip=all\" data-orig-size=\"671,439\" data-comments-opened=\"0\" data-image-meta='{\"aperture\":\"0\",\"credit\":\"\",\"camera\":\"\",\"caption\":\"\",\"created_timestamp\":\"0\",\"copyright\":\"\",\"focal_length\":\"0\",\"iso\":\"0\",\"shutter_speed\":\"0\",\"title\":\"\",\"orientation\":\"0\"}' data-image-title=\"Luiz In\u00e1cio Lula da Silva\" data-image-description=\"\" data-image-caption=\"&lt;p&gt;O presidente Luiz In\u00e1cio Lula da Silva (PT) em primeira reuni\u00e3o ministerial no Pal\u00e1cio do Planalto (Foto: Ricardo Stuckert\/PR)&lt;\/p&gt;\n\" data-medium-file=\"https:\/\/www.infomoney.com.br\/wp-content\/uploads\/2023\/01\/Lula2-e1678293699367.jpg?fit=300%2C196&amp;quality=70&amp;strip=all\" data-large-file=\"https:\/\/www.infomoney.com.br\/wp-content\/uploads\/2023\/01\/Lula2-e1678293699367.jpg?fit=671%2C439&amp;quality=70&amp;strip=all\">Premi\u00ea chefia miss\u00e3o comercial que inclui S\u00e3o Paulo e Cear\u00e1<\/p>\n<p>The post <a rel=\"nofollow\" href=\"https:\/\/www.infomoney.com.br\/politica\/lula-recebe-visita-do-primeiro-ministro-holandes-nesta-terca-feira\/\">Lula recebe visita do primeiro-ministro holand\u00eas nesta ter\u00e7a-feira<\/a> appeared first on <a rel=\"nofollow\" href=\"https:\/\/www.infomoney.com.br\/\">InfoMoney<\/a>.<\/p>\n","protected":false},"author":44,"featured_media":0,"comment_status":"closed","ping_status":"closed","sticky":false,"template":"","format":"standard","meta":{"advgb_blocks_editor_width":"","advgb_blocks_columns_visual_guide":"","footnotes":""},"categories":[34,2550,129,47],"tags":[35],"class_list":["post-15626","post","type-post","status-publish","format-standard","hentry","category-g1","category-holanda","category-luiz-inacio-lula-da-silva","category-politica","tag-g1"],"author_meta":{"display_name":"Ag\u00eancia Brasil","author_link":"https:\/\/sindaopcpb.org.br\/author\/agencia-brasil\/"},"featured_img":null,"coauthors":[],"tax_additional":{"categories":{"linked":["<a href=\"https:\/\/sindaopcpb.org.br\/g1\/\" class=\"advgb-post-tax-term\">G1<\/a>","<a href=\"https:\/\/sindaopcpb.org.br\/holanda\/\" class=\"advgb-post-tax-term\">Holanda<\/a>","<a href=\"https:\/\/sindaopcpb.org.br\/luiz-inacio-lula-da-silva\/\" class=\"advgb-post-tax-term\">Luiz In\u00e1cio Lula da Silva<\/a>","<a href=\"https:\/\/sindaopcpb.org.br\/politica\/\" class=\"advgb-post-tax-term\">POLITICA<\/a>"],"unlinked":["<span class=\"advgb-post-tax-term\">G1<\/span>","<span class=\"advgb-post-tax-term\">Holanda<\/span>","<span class=\"advgb-post-tax-term\">Luiz In\u00e1cio Lula da Silva<\/span>","<span class=\"advgb-post-tax-term\">POLITICA<\/span>"]},"tags":{"linked":["<a href=\"https:\/\/sindaopcpb.org.br\/politica\/\" class=\"advgb-post-tax-term\">g1<\/a>"],"unlinked":["<span class=\"advgb-post-tax-term\">g1<\/span>"]}},"comment_count":"0","relative_dates":{"created":"Publicado 3 anos atr\u00e1s","modified":"Atualizado 3 anos atr\u00e1s"},"absolute_dates":{"created":"Publicado em 9 de maio de 2023","modified":"Atualizado em 9 de maio de 2023"},"absolute_dates_time":{"created":"Publicado em 9 de maio de 2023 09:42","modified":"Atualizado em 9 de maio de 2023 09:42"},"featured_img_caption":"","series_order":"","_links":{"self":[{"href":"https:\/\/sindaopcpb.org.br\/index.php\/wp-json\/wp\/v2\/posts\/15626","targetHints":{"allow":["GET"]}}],"collection":[{"href":"https:\/\/sindaopcpb.org.br\/index.php\/wp-json\/wp\/v2\/posts"}],"about":[{"href":"https:\/\/sindaopcpb.org.br\/index.php\/wp-json\/wp\/v2\/types\/post"}],"author":[{"embeddable":true,"href":"https:\/\/sindaopcpb.org.br\/index.php\/wp-json\/wp\/v2\/users\/44"}],"replies":[{"embeddable":true,"href":"https:\/\/sindaopcpb.org.br\/index.php\/wp-json\/wp\/v2\/comments?post=15626"}],"version-history":[{"count":1,"href":"https:\/\/sindaopcpb.org.br\/index.php\/wp-json\/wp\/v2\/posts\/15626\/revisions"}],"predecessor-version":[{"id":15627,"href":"https:\/\/sindaopcpb.org.br\/index.php\/wp-json\/wp\/v2\/posts\/15626\/revisions\/15627"}],"wp:attachment":[{"href":"https:\/\/sindaopcpb.org.br\/index.php\/wp-json\/wp\/v2\/media?parent=15626"}],"wp:term":[{"taxonomy":"category","embeddable":true,"href":"https:\/\/sindaopcpb.org.br\/index.php\/wp-json\/wp\/v2\/categories?post=15626"},{"taxonomy":"post_tag","embeddable":true,"href":"https:\/\/sindaopcpb.org.br\/index.php\/wp-json\/wp\/v2\/tags?post=15626"}],"curies":[{"name":"wp","href":"https:\/\/api.w.org\/{rel}","templated":true}]}}