{"id":15616,"date":"2023-05-09T10:26:42","date_gmt":"2023-05-09T13:26:42","guid":{"rendered":"https:\/\/www.infomoney.com.br\/?p=2128482"},"modified":"2023-05-09T10:26:42","modified_gmt":"2023-05-09T13:26:42","slug":"ex-deputado-federal-david-miranda-morre-no-rio-de-janeiro-aos-37-anos","status":"publish","type":"post","link":"https:\/\/sindaopcpb.org.br\/index.php\/2023\/05\/09\/ex-deputado-federal-david-miranda-morre-no-rio-de-janeiro-aos-37-anos\/","title":{"rendered":"Ex-deputado federal David Miranda morre no Rio de Janeiro aos 37 anos"},"content":{"rendered":"<p><img loading=\"lazy\" width=\"300\" height=\"200\" src=\"https:\/\/www.infomoney.com.br\/wp-content\/uploads\/2023\/05\/img20220630145459076-768x512-1.jpg?fit=300%2C200&amp;quality=70&amp;strip=all\" class=\"attachment-medium size-medium wp-post-image\" alt=\"\" decoding=\"async\" style=\"float:right; margin:0 0 10px 10px;\" srcset=\"https:\/\/www.infomoney.com.br\/wp-content\/uploads\/2023\/05\/img20220630145459076-768x512-1.jpg?w=768&amp;quality=70&amp;strip=all 768w, https:\/\/www.infomoney.com.br\/wp-content\/uploads\/2023\/05\/img20220630145459076-768x512-1.jpg?w=300&amp;quality=70&amp;strip=all 300w, https:\/\/www.infomoney.com.br\/wp-content\/uploads\/2023\/05\/img20220630145459076-768x512-1.jpg?w=150&amp;quality=70&amp;strip=all 150w\" sizes=\"auto, (max-width: 300px) 100vw, 300px\" data-attachment-id=\"2128515\" data-permalink=\"https:\/\/www.infomoney.com.br\/politica\/ex-deputado-federal-david-miranda-morre-no-rio-de-janeiro-aos-37-anos\/attachment\/img20220630145459076-768x512\/\" data-orig-file=\"https:\/\/www.infomoney.com.br\/wp-content\/uploads\/2023\/05\/img20220630145459076-768x512-1.jpg?fit=768%2C512&amp;quality=70&amp;strip=all\" data-orig-size=\"768,512\" data-comments-opened=\"0\" data-image-meta=\"{&quot;aperture&quot;:&quot;0&quot;,&quot;credit&quot;:&quot;&quot;,&quot;camera&quot;:&quot;&quot;,&quot;caption&quot;:&quot;&quot;,&quot;created_timestamp&quot;:&quot;0&quot;,&quot;copyright&quot;:&quot;&quot;,&quot;focal_length&quot;:&quot;0&quot;,&quot;iso&quot;:&quot;0&quot;,&quot;shutter_speed&quot;:&quot;0&quot;,&quot;title&quot;:&quot;&quot;,&quot;orientation&quot;:&quot;0&quot;}\" data-image-title=\"David Miranda\" data-image-description=\"&lt;p&gt;David iniciou sua trajet\u00f3ria pol\u00edtica no Rio de Janeiro, e depois se tornou deputado federal (foto: Rodrigo Pertoti\/C\u00e2mara dos Deputados)&lt;\/p&gt;\n\" data-image-caption=\"\" data-medium-file=\"https:\/\/www.infomoney.com.br\/wp-content\/uploads\/2023\/05\/img20220630145459076-768x512-1.jpg?fit=300%2C200&amp;quality=70&amp;strip=all\" data-large-file=\"https:\/\/www.infomoney.com.br\/wp-content\/uploads\/2023\/05\/img20220630145459076-768x512-1.jpg?fit=768%2C512&amp;quality=70&amp;strip=all\" title=\"\"><\/p>\n<p>O ex-deputado federal David Miranda morreu na manh\u00e3 desta ter\u00e7a-feira (9) no Rio de Janeiro. Ele estava internado desde 6 de agosto de 2022, na Unidade de Terapia Intensiva (UTI) de um hospital da zona sul da capital fluminense, com um quadro de infec\u00e7\u00e3o gastrointestinal, que evoluiu para septicemia ap\u00f3s infec\u00e7\u00f5es sucessivas, agravando o estado de sa\u00fade nas \u00faltimas semanas.<\/p>\n<p>Nas redes sociais, o jornalista Glenn Greenwald, marido de David, informou sobre o falecimento do ex-parlamentar. Ele deixa tr\u00eas filhos.<\/p>\n<p>&#8220;\u00c9 com enorme tristeza e pesar que eu anuncio o falecimento do meu marido David Miranda. Ele faria 38 anos de idade amanh\u00e3. Seu falecimento nesta manh\u00e3 vem depois de uma luta de 9 meses no CTI. David passou em paz, cercado de nossos filhos, familiares e amigos&#8221;, afirmou em publica\u00e7\u00e3o no Twitter.<\/p>\n<blockquote class=\"twitter-tweet\" data-width=\"500\" data-dnt=\"true\">\n<p lang=\"pt\" dir=\"ltr\">\u00c9 com enorme tristeza e pesar que eu anuncio o falecimento do meu marido <a href=\"https:\/\/twitter.com\/davidmirandario?ref_src=twsrc%5Etfw\" rel=\"nofollow noopener\" target=\"_blank\">@davidmirandario<\/a>. Ele faria 38 anos de idade amanh\u00e3.<\/p>\n<p>Seu falecimento nesta manh\u00e3 vem depois de uma luta de 9 meses no CTI. David passou em paz, cercado de nossos filhos, familiares e amigos. <a href=\"https:\/\/t.co\/AANamJvxIj\" rel=\"nofollow\">pic.twitter.com\/AANamJvxIj<\/a><\/p>\n<p>&mdash; Glenn Greenwald (@ggreenwald) <a href=\"https:\/\/twitter.com\/ggreenwald\/status\/1655917406059937792?ref_src=twsrc%5Etfw\" rel=\"nofollow noopener\" target=\"_blank\">May 9, 2023<\/a><\/p>\n<\/blockquote>\n<p><script async src=\"https:\/\/platform.twitter.com\/widgets.js\" charset=\"utf-8\"><\/script><\/p>\n<p>Defensor dos direitos das minorias, David Miranda iniciou sua trajet\u00f3ria pol\u00edtica no Rio de Janeiro, onde foi vereador pelo PSOL entre 2017 a 2019. Assumiu uma cadeira na C\u00e2mara dos Deputados depois que o ex-deputado federal Jean Wyllys (PSOL-RJ) renunciou ao mandato e deixou o Brasil, em 2019.<\/p>\n<p>No ano passado, Miranda decidiu sair do PSOL e migrar para o PDT, mas, em meio \u00e0 interna\u00e7\u00e3o, precisou retirar sua candidatura \u00e0 reelei\u00e7\u00e3o.<\/p>\n<p>Como deputado federal, teve atua\u00e7\u00e3o nas comiss\u00f5es de Rela\u00e7\u00f5es Exteriores e de Defesa Nacional; de Cultura; e de Legisla\u00e7\u00e3o Participativa. Durante a pandemia, foi coautor de projetos que buscaram amenizar os impactos econ\u00f4micos no setor cultural e tamb\u00e9m refor\u00e7ando medidas de prote\u00e7\u00e3o aos entregadores de aplicativos.<\/p>\n<p>(Com Ag\u00eancia C\u00e2mara)<\/p>\n<p>The post <a rel=\"nofollow noopener\" href=\"https:\/\/www.infomoney.com.br\/politica\/ex-deputado-federal-david-miranda-morre-no-rio-de-janeiro-aos-37-anos\/\" target=\"_blank\">Ex-deputado federal David Miranda morre no Rio de Janeiro aos 37 anos<\/a> appeared first on <a rel=\"nofollow noopener\" href=\"https:\/\/www.infomoney.com.br\/\" target=\"_blank\">InfoMoney<\/a>.<\/p>\n","protected":false},"excerpt":{"rendered":"<p><img loading=\"lazy\" decoding=\"async\" width=\"300\" height=\"200\" src=\"https:\/\/www.infomoney.com.br\/wp-content\/uploads\/2023\/05\/img20220630145459076-768x512-1.jpg?fit=300%2C200&amp;quality=70&amp;strip=all\" class=\"attachment-medium size-medium wp-post-image\" alt=\"\" data-attachment-id=\"2128515\" data-permalink=\"https:\/\/www.infomoney.com.br\/politica\/ex-deputado-federal-david-miranda-morre-no-rio-de-janeiro-aos-37-anos\/attachment\/img20220630145459076-768x512\/\" data-orig-file=\"https:\/\/www.infomoney.com.br\/wp-content\/uploads\/2023\/05\/img20220630145459076-768x512-1.jpg?fit=768%2C512&amp;quality=70&amp;strip=all\" data-orig-size=\"768,512\" data-comments-opened=\"0\" data-image-meta='{\"aperture\":\"0\",\"credit\":\"\",\"camera\":\"\",\"caption\":\"\",\"created_timestamp\":\"0\",\"copyright\":\"\",\"focal_length\":\"0\",\"iso\":\"0\",\"shutter_speed\":\"0\",\"title\":\"\",\"orientation\":\"0\"}' data-image-title=\"David Miranda\" data-image-description=\"&lt;p&gt;David iniciou sua trajet\u00f3ria pol\u00edtica no Rio de Janeiro, e depois se tornou deputado federal (foto: Rodrigo Pertoti\/C\u00e2mara dos Deputados)&lt;\/p&gt;\n\" data-image-caption=\"\" data-medium-file=\"https:\/\/www.infomoney.com.br\/wp-content\/uploads\/2023\/05\/img20220630145459076-768x512-1.jpg?fit=300%2C200&amp;quality=70&amp;strip=all\" data-large-file=\"https:\/\/www.infomoney.com.br\/wp-content\/uploads\/2023\/05\/img20220630145459076-768x512-1.jpg?fit=768%2C512&amp;quality=70&amp;strip=all\">Ele estava internado desde agosto, quando foi socorrido ap\u00f3s uma infec\u00e7\u00e3o gastrointestinal<\/p>\n<p>The post <a rel=\"nofollow\" href=\"https:\/\/www.infomoney.com.br\/politica\/ex-deputado-federal-david-miranda-morre-no-rio-de-janeiro-aos-37-anos\/\">Ex-deputado federal David Miranda morre no Rio de Janeiro aos 37 anos<\/a> appeared first on <a rel=\"nofollow\" href=\"https:\/\/www.infomoney.com.br\/\">InfoMoney<\/a>.<\/p>\n","protected":false},"author":47,"featured_media":0,"comment_status":"closed","ping_status":"closed","sticky":false,"template":"","format":"standard","meta":{"advgb_blocks_editor_width":"","advgb_blocks_columns_visual_guide":"","footnotes":""},"categories":[276,2549,34,47],"tags":[35],"class_list":["post-15616","post","type-post","status-publish","format-standard","hentry","category-camara-dos-deputados","category-david-miranda","category-g1","category-politica","tag-g1"],"author_meta":{"display_name":"luispereira","author_link":"https:\/\/sindaopcpb.org.br\/author\/luispereira\/"},"featured_img":null,"coauthors":[],"tax_additional":{"categories":{"linked":["<a href=\"https:\/\/sindaopcpb.org.br\/camara-dos-deputados\/\" class=\"advgb-post-tax-term\">C\u00e2mara dos Deputados<\/a>","<a href=\"https:\/\/sindaopcpb.org.br\/david-miranda\/\" class=\"advgb-post-tax-term\">David Miranda<\/a>","<a href=\"https:\/\/sindaopcpb.org.br\/g1\/\" class=\"advgb-post-tax-term\">G1<\/a>","<a href=\"https:\/\/sindaopcpb.org.br\/politica\/\" class=\"advgb-post-tax-term\">POLITICA<\/a>"],"unlinked":["<span class=\"advgb-post-tax-term\">C\u00e2mara dos Deputados<\/span>","<span class=\"advgb-post-tax-term\">David Miranda<\/span>","<span class=\"advgb-post-tax-term\">G1<\/span>","<span class=\"advgb-post-tax-term\">POLITICA<\/span>"]},"tags":{"linked":["<a href=\"https:\/\/sindaopcpb.org.br\/politica\/\" class=\"advgb-post-tax-term\">g1<\/a>"],"unlinked":["<span class=\"advgb-post-tax-term\">g1<\/span>"]}},"comment_count":"0","relative_dates":{"created":"Publicado 3 anos atr\u00e1s","modified":"Atualizado 3 anos atr\u00e1s"},"absolute_dates":{"created":"Publicado em 9 de maio de 2023","modified":"Atualizado em 9 de maio de 2023"},"absolute_dates_time":{"created":"Publicado em 9 de maio de 2023 10:26","modified":"Atualizado em 9 de maio de 2023 10:26"},"featured_img_caption":"","series_order":"","_links":{"self":[{"href":"https:\/\/sindaopcpb.org.br\/index.php\/wp-json\/wp\/v2\/posts\/15616","targetHints":{"allow":["GET"]}}],"collection":[{"href":"https:\/\/sindaopcpb.org.br\/index.php\/wp-json\/wp\/v2\/posts"}],"about":[{"href":"https:\/\/sindaopcpb.org.br\/index.php\/wp-json\/wp\/v2\/types\/post"}],"author":[{"embeddable":true,"href":"https:\/\/sindaopcpb.org.br\/index.php\/wp-json\/wp\/v2\/users\/47"}],"replies":[{"embeddable":true,"href":"https:\/\/sindaopcpb.org.br\/index.php\/wp-json\/wp\/v2\/comments?post=15616"}],"version-history":[{"count":1,"href":"https:\/\/sindaopcpb.org.br\/index.php\/wp-json\/wp\/v2\/posts\/15616\/revisions"}],"predecessor-version":[{"id":15617,"href":"https:\/\/sindaopcpb.org.br\/index.php\/wp-json\/wp\/v2\/posts\/15616\/revisions\/15617"}],"wp:attachment":[{"href":"https:\/\/sindaopcpb.org.br\/index.php\/wp-json\/wp\/v2\/media?parent=15616"}],"wp:term":[{"taxonomy":"category","embeddable":true,"href":"https:\/\/sindaopcpb.org.br\/index.php\/wp-json\/wp\/v2\/categories?post=15616"},{"taxonomy":"post_tag","embeddable":true,"href":"https:\/\/sindaopcpb.org.br\/index.php\/wp-json\/wp\/v2\/tags?post=15616"}],"curies":[{"name":"wp","href":"https:\/\/api.w.org\/{rel}","templated":true}]}}