{"id":15590,"date":"2023-05-09T09:27:37","date_gmt":"2023-05-09T12:27:37","guid":{"rendered":"https:\/\/www.infomoney.com.br\/?p=2128160"},"modified":"2023-05-09T09:27:37","modified_gmt":"2023-05-09T12:27:37","slug":"revisao-da-vida-toda-no-inss-governo-pede-ao-stf-que-reduza-impacto-da-decisao","status":"publish","type":"post","link":"https:\/\/sindaopcpb.org.br\/index.php\/2023\/05\/09\/revisao-da-vida-toda-no-inss-governo-pede-ao-stf-que-reduza-impacto-da-decisao\/","title":{"rendered":"Revis\u00e3o da vida toda no INSS: governo pede ao STF que reduza impacto da decis\u00e3o"},"content":{"rendered":"<p><img loading=\"lazy\" width=\"300\" height=\"200\" src=\"https:\/\/www.infomoney.com.br\/wp-content\/uploads\/2022\/04\/GettyImages-1209976721.jpg?fit=300%2C200&amp;quality=70&amp;strip=all\" class=\"attachment-medium size-medium wp-post-image\" alt=\"\" decoding=\"async\" style=\"float:right; margin:0 0 10px 10px;\" srcset=\"https:\/\/www.infomoney.com.br\/wp-content\/uploads\/2022\/04\/GettyImages-1209976721.jpg?w=724&amp;quality=70&amp;strip=all 724w, https:\/\/www.infomoney.com.br\/wp-content\/uploads\/2022\/04\/GettyImages-1209976721.jpg?w=300&amp;quality=70&amp;strip=all 300w, https:\/\/www.infomoney.com.br\/wp-content\/uploads\/2022\/04\/GettyImages-1209976721.jpg?w=150&amp;quality=70&amp;strip=all 150w\" sizes=\"auto, (max-width: 300px) 100vw, 300px\" data-attachment-id=\"1840944\" data-permalink=\"https:\/\/www.infomoney.com.br\/minhas-financas\/inss-reagenda-atendimentos-previstos-para-sexta-feira-saiba-como-remarcar\/attachment\/banner-with-the-word-inss-in-speech-bubble-3d-render\/\" data-orig-file=\"https:\/\/www.infomoney.com.br\/wp-content\/uploads\/2022\/04\/GettyImages-1209976721.jpg?fit=724%2C483&amp;quality=70&amp;strip=all\" data-orig-size=\"724,483\" data-comments-opened=\"1\" data-image-meta=\"{&quot;aperture&quot;:&quot;0&quot;,&quot;credit&quot;:&quot;Getty Images\\\/iStockphoto&quot;,&quot;camera&quot;:&quot;&quot;,&quot;caption&quot;:&quot;Bubble speech with cut out word \\&quot;INSS\\&quot; in the paper. Instituto Nacional do Seguro Social&quot;,&quot;created_timestamp&quot;:&quot;0&quot;,&quot;copyright&quot;:&quot;&quot;,&quot;focal_length&quot;:&quot;0&quot;,&quot;iso&quot;:&quot;0&quot;,&quot;shutter_speed&quot;:&quot;0&quot;,&quot;title&quot;:&quot;Banner with the word \\&quot;INSS\\&quot; in speech bubble. 3D Render&quot;,&quot;orientation&quot;:&quot;1&quot;}\" data-image-title=\"INSS\" data-image-description=\"&lt;p&gt;INSS&lt;\/p&gt;\n\" data-image-caption=\"&lt;p&gt;(Getty Images) &lt;\/p&gt;\n\" data-medium-file=\"https:\/\/www.infomoney.com.br\/wp-content\/uploads\/2022\/04\/GettyImages-1209976721.jpg?fit=300%2C200&amp;quality=70&amp;strip=all\" data-large-file=\"https:\/\/www.infomoney.com.br\/wp-content\/uploads\/2022\/04\/GettyImages-1209976721.jpg?fit=724%2C483&amp;quality=70&amp;strip=all\" title=\"\"><\/p>\n<p>A Advocacia-Geral da Uni\u00e3o (AGU) recorreu ao Supremo Tribunal Federal (STF) em rela\u00e7\u00e3o ao julgamento sobre a revis\u00e3o da vida toda do Instituto Nacional do Seguro Social (INSS).<\/p>\n<p>A AGU representa o governo federal e o INSS na a\u00e7\u00e3o e <strong>pediu ao STF a suspens\u00e3o de todos os processos judiciais ligados ao assunto <\/strong>at\u00e9 que a Corte esclare\u00e7a pontos questionados pela Uni\u00e3o nos embargos de declara\u00e7\u00e3o.<\/p>\n<p>O governo defende que o pedido \u00e9 necess\u00e1rio &#8220;para preserva\u00e7\u00e3o da seguran\u00e7a jur\u00eddica e em raz\u00e3o do impacto da nova tese de repercuss\u00e3o geral sobre as contas p\u00fablicas, bem como levando em conta os limites da capacidade administrativa do INSS&#8221;.<\/p>\n<p>&nbsp;<\/p>\n<p>O STF reconheceu em dezembro a &#8220;revis\u00e3o da vida toda&#8221;, que \u00e9\u00a0<a href=\"https:\/\/www.infomoney.com.br\/minhas-financas\/stf-aprova-revisao-da-vida-toda-do-inss-por-6-votos-a-5-veja-o-que-muda\/\" rel=\"nofollow noopener\" target=\"_blank\">o direito dos aposentados de recalcular o seu benef\u00edcio<\/a>, para incluir contribui\u00e7\u00f5es anteriores ao Plano Real, e optar pela regra previdenci\u00e1ria mais favor\u00e1vel.<\/p>\n<p>A decis\u00e3o beneficia sobretudo pensionistas que fizeram contribui\u00e7\u00f5es altas antes de 1994 e foram \u00e0 Justi\u00e7a para revisar seus benef\u00edcios.<\/p>\n<div class=\"infomoney-related-posts\">\n<h4>Leia tamb\u00e9m<\/h4>\n<div class=\"list\">\n<div class=\"row mx-0 item\">\n<div class=\"img-container\">\n<figure><img decoding=\"async\" class=\"img-fluid img-fluid\" src=\"https:\/\/www.infomoney.com.br\/wp-content\/uploads\/2022\/12\/Alexandre-de-Moraes-2022-12-19-flickr-stf.jpg?quality=70&#038;w=150&#038;%23038;h=150&#038;%23038;crop=1&#038;%23038;strip=all\" data-recalc-dims=\"1\" alt=\"\" title=\"\"><\/figure>\n<\/div>\n<div class=\"info\"><span class=\"hl-hat\">Vit\u00f3ria dos segurados<\/span><span class=\"hl-title\"><a href=\"https:\/\/www.infomoney.com.br\/minhas-financas\/stf-publica-acordao-da-revisao-da-vida-toda-do-inss-acoes-suspensas-podem-voltar-a-tramitar\/\" rel=\"nofollow noopener\" target=\"_blank\">STF publica ac\u00f3rd\u00e3o da revis\u00e3o da vida toda do INSS; a\u00e7\u00f5es suspensas podem voltar a tramitar<\/a><\/span><span class=\"hl-description\">Leia o ac\u00f3rd\u00e3o, que tem 192 p\u00e1ginas e foi redigido pelo ministro Alexandre de Moraes<\/span><\/div>\n<\/div>\n<div class=\"row mx-0 item\">\n<div class=\"img-container\">\n<figure><img decoding=\"async\" class=\"img-fluid img-fluid\" src=\"https:\/\/www.infomoney.com.br\/wp-content\/uploads\/2020\/01\/inss.png?quality=70&#038;w=150&#038;%23038;h=150&#038;%23038;crop=1&#038;%23038;strip=all\" data-recalc-dims=\"1\" alt=\"\" title=\"\"><\/figure>\n<\/div>\n<div class=\"info\"><span class=\"hl-hat\">Seguro Social<\/span><span class=\"hl-title\"><a href=\"https:\/\/www.infomoney.com.br\/minhas-financas\/revisao-da-vida-toda-do-inss-veja-em-passo-a-passo-se-voce-pode-pedir-a-reanalise-e-se-vale-a-pena\/\" rel=\"nofollow noopener\" target=\"_blank\">Revis\u00e3o da vida toda do INSS: veja em passo a passo se voc\u00ea pode pedir a rean\u00e1lise (e se vale a pena)<\/a><\/span><span class=\"hl-description\">STF publicou ac\u00f3rd\u00e3o da decis\u00e3o de dezembro, o que permite que a\u00e7\u00f5es judiciais suspensas possam voltar a tramitar<\/span><\/div>\n<\/div>\n<\/div>\n<\/div>\n<h2>O que pede o governo<\/h2>\n<p>Um dos principais pedidos do governo \u00e9 que a decis\u00e3o do Supremo n\u00e3o seja retroativa (ou seja: s\u00f3 produza efeitos a partir de agora). Na pr\u00e1tica, isso inviabilizaria a revis\u00e3o de aposentadorias que j\u00e1 est\u00e3o sendo pagas e impediria que benefici\u00e1rios pe\u00e7am o pagamento de valores atrasados.<\/p>\n<p>Outro pedido \u00e9 que o Supremo estabele\u00e7a quando ocorre a prescri\u00e7\u00e3o do direito (a partir de quando os benefici\u00e1rios perdem o direito de pleitear o rec\u00e1lculo da aposentadoria).<\/p>\n<p>A ideia \u00e9 evitar o pagamento de valores referentes a parcelas de d\u00e9cadas atr\u00e1s. Na pr\u00e1tica, a Uni\u00e3o quer excluir do julgamento benef\u00edcios j\u00e1 extintos e tamb\u00e9m os quitados sob as regras antigas, para n\u00e3o haver efeito retroativo sobre a decis\u00e3o.<\/p>\n<p>Outra solicita\u00e7\u00e3o \u00e9 que n\u00e3o seja poss\u00edvel pedir o rec\u00e1lculo do benef\u00edcio caso a pessoa j\u00e1 tenha tido o procedimento negado em definitivo pela Justi\u00e7a, antes do novo entendimento do STF.<\/p>\n<h2>Dificuldades do INSS?<\/h2>\n<p>O pedido fala tamb\u00e9m sobre as dificuldades administrativas no INSS para processar o rec\u00e1lculo de quem tem direito. A autarquia diz no processo que os sistemas atuais n\u00e3o permitem a inser\u00e7\u00e3o de valores anteriores ao Plano Real e que, para modific\u00e1-los, ser\u00e1 necess\u00e1rio fazer investimentos tecnol\u00f3gicos.<\/p>\n<p>Segundo o instituto, a aplica\u00e7\u00e3o imediata da tese aprovada pelos ministros pode levar ao &#8220;colapso no atendimento dos segurados pelo INSS&#8221;, com pagamentos atrasados e maiores filas.<\/p>\n<p>&#8220;O volume de pessoas que podem eventualmente pleitear a revis\u00e3o sem a correta delimita\u00e7\u00e3o do sentido e do alcance da tese firmada com a necess\u00e1ria integra\u00e7\u00e3o do julgamento dos embargos de declara\u00e7\u00e3o \u00e9 enorme&#8221;, afirma o INSS.<\/p>\n<p>&#8220;No per\u00edodo que vai de 26\/11\/1999 a 12\/11\/2019 \u2014 vinte anos \u2014 o INSS concedeu 88.307.929 benef\u00edcios, nem todos alcan\u00e7ados pela tese firmada na presente repercuss\u00e3o geral, o que ficar\u00e1 mais claro a partir do julgamento dos embargos de declara\u00e7\u00e3o&#8221;, afirma o INSS no processo, por meio da AGU.<\/p>\n<h2>Entenda o julgamento<\/h2>\n<p>O STF julgou em dezembro um recurso do INSS contra decis\u00e3o do Superior Tribunal de Justi\u00e7a (STJ), que garantiu a um segurado do Regime Geral de Previd\u00eancia Social (RGPS) a possibilidade de revis\u00e3o do benef\u00edcio com base nas contribui\u00e7\u00f5es sobre o per\u00edodo anterior ao ano de 1994.<\/p>\n<p>Durante a tramita\u00e7\u00e3o do processo, associa\u00e7\u00f5es que defendem os aposentados pediram que as contribui\u00e7\u00f5es previdenci\u00e1rias realizadas antes de julho de 1994 fossem consideradas no c\u00e1lculo dos benef\u00edcios.<\/p>\n<p>Essas contribui\u00e7\u00f5es pararam de ser consideradas em decorr\u00eancia da reforma da Previd\u00eancia de 1999, cujas regras de transi\u00e7\u00e3o exclu\u00edam da conta os pagamentos antes do Plano Real, mas as entidades alegavam que os segurados do INSS tiveram redu\u00e7\u00e3o do benef\u00edcio ao desconsiderar essas contribui\u00e7\u00f5es.<\/p>\n<p>O governo federal sustentou no STF que a mudan\u00e7a agravaria a situa\u00e7\u00e3o fiscal do Brasil, com impactos de at\u00e9 R$ 46 bilh\u00f5es aos cofres p\u00fablicos nos pr\u00f3ximos 10 a 15 anos.<\/p>\n<p>(Com Ag\u00eancia Brasil e Estad\u00e3o Conte\u00fado)<\/p>\n<p>The post <a rel=\"nofollow noopener\" href=\"https:\/\/www.infomoney.com.br\/minhas-financas\/revisao-da-vida-toda-no-inss-governo-pede-ao-stf-que-reduza-impacto-da-decisao\/\" target=\"_blank\">Revis\u00e3o da vida toda no INSS: governo pede ao STF que reduza impacto da decis\u00e3o<\/a> appeared first on <a rel=\"nofollow noopener\" href=\"https:\/\/www.infomoney.com.br\/\" target=\"_blank\">InfoMoney<\/a>.<\/p>\n","protected":false},"excerpt":{"rendered":"<p><img loading=\"lazy\" decoding=\"async\" width=\"300\" height=\"200\" src=\"https:\/\/www.infomoney.com.br\/wp-content\/uploads\/2022\/04\/GettyImages-1209976721.jpg?fit=300%2C200&amp;quality=70&amp;strip=all\" class=\"attachment-medium size-medium wp-post-image\" alt=\"\" data-attachment-id=\"1840944\" data-permalink=\"https:\/\/www.infomoney.com.br\/minhas-financas\/inss-reagenda-atendimentos-previstos-para-sexta-feira-saiba-como-remarcar\/attachment\/banner-with-the-word-inss-in-speech-bubble-3d-render\/\" data-orig-file=\"https:\/\/www.infomoney.com.br\/wp-content\/uploads\/2022\/04\/GettyImages-1209976721.jpg?fit=724%2C483&amp;quality=70&amp;strip=all\" data-orig-size=\"724,483\" data-comments-opened=\"1\" data-image-meta='{\"aperture\":\"0\",\"credit\":\"Getty Images\\\/iStockphoto\",\"camera\":\"\",\"caption\":\"Bubble speech with cut out word \"INSS\" in the paper. Instituto Nacional do Seguro Social\",\"created_timestamp\":\"0\",\"copyright\":\"\",\"focal_length\":\"0\",\"iso\":\"0\",\"shutter_speed\":\"0\",\"title\":\"Banner with the word \"INSS\" in speech bubble. 3D Render\",\"orientation\":\"1\"}' data-image-title=\"INSS\" data-image-description=\"&lt;p&gt;INSS&lt;\/p&gt;\n\" data-image-caption=\"&lt;p&gt;(Getty Images) &lt;\/p&gt;\n\" data-medium-file=\"https:\/\/www.infomoney.com.br\/wp-content\/uploads\/2022\/04\/GettyImages-1209976721.jpg?fit=300%2C200&amp;quality=70&amp;strip=all\" data-large-file=\"https:\/\/www.infomoney.com.br\/wp-content\/uploads\/2022\/04\/GettyImages-1209976721.jpg?fit=724%2C483&amp;quality=70&amp;strip=all\">AGU pediu a suspens\u00e3o de todos os processos judiciais ligados ao assunto e que a decis\u00e3o do Supremo tenha efeitos s\u00f3 daqui para frente; entenda<\/p>\n<p>The post <a rel=\"nofollow\" href=\"https:\/\/www.infomoney.com.br\/minhas-financas\/revisao-da-vida-toda-no-inss-governo-pede-ao-stf-que-reduza-impacto-da-decisao\/\">Revis\u00e3o da vida toda no INSS: governo pede ao STF que reduza impacto da decis\u00e3o<\/a> appeared first on <a rel=\"nofollow\" href=\"https:\/\/www.infomoney.com.br\/\">InfoMoney<\/a>.<\/p>\n","protected":false},"author":44,"featured_media":0,"comment_status":"closed","ping_status":"closed","sticky":false,"template":"","format":"standard","meta":{"advgb_blocks_editor_width":"","advgb_blocks_columns_visual_guide":"","footnotes":""},"categories":[34,187,1596,444,47,2540,449],"tags":[35],"class_list":["post-15590","post","type-post","status-publish","format-standard","hentry","category-g1","category-governo-federal","category-inss","category-minhas-financas","category-politica","category-revisao-da-vida-toda","category-stf","tag-g1"],"author_meta":{"display_name":"Ag\u00eancia Brasil","author_link":"https:\/\/sindaopcpb.org.br\/author\/agencia-brasil\/"},"featured_img":null,"coauthors":[],"tax_additional":{"categories":{"linked":["<a href=\"https:\/\/sindaopcpb.org.br\/g1\/\" class=\"advgb-post-tax-term\">G1<\/a>","<a href=\"https:\/\/sindaopcpb.org.br\/governo-federal\/\" class=\"advgb-post-tax-term\">Governo Federal<\/a>","<a href=\"https:\/\/sindaopcpb.org.br\/inss\/\" class=\"advgb-post-tax-term\">INSS<\/a>","<a href=\"https:\/\/sindaopcpb.org.br\/minhas-financas\/\" class=\"advgb-post-tax-term\">Minhas Finan\u00e7as<\/a>","<a href=\"https:\/\/sindaopcpb.org.br\/politica\/\" class=\"advgb-post-tax-term\">POLITICA<\/a>","<a href=\"https:\/\/sindaopcpb.org.br\/revisao-da-vida-toda\/\" class=\"advgb-post-tax-term\">Revis\u00e3o da vida toda<\/a>","<a href=\"https:\/\/sindaopcpb.org.br\/stf\/\" class=\"advgb-post-tax-term\">STF<\/a>"],"unlinked":["<span class=\"advgb-post-tax-term\">G1<\/span>","<span class=\"advgb-post-tax-term\">Governo Federal<\/span>","<span class=\"advgb-post-tax-term\">INSS<\/span>","<span class=\"advgb-post-tax-term\">Minhas Finan\u00e7as<\/span>","<span class=\"advgb-post-tax-term\">POLITICA<\/span>","<span class=\"advgb-post-tax-term\">Revis\u00e3o da vida toda<\/span>","<span class=\"advgb-post-tax-term\">STF<\/span>"]},"tags":{"linked":["<a href=\"https:\/\/sindaopcpb.org.br\/stf\/\" class=\"advgb-post-tax-term\">g1<\/a>"],"unlinked":["<span class=\"advgb-post-tax-term\">g1<\/span>"]}},"comment_count":"0","relative_dates":{"created":"Publicado 3 anos atr\u00e1s","modified":"Atualizado 3 anos atr\u00e1s"},"absolute_dates":{"created":"Publicado em 9 de maio de 2023","modified":"Atualizado em 9 de maio de 2023"},"absolute_dates_time":{"created":"Publicado em 9 de maio de 2023 09:27","modified":"Atualizado em 9 de maio de 2023 09:27"},"featured_img_caption":"","series_order":"","_links":{"self":[{"href":"https:\/\/sindaopcpb.org.br\/index.php\/wp-json\/wp\/v2\/posts\/15590","targetHints":{"allow":["GET"]}}],"collection":[{"href":"https:\/\/sindaopcpb.org.br\/index.php\/wp-json\/wp\/v2\/posts"}],"about":[{"href":"https:\/\/sindaopcpb.org.br\/index.php\/wp-json\/wp\/v2\/types\/post"}],"author":[{"embeddable":true,"href":"https:\/\/sindaopcpb.org.br\/index.php\/wp-json\/wp\/v2\/users\/44"}],"replies":[{"embeddable":true,"href":"https:\/\/sindaopcpb.org.br\/index.php\/wp-json\/wp\/v2\/comments?post=15590"}],"version-history":[{"count":2,"href":"https:\/\/sindaopcpb.org.br\/index.php\/wp-json\/wp\/v2\/posts\/15590\/revisions"}],"predecessor-version":[{"id":15628,"href":"https:\/\/sindaopcpb.org.br\/index.php\/wp-json\/wp\/v2\/posts\/15590\/revisions\/15628"}],"wp:attachment":[{"href":"https:\/\/sindaopcpb.org.br\/index.php\/wp-json\/wp\/v2\/media?parent=15590"}],"wp:term":[{"taxonomy":"category","embeddable":true,"href":"https:\/\/sindaopcpb.org.br\/index.php\/wp-json\/wp\/v2\/categories?post=15590"},{"taxonomy":"post_tag","embeddable":true,"href":"https:\/\/sindaopcpb.org.br\/index.php\/wp-json\/wp\/v2\/tags?post=15590"}],"curies":[{"name":"wp","href":"https:\/\/api.w.org\/{rel}","templated":true}]}}