{"id":15586,"date":"2023-05-09T07:03:49","date_gmt":"2023-05-09T10:03:49","guid":{"rendered":"https:\/\/www.infomoney.com.br\/?p=2128140"},"modified":"2023-05-09T07:03:49","modified_gmt":"2023-05-09T10:03:49","slug":"indicacao-de-galipolo-para-o-banco-central-pode-gerar-problemas-no-proprio-ministerio-da-fazenda-dizem-analistas","status":"publish","type":"post","link":"https:\/\/sindaopcpb.org.br\/index.php\/2023\/05\/09\/indicacao-de-galipolo-para-o-banco-central-pode-gerar-problemas-no-proprio-ministerio-da-fazenda-dizem-analistas\/","title":{"rendered":"Indica\u00e7\u00e3o de Gal\u00edpolo para o Banco Central pode gerar problemas no pr\u00f3prio Minist\u00e9rio da Fazenda, dizem analistas"},"content":{"rendered":"<p><img loading=\"lazy\" width=\"300\" height=\"200\" src=\"https:\/\/www.infomoney.com.br\/wp-content\/uploads\/2023\/05\/52602800474_e3d95e7037_c.jpg?fit=300%2C200&amp;quality=70&amp;strip=all\" class=\"attachment-medium size-medium wp-post-image\" alt=\"\" decoding=\"async\" style=\"float:right; margin:0 0 10px 10px;\" srcset=\"https:\/\/www.infomoney.com.br\/wp-content\/uploads\/2023\/05\/52602800474_e3d95e7037_c.jpg?w=799&amp;quality=70&amp;strip=all 799w, https:\/\/www.infomoney.com.br\/wp-content\/uploads\/2023\/05\/52602800474_e3d95e7037_c.jpg?w=300&amp;quality=70&amp;strip=all 300w, https:\/\/www.infomoney.com.br\/wp-content\/uploads\/2023\/05\/52602800474_e3d95e7037_c.jpg?w=768&amp;quality=70&amp;strip=all 768w, https:\/\/www.infomoney.com.br\/wp-content\/uploads\/2023\/05\/52602800474_e3d95e7037_c.jpg?w=150&amp;quality=70&amp;strip=all 150w\" sizes=\"auto, (max-width: 300px) 100vw, 300px\" data-attachment-id=\"2128141\" data-permalink=\"https:\/\/www.infomoney.com.br\/politica\/indicacao-de-galipolo-para-o-banco-central-pode-gerar-problemas-no-proprio-ministerio-da-fazenda-dizem-analistas\/attachment\/52602800474_e3d95e7037_c\/\" data-orig-file=\"https:\/\/www.infomoney.com.br\/wp-content\/uploads\/2023\/05\/52602800474_e3d95e7037_c.jpg?fit=799%2C533&amp;quality=70&amp;strip=all\" data-orig-size=\"799,533\" data-comments-opened=\"0\" data-image-meta=\"{&quot;aperture&quot;:&quot;0&quot;,&quot;credit&quot;:&quot;Washington Costa&quot;,&quot;camera&quot;:&quot;&quot;,&quot;caption&quot;:&quot;&quot;,&quot;created_timestamp&quot;:&quot;0&quot;,&quot;copyright&quot;:&quot;Ministerio da Economia&quot;,&quot;focal_length&quot;:&quot;0&quot;,&quot;iso&quot;:&quot;0&quot;,&quot;shutter_speed&quot;:&quot;0&quot;,&quot;title&quot;:&quot;&quot;,&quot;orientation&quot;:&quot;0&quot;}\" data-image-title=\"Gabriel Gal\u00edpolo\" data-image-description=\"\" data-image-caption=\"&lt;p&gt;Gabriel Gal\u00edpolo, Secret\u00e1rio-Executivo do Minist\u00e9rio da Fazenda (Foto: Washington Costa\/MF)&lt;\/p&gt;\n\" data-medium-file=\"https:\/\/www.infomoney.com.br\/wp-content\/uploads\/2023\/05\/52602800474_e3d95e7037_c.jpg?fit=300%2C200&amp;quality=70&amp;strip=all\" data-large-file=\"https:\/\/www.infomoney.com.br\/wp-content\/uploads\/2023\/05\/52602800474_e3d95e7037_c.jpg?fit=799%2C533&amp;quality=70&amp;strip=all\" title=\"\"><\/p>\n<p>A <a href=\"https:\/\/www.infomoney.com.br\/politica\/haddad-confirma-indicacao-de-gabriel-galipolo-para-diretoria-do-banco-central\/\" rel=\"nofollow noopener\" target=\"_blank\">indica\u00e7\u00e3o de Gabriel Gal\u00edpolo para a diretoria de Pol\u00edtica Monet\u00e1ria do Banco Central<\/a>, confirmada nesta segunda-feira (8), pelo ministro da Fazenda, Fernando Haddad (PT), pode ampliar incertezas na autarquia e impor desafios internos para a pasta que comanda as a\u00e7\u00f5es econ\u00f4micas do governo. \u00c9 o que avaliam especialistas consultados pelo <strong>InfoMoney<\/strong>.<\/p>\n<p>De um lado, a escolha de um economista de escola mais heterodoxa pode marcar o in\u00edcio de dissensos na autoridade monet\u00e1ria sob comando de Roberto Campos Neto \u2013 que, ainda que leg\u00edtimos, podem gerar interpreta\u00e7\u00f5es de posi\u00e7\u00f5es pol\u00edticas, e n\u00e3o t\u00e9cnicas, pelo contexto.<\/p>\n<p>De outro, a sa\u00edda de Gal\u00edpolo do posto de secret\u00e1rio-executivo pode abrir uma lacuna no desenho inicial do Minist\u00e9rio da Fazenda da atual administra\u00e7\u00e3o, com risco de reduzir capacidade de articula\u00e7\u00e3o pol\u00edtica e interlocu\u00e7\u00e3o com agentes econ\u00f4micos.<\/p>\n<p>\u201cGal\u00edpolo era um dos secret\u00e1rios mais elogiados do Haddad e a substitui\u00e7\u00e3o dele tira o economista mais experiente e com mais tr\u00e2nsito no mercado, dentre a alta c\u00fapula que toca a rotina do minist\u00e9rio, para adicionar mais um advogado de confian\u00e7a pessoal do Haddad e pouca experi\u00eancia em macroeconomia\u201d, observa Adriano Laureno, gerente de an\u00e1lise pol\u00edtica e econ\u00f4mica da Prospectiva Consultoria.<\/p>\n<p><strong>Leia tamb\u00e9m:<\/strong> <a href=\"https:\/\/www.infomoney.com.br\/economia\/conciliacao-ou-aumento-ruidos-como-os-economistas-viram-a-indicacao-de-galipolo-ao-banco-central\/\" rel=\"nofollow noopener\" target=\"_blank\">Maior concilia\u00e7\u00e3o ou potencial de aumentar ru\u00eddos? Como os economistas viram a indica\u00e7\u00e3o de Gal\u00edpolo para diretoria do BC<\/a><\/p>\n<p>Em coletiva de imprensa concedida no escrit\u00f3rio do Minist\u00e9rio da Fazenda em S\u00e3o Paulo, Haddad disse que, uma vez aprovada a nomea\u00e7\u00e3o de Gal\u00edpolo para o Banco Central pelo Senado Federal, a secretaria executiva da pasta ficar\u00e1 com o advogado Dario Durigan.<\/p>\n<p>Do lado do Banco Central, Laureno acredita que Gal\u00edpolo n\u00e3o assumir\u00e1 \u201ccontraposi\u00e7\u00e3o expl\u00edcita\u201d \u00e0 presid\u00eancia de Roberto Campos Neto em um primeiro momento.<\/p>\n<p>Cotado para comandar a autarquia na segunda metade do governo, a expectativa \u00e9 que ele adote postura cautelosa de olho na consolida\u00e7\u00e3o de uma posi\u00e7\u00e3o favor\u00e1vel junto aos stakeholders.<\/p>\n<p>O risco de conflito, aposta o especialista, pode aumentar quando mais indicados por Lula assumirem posi\u00e7\u00f5es. At\u00e9 o fim de 2023 o mandat\u00e1rio poder\u00e1 fazer duas outras indica\u00e7\u00f5es.<\/p>\n<p>\u201cAo menos at\u00e9 dezembro, os indicados de Lula ser\u00e3o apenas dois, dentro nove, diretores do BC. \u00c9 claro que em 2024 passa a existir um risco maior de conflito na diretoria, dado que o Lula passar\u00e1 a ter quatro dos diretores, com Gal\u00edpolo sendo o favorito para assumir a presid\u00eancia da institui\u00e7\u00e3o no ano seguinte e, portanto, com for\u00e7a para tentar atrair para o seu bloco algum dos diretores de Bolsonaro, caso haja diverg\u00eancia com Campos Neto. Mas o cen\u00e1rio mais prov\u00e1vel \u00e9 que o Gal\u00edpolo evite conflitos, para consolidar seu apoio no mercado financeiro e assumir a presid\u00eancia do Banco, em 2025\u201d, projeta.<\/p>\n<p>J\u00e1 Alberto Ramos, diretor do departamento de pesquisa econ\u00f4mica para a Am\u00e9rica Latina do Goldman Sachs, espera um <a href=\"https:\/\/www.infomoney.com.br\/economia\/conciliacao-ou-aumento-ruidos-como-os-economistas-viram-a-indicacao-de-galipolo-ao-banco-central\/\" rel=\"nofollow noopener\" target=\"_blank\">&#8220;aumento potencial no ru\u00eddo de comunica\u00e7\u00e3o no curto prazo&#8221;<\/a> com o processo. &#8220;N\u00e3o nos surpreender\u00edamos ao come\u00e7ar a ver decis\u00f5es divididas do Copom e vis\u00f5es diametralmente opostas dentro do Copom sobre qual deveria ser a postura pol\u00edtica adequada&#8221;, disse.<\/p>\n<p>Para Luciano Rostagno, estrategista-chefe do Banco Mizuho, a indica\u00e7\u00e3o de Gal\u00edpolo eleva a press\u00e3o por cortes da Selic. \u201cGal\u00edpolo vai entrar na diretoria do BC com o objetivo claro de tentar antecipar o movimento de corte de juros. Ent\u00e3o, a preocupa\u00e7\u00e3o \u00e9 justamente com uma mudan\u00e7a no balan\u00e7o de for\u00e7as dentro do BC na dire\u00e7\u00e3o de uma maior leni\u00eancia com a infla\u00e7\u00e3o\u201d, comentou<\/p>\n<p>Para M\u00e1rio S\u00e9rgio Lima, analista s\u00eanior da consultoria Medley Global Advisors, a escolha por Gal\u00edpolo deve gerar d\u00favidas no mercado sobre a natureza de contrapontos que se espera que ele coloque nos debates do Banco Central \u2013 o que pode ampliar o n\u00edvel de desconfian\u00e7a de agentes econ\u00f4micos com o atual governo.<\/p>\n<p>\u201cH\u00e1 uma d\u00favida se os contrapontos que ele vai colocar l\u00e1, que podem ser leg\u00edtimos da escola da qual ele vem, s\u00e3o contrapontos da escola ou uma esp\u00e9cie de miss\u00e3o dada pelo governo\u201d observa.<\/p>\n<p>\u201c\u00c9 uma dificuldade. Ele j\u00e1 entrou <em>[na Fazenda]<\/em> com o signo da desconfian\u00e7a, como Haddad, e ambos est\u00e3o conseguindo, de certa maneira, superar a desconfian\u00e7a, ainda que existam cr\u00edticas. Ningu\u00e9m mais olha o <em>[minist\u00e9rio de]<\/em> Haddad como se fossem irrespons\u00e1veis fiscalmente. Da\u00ed, ele vai para outro lugar em que vai ter que de novo construir. O custo de credibilidade perante o mercado \u00e9 fato. Pode-se dizer se \u00e9 justo ou n\u00e3o, mas \u00e9 fato\u201d, pontua.<\/p>\n<p>Ainda sob a perspectiva do Banco Central, o especialista n\u00e3o descarta a hip\u00f3tese de Gal\u00edpolo, uma vez investido do novo cargo de diretor de Pol\u00edtica Monet\u00e1ria, mude de postura, tendo em vista os novos incentivos gerados pela posi\u00e7\u00e3o na autarquia.<\/p>\n<p>Do lado do Minist\u00e9rio da Fazenda, Lima compartilha das preocupa\u00e7\u00f5es com a mudan\u00e7a no perfil do ocupante da secretaria-executiva e diz que poderia ter sido mais estrat\u00e9gico para Haddad buscar um nome de peso ainda no campo econ\u00f4mico, seja da academia ou do mercado.<\/p>\n<p>\u201cPoderia ser a oportunidade de trazer algu\u00e9m com um pouco mais de estofo, tanto acad\u00eamico ou de mercado, para poder baratear o processo de credibilidade, para facilitar a melhora de expectativas\u201d, avalia.<\/p>\n<p>Por outro lado, ele salienta que Dario Durigan pode exercer papel interessante no assessoramento de Haddad para a formata\u00e7\u00e3o t\u00e9cnica de pol\u00edticas p\u00fablicas, em uma atua\u00e7\u00e3o mais interna do que externa.<\/p>\n<p>Nesta segunda-feira (8), Haddad tamb\u00e9m anunciou a indica\u00e7\u00e3o de Ailton Aquino dos Santos, para a diretoria de Fiscaliza\u00e7\u00e3o do Banco Central. Funcion\u00e1rio de carreira e com larga experi\u00eancia na autarquia, ele ser\u00e1 o primeiro negro a ocupar uma diretoria da institui\u00e7\u00e3o.<\/p>\n<p>Para M\u00e1rio S\u00e9rgio Lima, a indica\u00e7\u00e3o foi uma decis\u00e3o \u201cmuito acertada\u201d do governo, considerando a trajet\u00f3ria profissional do escolhido e o aspecto da representatividade, que tamb\u00e9m tem importante componente simb\u00f3lico no processo.<\/p>\n<p>Tanto Ailton Aquino dos Santos quanto Gabriel Gal\u00edpolo ainda precisar\u00e3o ser sabatinados pela Comiss\u00e3o de Assuntos Econ\u00f4micos (CAE) do Senado Federal e terem seus nomes votados pelo colegiado e pelo plen\u00e1rio da casa legislativa antes de serem efetivamente nomeados para os respectivos cargos de diretores do Banco Central.<\/p>\n<p>Na avalia\u00e7\u00e3o de Lima, o governo n\u00e3o deve enfrentar grandes dificuldades para confirmar as duas indica\u00e7\u00f5es \u2013 com eventual risco de algum atraso por alguma raz\u00e3o conjuntural da pol\u00edtica. J\u00e1 Laureno acredita que, por ser um cargo mais t\u00e9cnico, o primeiro deve enfrentar menos problemas do que o segundo.<\/p>\n<p>&#8220;A press\u00e3o dever\u00e1 recair sobre Gal\u00edpolo, por sua proximidade com Haddad e porque a oposi\u00e7\u00e3o levantar\u00e1 a hip\u00f3tese de que sua indica\u00e7\u00e3o para a diretoria mais renomada do BC poderia significar o in\u00edcio de um processo de interven\u00e7\u00e3o do governo Lula na institui\u00e7\u00e3o\u201d, ressalta.<\/p>\n<p>\u201cVale lembrar, no entanto, que Gal\u00edpolo n\u00e3o \u00e9 filiado ao PT, foi presidente do Banco Fator e tem rela\u00e7\u00e3o pr\u00f3pria com parte dos senadores \u2212 incluindo Rodrigo Pacheco (PSD-MG). Ent\u00e3o me parece que, embora traga mais pol\u00eamica, a indica\u00e7\u00e3o dele tamb\u00e9m deve acabar sendo aprovada com uma boa margem de votos\u201d, pondera.<\/p>\n<p>(com ag\u00eancias)<\/p>\n<p>The post <a rel=\"nofollow noopener\" href=\"https:\/\/www.infomoney.com.br\/politica\/indicacao-de-galipolo-para-o-banco-central-pode-gerar-problemas-no-proprio-ministerio-da-fazenda-dizem-analistas\/\" target=\"_blank\">Indica\u00e7\u00e3o de Gal\u00edpolo para o Banco Central pode gerar problemas no pr\u00f3prio Minist\u00e9rio da Fazenda, dizem analistas<\/a> appeared first on <a rel=\"nofollow noopener\" href=\"https:\/\/www.infomoney.com.br\/\" target=\"_blank\">InfoMoney<\/a>.<\/p>\n","protected":false},"excerpt":{"rendered":"<p><img loading=\"lazy\" decoding=\"async\" width=\"300\" height=\"200\" src=\"https:\/\/www.infomoney.com.br\/wp-content\/uploads\/2023\/05\/52602800474_e3d95e7037_c.jpg?fit=300%2C200&amp;quality=70&amp;strip=all\" class=\"attachment-medium size-medium wp-post-image\" alt=\"\" data-attachment-id=\"2128141\" data-permalink=\"https:\/\/www.infomoney.com.br\/politica\/indicacao-de-galipolo-para-o-banco-central-pode-gerar-problemas-no-proprio-ministerio-da-fazenda-dizem-analistas\/attachment\/52602800474_e3d95e7037_c\/\" data-orig-file=\"https:\/\/www.infomoney.com.br\/wp-content\/uploads\/2023\/05\/52602800474_e3d95e7037_c.jpg?fit=799%2C533&amp;quality=70&amp;strip=all\" data-orig-size=\"799,533\" data-comments-opened=\"0\" data-image-meta='{\"aperture\":\"0\",\"credit\":\"Washington Costa\",\"camera\":\"\",\"caption\":\"\",\"created_timestamp\":\"0\",\"copyright\":\"Ministerio da Economia\",\"focal_length\":\"0\",\"iso\":\"0\",\"shutter_speed\":\"0\",\"title\":\"\",\"orientation\":\"0\"}' data-image-title=\"Gabriel Gal\u00edpolo\" data-image-description=\"\" data-image-caption=\"&lt;p&gt;Gabriel Gal\u00edpolo, Secret\u00e1rio-Executivo do Minist\u00e9rio da Fazenda (Foto: Washington Costa\/MF)&lt;\/p&gt;\n\" data-medium-file=\"https:\/\/www.infomoney.com.br\/wp-content\/uploads\/2023\/05\/52602800474_e3d95e7037_c.jpg?fit=300%2C200&amp;quality=70&amp;strip=all\" data-large-file=\"https:\/\/www.infomoney.com.br\/wp-content\/uploads\/2023\/05\/52602800474_e3d95e7037_c.jpg?fit=799%2C533&amp;quality=70&amp;strip=all\">Al\u00e9m de potenciais ru\u00eddos na autarquia, mudan\u00e7a na secretaria executiva da pasta do governo pode prejudicar interlocu\u00e7\u00e3o pol\u00edtica e com o mercado<\/p>\n<p>The post <a rel=\"nofollow\" href=\"https:\/\/www.infomoney.com.br\/politica\/indicacao-de-galipolo-para-o-banco-central-pode-gerar-problemas-no-proprio-ministerio-da-fazenda-dizem-analistas\/\">Indica\u00e7\u00e3o de Gal\u00edpolo para o Banco Central pode gerar problemas no pr\u00f3prio Minist\u00e9rio da Fazenda, dizem analistas<\/a> appeared first on <a rel=\"nofollow\" href=\"https:\/\/www.infomoney.com.br\/\">InfoMoney<\/a>.<\/p>\n","protected":false},"author":52,"featured_media":0,"comment_status":"closed","ping_status":"closed","sticky":false,"template":"","format":"standard","meta":{"advgb_blocks_editor_width":"","advgb_blocks_columns_visual_guide":"","footnotes":""},"categories":[279,69,109,34,693,260,129,130,47,281,402],"tags":[35],"class_list":["post-15586","post","type-post","status-publish","format-standard","hentry","category-banco-central","category-economia","category-fernando-haddad","category-g1","category-gabriel-galipolo","category-governo","category-luiz-inacio-lula-da-silva","category-ministerio-da-fazenda","category-politica","category-politica-monetaria","category-roberto-campos-neto","tag-g1"],"author_meta":{"display_name":"Marcos Mortari","author_link":"https:\/\/sindaopcpb.org.br\/author\/marcos-mortari\/"},"featured_img":null,"coauthors":[],"tax_additional":{"categories":{"linked":["<a href=\"https:\/\/sindaopcpb.org.br\/banco-central\/\" class=\"advgb-post-tax-term\">Banco Central<\/a>","<a href=\"https:\/\/sindaopcpb.org.br\/economia\/\" class=\"advgb-post-tax-term\">Economia<\/a>","<a href=\"https:\/\/sindaopcpb.org.br\/fernando-haddad\/\" class=\"advgb-post-tax-term\">FERNANDO HADDAD<\/a>","<a href=\"https:\/\/sindaopcpb.org.br\/g1\/\" class=\"advgb-post-tax-term\">G1<\/a>","<a href=\"https:\/\/sindaopcpb.org.br\/gabriel-galipolo\/\" class=\"advgb-post-tax-term\">Gabriel Gal\u00edpolo<\/a>","<a href=\"https:\/\/sindaopcpb.org.br\/governo\/\" class=\"advgb-post-tax-term\">Governo<\/a>","<a href=\"https:\/\/sindaopcpb.org.br\/luiz-inacio-lula-da-silva\/\" class=\"advgb-post-tax-term\">Luiz In\u00e1cio Lula da Silva<\/a>","<a href=\"https:\/\/sindaopcpb.org.br\/ministerio-da-fazenda\/\" class=\"advgb-post-tax-term\">Minist\u00e9rio da Fazenda<\/a>","<a href=\"https:\/\/sindaopcpb.org.br\/politica\/\" class=\"advgb-post-tax-term\">POLITICA<\/a>","<a href=\"https:\/\/sindaopcpb.org.br\/politica-monetaria\/\" class=\"advgb-post-tax-term\">Pol\u00edtica Monet\u00e1ria<\/a>","<a href=\"https:\/\/sindaopcpb.org.br\/roberto-campos-neto\/\" class=\"advgb-post-tax-term\">Roberto Campos Neto<\/a>"],"unlinked":["<span class=\"advgb-post-tax-term\">Banco Central<\/span>","<span class=\"advgb-post-tax-term\">Economia<\/span>","<span class=\"advgb-post-tax-term\">FERNANDO HADDAD<\/span>","<span class=\"advgb-post-tax-term\">G1<\/span>","<span class=\"advgb-post-tax-term\">Gabriel Gal\u00edpolo<\/span>","<span class=\"advgb-post-tax-term\">Governo<\/span>","<span class=\"advgb-post-tax-term\">Luiz In\u00e1cio Lula da Silva<\/span>","<span class=\"advgb-post-tax-term\">Minist\u00e9rio da Fazenda<\/span>","<span class=\"advgb-post-tax-term\">POLITICA<\/span>","<span class=\"advgb-post-tax-term\">Pol\u00edtica Monet\u00e1ria<\/span>","<span class=\"advgb-post-tax-term\">Roberto Campos Neto<\/span>"]},"tags":{"linked":["<a href=\"https:\/\/sindaopcpb.org.br\/roberto-campos-neto\/\" class=\"advgb-post-tax-term\">g1<\/a>"],"unlinked":["<span class=\"advgb-post-tax-term\">g1<\/span>"]}},"comment_count":"0","relative_dates":{"created":"Publicado 3 anos atr\u00e1s","modified":"Atualizado 3 anos atr\u00e1s"},"absolute_dates":{"created":"Publicado em 9 de maio de 2023","modified":"Atualizado em 9 de maio de 2023"},"absolute_dates_time":{"created":"Publicado em 9 de maio de 2023 07:03","modified":"Atualizado em 9 de maio de 2023 07:03"},"featured_img_caption":"","series_order":"","_links":{"self":[{"href":"https:\/\/sindaopcpb.org.br\/index.php\/wp-json\/wp\/v2\/posts\/15586","targetHints":{"allow":["GET"]}}],"collection":[{"href":"https:\/\/sindaopcpb.org.br\/index.php\/wp-json\/wp\/v2\/posts"}],"about":[{"href":"https:\/\/sindaopcpb.org.br\/index.php\/wp-json\/wp\/v2\/types\/post"}],"author":[{"embeddable":true,"href":"https:\/\/sindaopcpb.org.br\/index.php\/wp-json\/wp\/v2\/users\/52"}],"replies":[{"embeddable":true,"href":"https:\/\/sindaopcpb.org.br\/index.php\/wp-json\/wp\/v2\/comments?post=15586"}],"version-history":[{"count":1,"href":"https:\/\/sindaopcpb.org.br\/index.php\/wp-json\/wp\/v2\/posts\/15586\/revisions"}],"predecessor-version":[{"id":15587,"href":"https:\/\/sindaopcpb.org.br\/index.php\/wp-json\/wp\/v2\/posts\/15586\/revisions\/15587"}],"wp:attachment":[{"href":"https:\/\/sindaopcpb.org.br\/index.php\/wp-json\/wp\/v2\/media?parent=15586"}],"wp:term":[{"taxonomy":"category","embeddable":true,"href":"https:\/\/sindaopcpb.org.br\/index.php\/wp-json\/wp\/v2\/categories?post=15586"},{"taxonomy":"post_tag","embeddable":true,"href":"https:\/\/sindaopcpb.org.br\/index.php\/wp-json\/wp\/v2\/tags?post=15586"}],"curies":[{"name":"wp","href":"https:\/\/api.w.org\/{rel}","templated":true}]}}