{"id":15511,"date":"2023-05-08T16:36:57","date_gmt":"2023-05-08T19:36:57","guid":{"rendered":"https:\/\/www.infomoney.com.br\/?p=2127762"},"modified":"2023-05-08T16:36:57","modified_gmt":"2023-05-08T19:36:57","slug":"maior-conciliacao-ou-potencial-de-aumentar-ruidos-como-os-economistas-viram-a-indicacao-de-galipolo-para-diretoria-do-bc","status":"publish","type":"post","link":"https:\/\/sindaopcpb.org.br\/index.php\/2023\/05\/08\/maior-conciliacao-ou-potencial-de-aumentar-ruidos-como-os-economistas-viram-a-indicacao-de-galipolo-para-diretoria-do-bc\/","title":{"rendered":"Maior concilia\u00e7\u00e3o ou potencial de aumentar ru\u00eddos? Como os economistas viram a indica\u00e7\u00e3o de Gal\u00edpolo para diretoria do BC"},"content":{"rendered":"<p><img loading=\"lazy\" width=\"300\" height=\"200\" src=\"https:\/\/www.infomoney.com.br\/wp-content\/uploads\/2023\/03\/52604458316_155196719b_c.jpg?fit=300%2C200&amp;quality=70&amp;strip=all\" class=\"attachment-medium size-medium wp-post-image\" alt=\"\" decoding=\"async\" style=\"float:right; margin:0 0 10px 10px;\" srcset=\"https:\/\/www.infomoney.com.br\/wp-content\/uploads\/2023\/03\/52604458316_155196719b_c.jpg?w=799&amp;quality=70&amp;strip=all 799w, https:\/\/www.infomoney.com.br\/wp-content\/uploads\/2023\/03\/52604458316_155196719b_c.jpg?w=300&amp;quality=70&amp;strip=all 300w, https:\/\/www.infomoney.com.br\/wp-content\/uploads\/2023\/03\/52604458316_155196719b_c.jpg?w=768&amp;quality=70&amp;strip=all 768w, https:\/\/www.infomoney.com.br\/wp-content\/uploads\/2023\/03\/52604458316_155196719b_c.jpg?w=150&amp;quality=70&amp;strip=all 150w\" sizes=\"auto, (max-width: 300px) 100vw, 300px\" data-attachment-id=\"2092447\" data-permalink=\"https:\/\/www.infomoney.com.br\/politica\/galipolo-admite-espaco-para-negociacao-de-excecoes-na-reforma-tributaria\/attachment\/52604458316_155196719b_c\/\" data-orig-file=\"https:\/\/www.infomoney.com.br\/wp-content\/uploads\/2023\/03\/52604458316_155196719b_c.jpg?fit=799%2C533&amp;quality=70&amp;strip=all\" data-orig-size=\"799,533\" data-comments-opened=\"0\" data-image-meta=\"{&quot;aperture&quot;:&quot;0&quot;,&quot;credit&quot;:&quot;Washington Costa&quot;,&quot;camera&quot;:&quot;&quot;,&quot;caption&quot;:&quot;&quot;,&quot;created_timestamp&quot;:&quot;0&quot;,&quot;copyright&quot;:&quot;Ministerio da Economia&quot;,&quot;focal_length&quot;:&quot;0&quot;,&quot;iso&quot;:&quot;0&quot;,&quot;shutter_speed&quot;:&quot;0&quot;,&quot;title&quot;:&quot;&quot;,&quot;orientation&quot;:&quot;0&quot;}\" data-image-title=\"Gabriel Gal\u00edpolo\" data-image-description=\"\" data-image-caption=\"&lt;p&gt;O secret\u00e1rio-executivo do Minist\u00e9rio da Fazenda, Gabriel Gal\u00edpolo, durante reuni\u00e3o (Foto: Washington Costa\/Ascom\/MF)&lt;\/p&gt;\n\" data-medium-file=\"https:\/\/www.infomoney.com.br\/wp-content\/uploads\/2023\/03\/52604458316_155196719b_c.jpg?fit=300%2C200&amp;quality=70&amp;strip=all\" data-large-file=\"https:\/\/www.infomoney.com.br\/wp-content\/uploads\/2023\/03\/52604458316_155196719b_c.jpg?fit=799%2C533&amp;quality=70&amp;strip=all\" title=\"\"><\/p>\n<p>Depois de muita expectativa, o ministro da Fazenda, Fernando Haddad, anunciou nesta segunda-feira (8) <a href=\"https:\/\/www.infomoney.com.br\/politica\/haddad-confirma-indicacao-de-gabriel-galipolo-para-diretoria-do-banco-central\/\" rel=\"nofollow noopener\" target=\"_blank\">que seu secret\u00e1rio-executivo, Gabriel Gal\u00edpolo, ser\u00e1 indicado para a diretoria de Pol\u00edtica Monet\u00e1ria do Banco Central,<\/a> destacando que o governo n\u00e3o quer &#8220;formar bancada&#8221; na c\u00fapula da autarquia, mas busca maior coordena\u00e7\u00e3o e harmonia entre pol\u00edticas fiscal e monet\u00e1ria.<\/p>\n<p>Haddad afirmou ainda que Ailton de Aquino Santos, servidor de carreira do BC, ser\u00e1 indicado para a diretoria de Fiscaliza\u00e7\u00e3o do \u00f3rg\u00e3o. Os nomes dos dois primeiros indicados por Lula ainda precisar\u00e3o passar pela aprova\u00e7\u00e3o do Senado.<\/p>\n<p>O ministro afirmou ainda que <a href=\"https:\/\/www.infomoney.com.br\/politica\/haddad-diz-que-a-primeira-vez-que-ouviu-nome-de-galipolo-para-bc-foi-de-campos-neto\/\" rel=\"nofollow noopener\" target=\"_blank\">partiu do pr\u00f3prio presidente do Banco Central, Roberto Campos Neto<\/a>, a primeira sugest\u00e3o que colocava o nome de Gal\u00edpolo como uma op\u00e7\u00e3o para ocupar vaga na diretoria da autarquia.\u00a0Haddad afirmou que Gal\u00edpolo tem a confian\u00e7a e o aval do presidente Luiz In\u00e1cio Lula da Silva e buscou afastar interpreta\u00e7\u00f5es de que a indica\u00e7\u00e3o poderia ter algum cunho partid\u00e1rio.<\/p>\n<p>O in\u00edcio dos trabalhos de Gal\u00edpolo e Santos na diretoria do BC, onde passar\u00e3o a votar nas decis\u00f5es sobre a taxa b\u00e1sica de juros do Comit\u00ea de Pol\u00edtica Monet\u00e1ria (Copom), depender\u00e1 do tr\u00e2mite do Senado.\u00a0Por isso, n\u00e3o \u00e9 poss\u00edvel afirmar se os dois j\u00e1 participar\u00e3o da pr\u00f3xima reuni\u00e3o do colegiado, nos dias 20 e 21 de junho, quando agentes do mercado ainda esperam uma manuten\u00e7\u00e3o da taxa Selic em 13,75% ao ano.<\/p>\n<p>Os indicados passam por sabatina na Comiss\u00e3o de Assuntos Econ\u00f4micos do Senado e, se aprovados, os nomes ainda s\u00e3o submetidos ao plen\u00e1rio da casa.<\/p>\n<p>O governo Lula ter\u00e1 a oportunidade de indicar mais dois diretores do Copom no final de 2023.<\/p>\n<p>O Goldman Sachs destaca que o governo Lula tem sido um cr\u00edtico veemente da atual pol\u00edtica de juros e tem pressionado por taxas mais baixas para estimular o cr\u00e9dito e o crescimento. No s\u00e1bado, Lula voltou a atacar a taxa b\u00e1sica de juros da economia, atualmente em 13,75%, e repetiu que <a href=\"https:\/\/www.infomoney.com.br\/mercados\/lula-ataca-juros-altos-diz-que-campos-neto-nao-tem-compromisso-com-o-brasil-e-afirma-que-ainda-questionara-privatizacao-da-eletrobras-elet6\/\" rel=\"nofollow noopener\" target=\"_blank\">o presidente do Banco Central, Roberto Campos Neto, n\u00e3o tem compromisso com o Brasil.<\/a><\/p>\n<p>J\u00e1 Haddad afirmou que Gal\u00edpolo estar\u00e1 \u201cmais pr\u00f3ximo [do Minist\u00e9rio da Fazenda] e deixar\u00e1 nosso ponto de vista [do MF] mais claro para o Banco Central\u201d.<\/p>\n<p><a href=\"https:\/\/www.infomoney.com.br\/perfil\/gabriel-galipolo\/\" rel=\"nofollow noopener\" target=\"_blank\">Gal\u00edpolo<\/a> \u00e9 formado em Ci\u00eancias Econ\u00f4micas e mestre em Economia Pol\u00edtica pela PUC de S\u00e3o Paulo, institui\u00e7\u00e3o na qual tamb\u00e9m foi professor nos cursos de gradua\u00e7\u00e3o, de 2006 a 2012. Al\u00e9m disso, lecionou no MBA de PPPs e Concess\u00f5es da FESPSP (Funda\u00e7\u00e3o Escola de Sociologia e Pol\u00edtica de S\u00e3o Paulo). \u00c9 tamb\u00e9m pesquisador s\u00eanior do Centro Brasileiro de Rela\u00e7\u00f5es Internacionais (Cebri).<\/p>\n<p><strong>Leia tamb\u00e9m<\/strong><\/p>\n<p><strong><a href=\"https:\/\/www.infomoney.com.br\/perfil\/gabriel-galipolo\/\" rel=\"nofollow noopener\" target=\"_blank\">Gabriel Gal\u00edpolo: quem \u00e9 o acad\u00eamico e ex-presidente do Banco Fator que pode assumir a diretoria do BC<\/a><\/strong><\/p>\n<p>De 2017 a 2021, Gal\u00edpolo foi presidente do banco Fator, institui\u00e7\u00e3o com expertise em parcerias p\u00fablico-privadas e programas de privatiza\u00e7\u00e3o. O economista ingressou no governo Lula como secret\u00e1rio-executivo do Minist\u00e9rio da Fazenda e \u00e9 visto como muito pr\u00f3ximo de Haddad.<\/p>\n<p>Dado o papel no atual governo, Gal\u00edpolo \u00e9 visto como um substituto em potencial do presidente do Banco Central, Roberto Campos Neto, quando seu mandato terminar no final de 2024, aponta o Goldman, o que torna a indica\u00e7\u00e3o mais emblem\u00e1tica.<\/p>\n<p>&#8220;Vemos espa\u00e7o para um aumento potencial no ru\u00eddo de comunica\u00e7\u00e3o no curto prazo. N\u00e3o nos surpreender\u00edamos ao come\u00e7ar a ver decis\u00f5es divididas do Copom e vis\u00f5es diametralmente opostas dentro do Copom sobre qual deveria ser a postura pol\u00edtica adequada&#8221;, avalia Alberto Ramos, diretor do departamento de pesquisa econ\u00f4mica para a Am\u00e9rica Latina do Goldman Sachs.<\/p>\n<p>Ainda segundo o economista, al\u00e9m disso, a percep\u00e7\u00e3o de que Gal\u00edpolo eventualmente substituir\u00e1 Campos Neto tem o potencial de gerar alguns atritos e mal-estar no Copom.<\/p>\n<p>O economista Andr\u00e9 Perfeito, por sua vez, avalia que a escolha para as duas diretorias do BC n\u00e3o far\u00e1 os juros ca\u00edrem antes do que a atual diretoria do Banco Central imagina como adequado, mas sem d\u00favida abre o contradit\u00f3rio dentro do Copom e encaminha a discuss\u00e3o no sentido de trazer outros elementos para a mesa do colegiado.<\/p>\n<p>Ele destaca um poss\u00edvel car\u00e1ter conciliat\u00f3rio do poss\u00edvel diretor do BC. &#8220;Gal\u00edpolo, al\u00e9m de ser um executivo experimentado, com experi\u00eancia no mercado financeiro e com s\u00f3lida forma\u00e7\u00e3o econ\u00f4mica, tem uma caracter\u00edstica importante para este momento de transi\u00e7\u00e3o: ele \u00e9 h\u00e1bil politicamente o que ir\u00e1 ajudar a conciliar as rusgas entre BC e Planalto o que por sua vez pode &#8216;colocar a bola no ch\u00e3o&#8217; deste debate est\u00e9ril que surgiu na condu\u00e7\u00e3o de curto prazo da Selic&#8221;, avalia.<\/p>\n<p>Para o economista, salvo alguma nova evid\u00eancia que a infla\u00e7\u00e3o corrente est\u00e1 cedendo mais rapidamente que o esperado ou as expectativas se ancorem mais firmemente que o previsto, tudo indica que cortes na Selic acontecer\u00e3o apenas no segundo semestre de 2023.<\/p>\n<p>Ele tamb\u00e9m aponta ser importante apontar que ap\u00f3s semanas com alta nas proje\u00e7\u00f5es de IPCA, o Focus de hoje apresentou queda para o final de 2023. &#8220;O mercado pode at\u00e9 especular que essa mudan\u00e7a ir\u00e1 tornar a pol\u00edtica monet\u00e1ria mais expansionista, mas h\u00e1 evid\u00eancias de sobra que o novo diretor n\u00e3o age de maneira monocr\u00e1tica. Haver\u00e1 muita negocia\u00e7\u00e3o e parcim\u00f4nia na sua gest\u00e3o&#8221;, afirma.<\/p>\n<p>Flavio Conde, analista da Levante, avalia que Gal\u00edpolo tem bom tr\u00e2nsito em todo o governo. \u201cEle deve levar uma vis\u00e3o ao Copom um pouco diferente da atual, que \u00e9 muito r\u00edgida e inflex\u00edvel e muita centrada em levar a infla\u00e7\u00e3o para o centro da meta\u201d, afirma.<\/p>\n<p>&nbsp;<\/p>\n<p>The post <a rel=\"nofollow noopener\" href=\"https:\/\/www.infomoney.com.br\/economia\/conciliacao-ou-aumento-ruidos-como-os-economistas-viram-a-indicacao-de-galipolo-ao-banco-central\/\" target=\"_blank\">Maior concilia\u00e7\u00e3o ou potencial de aumentar ru\u00eddos? Como os economistas viram a indica\u00e7\u00e3o de Gal\u00edpolo para diretoria do BC<\/a> appeared first on <a rel=\"nofollow noopener\" href=\"https:\/\/www.infomoney.com.br\/\" target=\"_blank\">InfoMoney<\/a>.<\/p>\n","protected":false},"excerpt":{"rendered":"<p><img loading=\"lazy\" decoding=\"async\" width=\"300\" height=\"200\" src=\"https:\/\/www.infomoney.com.br\/wp-content\/uploads\/2023\/03\/52604458316_155196719b_c.jpg?fit=300%2C200&amp;quality=70&amp;strip=all\" class=\"attachment-medium size-medium wp-post-image\" alt=\"\" data-attachment-id=\"2092447\" data-permalink=\"https:\/\/www.infomoney.com.br\/politica\/galipolo-admite-espaco-para-negociacao-de-excecoes-na-reforma-tributaria\/attachment\/52604458316_155196719b_c\/\" data-orig-file=\"https:\/\/www.infomoney.com.br\/wp-content\/uploads\/2023\/03\/52604458316_155196719b_c.jpg?fit=799%2C533&amp;quality=70&amp;strip=all\" data-orig-size=\"799,533\" data-comments-opened=\"0\" data-image-meta='{\"aperture\":\"0\",\"credit\":\"Washington Costa\",\"camera\":\"\",\"caption\":\"\",\"created_timestamp\":\"0\",\"copyright\":\"Ministerio da Economia\",\"focal_length\":\"0\",\"iso\":\"0\",\"shutter_speed\":\"0\",\"title\":\"\",\"orientation\":\"0\"}' data-image-title=\"Gabriel Gal\u00edpolo\" data-image-description=\"\" data-image-caption=\"&lt;p&gt;O secret\u00e1rio-executivo do Minist\u00e9rio da Fazenda, Gabriel Gal\u00edpolo, durante reuni\u00e3o (Foto: Washington Costa\/Ascom\/MF)&lt;\/p&gt;\n\" data-medium-file=\"https:\/\/www.infomoney.com.br\/wp-content\/uploads\/2023\/03\/52604458316_155196719b_c.jpg?fit=300%2C200&amp;quality=70&amp;strip=all\" data-large-file=\"https:\/\/www.infomoney.com.br\/wp-content\/uploads\/2023\/03\/52604458316_155196719b_c.jpg?fit=799%2C533&amp;quality=70&amp;strip=all\">Enquanto Goldman Sachs v\u00ea potencial de aumento de ru\u00eddos na comunica\u00e7\u00e3o do BC, outros economistas destacam poder de concilia\u00e7\u00e3o do indicado<\/p>\n<p>The post <a rel=\"nofollow\" href=\"https:\/\/www.infomoney.com.br\/economia\/conciliacao-ou-aumento-ruidos-como-os-economistas-viram-a-indicacao-de-galipolo-ao-banco-central\/\">Maior concilia\u00e7\u00e3o ou potencial de aumentar ru\u00eddos? Como os economistas viram a indica\u00e7\u00e3o de Gal\u00edpolo para diretoria do BC<\/a> appeared first on <a rel=\"nofollow\" href=\"https:\/\/www.infomoney.com.br\/\">InfoMoney<\/a>.<\/p>\n","protected":false},"author":51,"featured_media":0,"comment_status":"closed","ping_status":"closed","sticky":false,"template":"","format":"standard","meta":{"advgb_blocks_editor_width":"","advgb_blocks_columns_visual_guide":"","footnotes":""},"categories":[279,1626,69,34,693,129,127,47,402,1110],"tags":[35],"class_list":["post-15511","post","type-post","status-publish","format-standard","hentry","category-banco-central","category-copom","category-economia","category-g1","category-gabriel-galipolo","category-luiz-inacio-lula-da-silva","category-mercados","category-politica","category-roberto-campos-neto","category-selic","tag-g1"],"author_meta":{"display_name":"Lara Riz\u00e9rio","author_link":"https:\/\/sindaopcpb.org.br\/author\/lara-rizerio\/"},"featured_img":null,"coauthors":[],"tax_additional":{"categories":{"linked":["<a href=\"https:\/\/sindaopcpb.org.br\/banco-central\/\" class=\"advgb-post-tax-term\">Banco Central<\/a>","<a href=\"https:\/\/sindaopcpb.org.br\/copom\/\" class=\"advgb-post-tax-term\">Copom<\/a>","<a href=\"https:\/\/sindaopcpb.org.br\/economia\/\" class=\"advgb-post-tax-term\">Economia<\/a>","<a href=\"https:\/\/sindaopcpb.org.br\/g1\/\" class=\"advgb-post-tax-term\">G1<\/a>","<a href=\"https:\/\/sindaopcpb.org.br\/gabriel-galipolo\/\" class=\"advgb-post-tax-term\">Gabriel Gal\u00edpolo<\/a>","<a href=\"https:\/\/sindaopcpb.org.br\/luiz-inacio-lula-da-silva\/\" class=\"advgb-post-tax-term\">Luiz In\u00e1cio Lula da Silva<\/a>","<a href=\"https:\/\/sindaopcpb.org.br\/mercados\/\" class=\"advgb-post-tax-term\">Mercados<\/a>","<a href=\"https:\/\/sindaopcpb.org.br\/politica\/\" class=\"advgb-post-tax-term\">POLITICA<\/a>","<a href=\"https:\/\/sindaopcpb.org.br\/roberto-campos-neto\/\" class=\"advgb-post-tax-term\">Roberto Campos Neto<\/a>","<a href=\"https:\/\/sindaopcpb.org.br\/selic\/\" class=\"advgb-post-tax-term\">Selic<\/a>"],"unlinked":["<span class=\"advgb-post-tax-term\">Banco Central<\/span>","<span class=\"advgb-post-tax-term\">Copom<\/span>","<span class=\"advgb-post-tax-term\">Economia<\/span>","<span class=\"advgb-post-tax-term\">G1<\/span>","<span class=\"advgb-post-tax-term\">Gabriel Gal\u00edpolo<\/span>","<span class=\"advgb-post-tax-term\">Luiz In\u00e1cio Lula da Silva<\/span>","<span class=\"advgb-post-tax-term\">Mercados<\/span>","<span class=\"advgb-post-tax-term\">POLITICA<\/span>","<span class=\"advgb-post-tax-term\">Roberto Campos Neto<\/span>","<span class=\"advgb-post-tax-term\">Selic<\/span>"]},"tags":{"linked":["<a href=\"https:\/\/sindaopcpb.org.br\/selic\/\" class=\"advgb-post-tax-term\">g1<\/a>"],"unlinked":["<span class=\"advgb-post-tax-term\">g1<\/span>"]}},"comment_count":"0","relative_dates":{"created":"Publicado 3 anos atr\u00e1s","modified":"Atualizado 3 anos atr\u00e1s"},"absolute_dates":{"created":"Publicado em 8 de maio de 2023","modified":"Atualizado em 8 de maio de 2023"},"absolute_dates_time":{"created":"Publicado em 8 de maio de 2023 16:36","modified":"Atualizado em 8 de maio de 2023 16:36"},"featured_img_caption":"","series_order":"","_links":{"self":[{"href":"https:\/\/sindaopcpb.org.br\/index.php\/wp-json\/wp\/v2\/posts\/15511","targetHints":{"allow":["GET"]}}],"collection":[{"href":"https:\/\/sindaopcpb.org.br\/index.php\/wp-json\/wp\/v2\/posts"}],"about":[{"href":"https:\/\/sindaopcpb.org.br\/index.php\/wp-json\/wp\/v2\/types\/post"}],"author":[{"embeddable":true,"href":"https:\/\/sindaopcpb.org.br\/index.php\/wp-json\/wp\/v2\/users\/51"}],"replies":[{"embeddable":true,"href":"https:\/\/sindaopcpb.org.br\/index.php\/wp-json\/wp\/v2\/comments?post=15511"}],"version-history":[{"count":2,"href":"https:\/\/sindaopcpb.org.br\/index.php\/wp-json\/wp\/v2\/posts\/15511\/revisions"}],"predecessor-version":[{"id":15533,"href":"https:\/\/sindaopcpb.org.br\/index.php\/wp-json\/wp\/v2\/posts\/15511\/revisions\/15533"}],"wp:attachment":[{"href":"https:\/\/sindaopcpb.org.br\/index.php\/wp-json\/wp\/v2\/media?parent=15511"}],"wp:term":[{"taxonomy":"category","embeddable":true,"href":"https:\/\/sindaopcpb.org.br\/index.php\/wp-json\/wp\/v2\/categories?post=15511"},{"taxonomy":"post_tag","embeddable":true,"href":"https:\/\/sindaopcpb.org.br\/index.php\/wp-json\/wp\/v2\/tags?post=15511"}],"curies":[{"name":"wp","href":"https:\/\/api.w.org\/{rel}","templated":true}]}}