{"id":15470,"date":"2023-05-08T13:10:58","date_gmt":"2023-05-08T16:10:58","guid":{"rendered":"https:\/\/g1.globo.com\/pb\/paraiba\/noticia\/2023\/05\/08\/professores-indigenas-protestam-por-aumento-salarial-em-joao-pessoa.ghtml"},"modified":"2023-05-08T13:10:58","modified_gmt":"2023-05-08T16:10:58","slug":"professores-indigenas-protestam-por-aumento-salarial-em-joao-pessoa","status":"publish","type":"post","link":"https:\/\/sindaopcpb.org.br\/index.php\/2023\/05\/08\/professores-indigenas-protestam-por-aumento-salarial-em-joao-pessoa\/","title":{"rendered":"Professores ind\u00edgenas protestam por aumento salarial, em Jo\u00e3o Pessoa"},"content":{"rendered":"   <img src=\"https:\/\/s2.glbimg.com\/TfUeiYDPtnBpdi81idkis2frTJE=\/i.s3.glbimg.com\/v1\/AUTH_59edd422c0c84a879bd37670ae4f538a\/internal_photos\/bs\/2023\/a\/u\/LR8DiGQKuh7khBrpHi6Q\/protesto-indigenas.png\" \/><br \/>     Profissionais tamb\u00e9m reivindicam pela mudan\u00e7a da nomenclatura na Carteira de Trabalho.  Professores ind\u00edgenas protestam em Jo\u00e3o Pessoa\nReprodu\u00e7\u00e3o\/TV Cabo Branco\nProfessores ind\u00edgenas da etnia Potiguara protestaram, nesta segunda-feira (8), por melhores condi\u00e7\u00f5es de trabalho, em Jo\u00e3o Pessoa. Segundo os professores, a reivindica\u00e7\u00e3o \u00e9 pela atualiza\u00e7\u00e3o do piso salarial e pela mudan\u00e7a da nomenclatura profissional registrada na Carteira de Trabalho Digital.\nSegundo os profissionais ind\u00edgenas, o sal\u00e1rio da classe estaria desatualizado. Al\u00e9m disso, a nomenclatura das fun\u00e7\u00f5es de cada profissional na CLT estaria errada, o que poderia impactar no valor dos sal\u00e1rios pagos.\n\"Achamos que estamos sendo desvalorizados e queremos que o governo olhe com aten\u00e7\u00e3o para n\u00f3s. Al\u00e9m do reconhecimento da categoria ind\u00edgena, queremos que reconhe\u00e7am nossa carreira enquanto professor ind\u00edgena\", disse um dos representantes \u00e0 TV Cabo Branco.\nAl\u00e9m da falta de aumento salarial, os professores pedem agilidade no processo de contrata\u00e7\u00e3o de outros profissionais para as escolas onde trabalham. Segundo eles, a demora em contratar estaria causando sobrecarga nos professores que j\u00e1 est\u00e3o em sala de aula.\nDurante o protesto, uma comiss\u00e3o composta por 20 profissionais de educa\u00e7\u00e3o ind\u00edgenas se reuniu com representantes da Secretaria de Estado da Educa\u00e7\u00e3o para dialogar sobre as reivindica\u00e7\u00f5es.\nEm nota enviada ao g1, a Secretaria de Estado da Educa\u00e7\u00e3o afirmou que reitera o compromisso com a educa\u00e7\u00e3o ind\u00edgena, com investimentos em reformas e amplia\u00e7\u00e3o das escolas. O \u00f3rg\u00e3o tamb\u00e9m afirmou que recebeu os ind\u00edgenas em mar\u00e7o deste ano, e que nesta segunda (8) a secret\u00e1ria executiva pedag\u00f3gica da SEE tamb\u00e9m ouviu os professores.\nV\u00eddeos mais assistidos do g1 Para\u00edba  ","protected":false},"excerpt":{"rendered":"<p>        Profissionais tamb\u00e9m reivindicam pela mudan\u00e7a da nomenclatura na Carteira de Trabalho.  Professores ind\u00edgenas protestam em Jo\u00e3o Pessoa<br \/>\nReprodu\u00e7\u00e3o\/TV Cabo Branco<br \/>\nProfessores ind\u00edgenas da etnia Potiguara protestaram, nesta segunda-feira (8), por &#8230;<\/p>\n","protected":false},"author":2,"featured_media":0,"comment_status":"closed","ping_status":"closed","sticky":false,"template":"","format":"standard","meta":{"advgb_blocks_editor_width":"","advgb_blocks_columns_visual_guide":"","footnotes":""},"categories":[34],"tags":[35],"class_list":["post-15470","post","type-post","status-publish","format-standard","hentry","category-g1","tag-g1"],"author_meta":{"display_name":"g1 &gt; Para\u00edba","author_link":"https:\/\/sindaopcpb.org.br\/author\/g1-paraiba\/"},"featured_img":null,"coauthors":[],"tax_additional":{"categories":{"linked":["<a href=\"https:\/\/sindaopcpb.org.br\/g1\/\" class=\"advgb-post-tax-term\">G1<\/a>"],"unlinked":["<span class=\"advgb-post-tax-term\">G1<\/span>"]},"tags":{"linked":["<a href=\"https:\/\/sindaopcpb.org.br\/g1\/\" class=\"advgb-post-tax-term\">g1<\/a>"],"unlinked":["<span class=\"advgb-post-tax-term\">g1<\/span>"]}},"comment_count":"0","relative_dates":{"created":"Publicado 3 anos atr\u00e1s","modified":"Atualizado 3 anos atr\u00e1s"},"absolute_dates":{"created":"Publicado em 8 de maio de 2023","modified":"Atualizado em 8 de maio de 2023"},"absolute_dates_time":{"created":"Publicado em 8 de maio de 2023 13:10","modified":"Atualizado em 8 de maio de 2023 13:10"},"featured_img_caption":"","series_order":"","_links":{"self":[{"href":"https:\/\/sindaopcpb.org.br\/index.php\/wp-json\/wp\/v2\/posts\/15470","targetHints":{"allow":["GET"]}}],"collection":[{"href":"https:\/\/sindaopcpb.org.br\/index.php\/wp-json\/wp\/v2\/posts"}],"about":[{"href":"https:\/\/sindaopcpb.org.br\/index.php\/wp-json\/wp\/v2\/types\/post"}],"author":[{"embeddable":true,"href":"https:\/\/sindaopcpb.org.br\/index.php\/wp-json\/wp\/v2\/users\/2"}],"replies":[{"embeddable":true,"href":"https:\/\/sindaopcpb.org.br\/index.php\/wp-json\/wp\/v2\/comments?post=15470"}],"version-history":[{"count":1,"href":"https:\/\/sindaopcpb.org.br\/index.php\/wp-json\/wp\/v2\/posts\/15470\/revisions"}],"predecessor-version":[{"id":15471,"href":"https:\/\/sindaopcpb.org.br\/index.php\/wp-json\/wp\/v2\/posts\/15470\/revisions\/15471"}],"wp:attachment":[{"href":"https:\/\/sindaopcpb.org.br\/index.php\/wp-json\/wp\/v2\/media?parent=15470"}],"wp:term":[{"taxonomy":"category","embeddable":true,"href":"https:\/\/sindaopcpb.org.br\/index.php\/wp-json\/wp\/v2\/categories?post=15470"},{"taxonomy":"post_tag","embeddable":true,"href":"https:\/\/sindaopcpb.org.br\/index.php\/wp-json\/wp\/v2\/tags?post=15470"}],"curies":[{"name":"wp","href":"https:\/\/api.w.org\/{rel}","templated":true}]}}