{"id":15428,"date":"2023-05-08T10:17:39","date_gmt":"2023-05-08T13:17:39","guid":{"rendered":"https:\/\/www.infomoney.com.br\/?p=2127249"},"modified":"2023-05-08T10:17:39","modified_gmt":"2023-05-08T13:17:39","slug":"congresso-instala-nesta-quarta-feira-comissao-para-analisar-mp-do-programa-mais-medicos","status":"publish","type":"post","link":"https:\/\/sindaopcpb.org.br\/index.php\/2023\/05\/08\/congresso-instala-nesta-quarta-feira-comissao-para-analisar-mp-do-programa-mais-medicos\/","title":{"rendered":"Congresso instala nesta quarta-feira comiss\u00e3o para analisar MP do programa Mais M\u00e9dicos"},"content":{"rendered":"<p><img loading=\"lazy\" width=\"300\" height=\"200\" src=\"https:\/\/www.infomoney.com.br\/wp-content\/uploads\/2019\/06\/medico-1.jpg?fit=300%2C200&amp;quality=70&amp;strip=all\" class=\"attachment-medium size-medium wp-post-image\" alt=\"\" decoding=\"async\" style=\"float:right; margin:0 0 10px 10px;\" srcset=\"https:\/\/www.infomoney.com.br\/wp-content\/uploads\/2019\/06\/medico-1.jpg?w=900&amp;quality=70&amp;strip=all 900w, https:\/\/www.infomoney.com.br\/wp-content\/uploads\/2019\/06\/medico-1.jpg?w=300&amp;quality=70&amp;strip=all 300w, https:\/\/www.infomoney.com.br\/wp-content\/uploads\/2019\/06\/medico-1.jpg?w=768&amp;quality=70&amp;strip=all 768w, https:\/\/www.infomoney.com.br\/wp-content\/uploads\/2019\/06\/medico-1.jpg?w=150&amp;quality=70&amp;strip=all 150w\" sizes=\"auto, (max-width: 300px) 100vw, 300px\" data-attachment-id=\"54594\" data-permalink=\"https:\/\/www.infomoney.com.br\/medico-1\/\" data-orig-file=\"https:\/\/www.infomoney.com.br\/wp-content\/uploads\/2019\/06\/medico-1.jpg?fit=900%2C600&amp;quality=70&amp;strip=all\" data-orig-size=\"900,600\" data-comments-opened=\"1\" data-image-meta=\"{&quot;aperture&quot;:&quot;0&quot;,&quot;credit&quot;:&quot;&quot;,&quot;camera&quot;:&quot;&quot;,&quot;caption&quot;:&quot;&quot;,&quot;created_timestamp&quot;:&quot;0&quot;,&quot;copyright&quot;:&quot;&quot;,&quot;focal_length&quot;:&quot;0&quot;,&quot;iso&quot;:&quot;0&quot;,&quot;shutter_speed&quot;:&quot;0&quot;,&quot;title&quot;:&quot;&quot;,&quot;orientation&quot;:&quot;0&quot;}\" data-image-title=\"medico-1\" data-image-description=\"\" data-image-caption=\"\" data-medium-file=\"https:\/\/www.infomoney.com.br\/wp-content\/uploads\/2019\/06\/medico-1.jpg?fit=300%2C200&amp;quality=70&amp;strip=all\" data-large-file=\"https:\/\/www.infomoney.com.br\/wp-content\/uploads\/2019\/06\/medico-1.jpg?fit=900%2C600&amp;quality=70&amp;strip=all\" title=\"\"><\/p>\n<p>Ser\u00e1 instalada nesta quarta-feira (9) a comiss\u00e3o mista que vai analisar a Medida Provis\u00f3ria 1165\/23, que altera as regras do programa Mais M\u00e9dicos para refor\u00e7ar a presen\u00e7a de profissionais em regi\u00f5es desassistidas de servi\u00e7os de aten\u00e7\u00e3o b\u00e1sica de sa\u00fade.<\/p>\n<p>A principal novidade do texto \u00e9 a cria\u00e7\u00e3o de uma indeniza\u00e7\u00e3o especial para o m\u00e9dico que atuar em regi\u00e3o de dif\u00edcil fixa\u00e7\u00e3o ou que for formado com uso do Fundo de Financiamento Estudantil (Fies).<\/p>\n<p>O objetivo da medida \u00e9 ampliar o n\u00famero de profissionais em \u00e1reas de maior vulnerabilidade, uma vez que, segundo o governo, 41% dos participantes do programa desistem de trabalhar nos locais mais remotos.<\/p>\n<p>A instala\u00e7\u00e3o est\u00e1 marcada para as 14h30, no plen\u00e1rio 6 da ala Nilo Coelho, no Senado. Ap\u00f3s a instala\u00e7\u00e3o, ser\u00e3o eleitos os dirigentes do colegiado.<\/p>\n<p><img loading=\"lazy\" decoding=\"async\" style=\"margin: auto;cursor: zoom-out\" src=\"https:\/\/i0.wp.com\/www.camara.leg.br\/internet\/agencia\/infograficos-html5\/o-que-muda-para-os-medicos\/images\/desktop.jpg?resize=690%2C1409&#038;quality=70&#038;%23038;strip=all&#038;%23038;ssl=1\" width=\"690\" height=\"1409\" data-recalc-dims=\"1\" alt=\"\" title=\"\"><\/p>\n<p>The post <a rel=\"nofollow noopener\" href=\"https:\/\/www.infomoney.com.br\/politica\/congresso-instala-nesta-quarta-feira-comissao-para-analisar-mp-do-programa-mais-medicos\/\" target=\"_blank\">Congresso instala nesta quarta-feira comiss\u00e3o para analisar MP do programa Mais M\u00e9dicos<\/a> appeared first on <a rel=\"nofollow noopener\" href=\"https:\/\/www.infomoney.com.br\/\" target=\"_blank\">InfoMoney<\/a>.<\/p>\n","protected":false},"excerpt":{"rendered":"<p><img loading=\"lazy\" decoding=\"async\" width=\"300\" height=\"200\" src=\"https:\/\/www.infomoney.com.br\/wp-content\/uploads\/2019\/06\/medico-1.jpg?fit=300%2C200&amp;quality=70&amp;strip=all\" class=\"attachment-medium size-medium wp-post-image\" alt=\"\" data-attachment-id=\"54594\" data-permalink=\"https:\/\/www.infomoney.com.br\/medico-1\/\" data-orig-file=\"https:\/\/www.infomoney.com.br\/wp-content\/uploads\/2019\/06\/medico-1.jpg?fit=900%2C600&amp;quality=70&amp;strip=all\" data-orig-size=\"900,600\" data-comments-opened=\"1\" data-image-meta='{\"aperture\":\"0\",\"credit\":\"\",\"camera\":\"\",\"caption\":\"\",\"created_timestamp\":\"0\",\"copyright\":\"\",\"focal_length\":\"0\",\"iso\":\"0\",\"shutter_speed\":\"0\",\"title\":\"\",\"orientation\":\"0\"}' data-image-title=\"medico-1\" data-image-description=\"\" data-image-caption=\"\" data-medium-file=\"https:\/\/www.infomoney.com.br\/wp-content\/uploads\/2019\/06\/medico-1.jpg?fit=300%2C200&amp;quality=70&amp;strip=all\" data-large-file=\"https:\/\/www.infomoney.com.br\/wp-content\/uploads\/2019\/06\/medico-1.jpg?fit=900%2C600&amp;quality=70&amp;strip=all\">M\u00e9dicos estrangeiros e brasileiros formados no exterior ser\u00e3o dispensados da revalida\u00e7\u00e3o do diploma durante toda a participa\u00e7\u00e3o no projeto<\/p>\n<p>The post <a rel=\"nofollow\" href=\"https:\/\/www.infomoney.com.br\/politica\/congresso-instala-nesta-quarta-feira-comissao-para-analisar-mp-do-programa-mais-medicos\/\">Congresso instala nesta quarta-feira comiss\u00e3o para analisar MP do programa Mais M\u00e9dicos<\/a> appeared first on <a rel=\"nofollow\" href=\"https:\/\/www.infomoney.com.br\/\">InfoMoney<\/a>.<\/p>\n","protected":false},"author":47,"featured_media":0,"comment_status":"closed","ping_status":"closed","sticky":false,"template":"","format":"standard","meta":{"advgb_blocks_editor_width":"","advgb_blocks_columns_visual_guide":"","footnotes":""},"categories":[273,34,47,90],"tags":[35],"class_list":["post-15428","post","type-post","status-publish","format-standard","hentry","category-congresso","category-g1","category-politica","category-saude","tag-g1"],"author_meta":{"display_name":"luispereira","author_link":"https:\/\/sindaopcpb.org.br\/author\/luispereira\/"},"featured_img":null,"coauthors":[],"tax_additional":{"categories":{"linked":["<a href=\"https:\/\/sindaopcpb.org.br\/congresso\/\" class=\"advgb-post-tax-term\">Congresso<\/a>","<a href=\"https:\/\/sindaopcpb.org.br\/g1\/\" class=\"advgb-post-tax-term\">G1<\/a>","<a href=\"https:\/\/sindaopcpb.org.br\/politica\/\" class=\"advgb-post-tax-term\">POLITICA<\/a>","<a href=\"https:\/\/sindaopcpb.org.br\/saude\/\" class=\"advgb-post-tax-term\">Sa\u00fade<\/a>"],"unlinked":["<span class=\"advgb-post-tax-term\">Congresso<\/span>","<span class=\"advgb-post-tax-term\">G1<\/span>","<span class=\"advgb-post-tax-term\">POLITICA<\/span>","<span class=\"advgb-post-tax-term\">Sa\u00fade<\/span>"]},"tags":{"linked":["<a href=\"https:\/\/sindaopcpb.org.br\/saude\/\" class=\"advgb-post-tax-term\">g1<\/a>"],"unlinked":["<span class=\"advgb-post-tax-term\">g1<\/span>"]}},"comment_count":"0","relative_dates":{"created":"Publicado 3 anos atr\u00e1s","modified":"Atualizado 3 anos atr\u00e1s"},"absolute_dates":{"created":"Publicado em 8 de maio de 2023","modified":"Atualizado em 8 de maio de 2023"},"absolute_dates_time":{"created":"Publicado em 8 de maio de 2023 10:17","modified":"Atualizado em 8 de maio de 2023 10:17"},"featured_img_caption":"","series_order":"","_links":{"self":[{"href":"https:\/\/sindaopcpb.org.br\/index.php\/wp-json\/wp\/v2\/posts\/15428","targetHints":{"allow":["GET"]}}],"collection":[{"href":"https:\/\/sindaopcpb.org.br\/index.php\/wp-json\/wp\/v2\/posts"}],"about":[{"href":"https:\/\/sindaopcpb.org.br\/index.php\/wp-json\/wp\/v2\/types\/post"}],"author":[{"embeddable":true,"href":"https:\/\/sindaopcpb.org.br\/index.php\/wp-json\/wp\/v2\/users\/47"}],"replies":[{"embeddable":true,"href":"https:\/\/sindaopcpb.org.br\/index.php\/wp-json\/wp\/v2\/comments?post=15428"}],"version-history":[{"count":1,"href":"https:\/\/sindaopcpb.org.br\/index.php\/wp-json\/wp\/v2\/posts\/15428\/revisions"}],"predecessor-version":[{"id":15429,"href":"https:\/\/sindaopcpb.org.br\/index.php\/wp-json\/wp\/v2\/posts\/15428\/revisions\/15429"}],"wp:attachment":[{"href":"https:\/\/sindaopcpb.org.br\/index.php\/wp-json\/wp\/v2\/media?parent=15428"}],"wp:term":[{"taxonomy":"category","embeddable":true,"href":"https:\/\/sindaopcpb.org.br\/index.php\/wp-json\/wp\/v2\/categories?post=15428"},{"taxonomy":"post_tag","embeddable":true,"href":"https:\/\/sindaopcpb.org.br\/index.php\/wp-json\/wp\/v2\/tags?post=15428"}],"curies":[{"name":"wp","href":"https:\/\/api.w.org\/{rel}","templated":true}]}}