{"id":14961,"date":"2023-05-04T15:04:00","date_gmt":"2023-05-04T18:04:00","guid":{"rendered":"https:\/\/www.infomoney.com.br\/?p=2124902"},"modified":"2023-05-04T15:04:00","modified_gmt":"2023-05-04T18:04:00","slug":"governo-trabalha-para-conciliar-responsabilidade-fiscal-e-compromisso-social-reitera-tebet","status":"publish","type":"post","link":"https:\/\/sindaopcpb.org.br\/index.php\/2023\/05\/04\/governo-trabalha-para-conciliar-responsabilidade-fiscal-e-compromisso-social-reitera-tebet\/","title":{"rendered":"Governo trabalha para conciliar responsabilidade fiscal e compromisso social, reitera Tebet"},"content":{"rendered":"<p><img loading=\"lazy\" width=\"300\" height=\"200\" src=\"https:\/\/www.infomoney.com.br\/wp-content\/uploads\/2023\/04\/52621591439_4403bdf32b_c.jpg?fit=300%2C200&amp;quality=70&amp;strip=all\" class=\"attachment-medium size-medium wp-post-image\" alt=\"\" decoding=\"async\" style=\"float:right; margin:0 0 10px 10px;\" srcset=\"https:\/\/www.infomoney.com.br\/wp-content\/uploads\/2023\/04\/52621591439_4403bdf32b_c.jpg?w=799&amp;quality=70&amp;strip=all 799w, https:\/\/www.infomoney.com.br\/wp-content\/uploads\/2023\/04\/52621591439_4403bdf32b_c.jpg?w=300&amp;quality=70&amp;strip=all 300w, https:\/\/www.infomoney.com.br\/wp-content\/uploads\/2023\/04\/52621591439_4403bdf32b_c.jpg?w=768&amp;quality=70&amp;strip=all 768w, https:\/\/www.infomoney.com.br\/wp-content\/uploads\/2023\/04\/52621591439_4403bdf32b_c.jpg?w=150&amp;quality=70&amp;strip=all 150w\" sizes=\"auto, (max-width: 300px) 100vw, 300px\" data-attachment-id=\"2109715\" data-permalink=\"https:\/\/www.infomoney.com.br\/politica\/simone-tebet-projeto-de-lei-diretrizes-orcamentarias-deficit-zero-2024-ao-vivo\/attachment\/52621591439_4403bdf32b_c\/\" data-orig-file=\"https:\/\/www.infomoney.com.br\/wp-content\/uploads\/2023\/04\/52621591439_4403bdf32b_c.jpg?fit=799%2C533&amp;quality=70&amp;strip=all\" data-orig-size=\"799,533\" data-comments-opened=\"0\" data-image-meta=\"{&quot;aperture&quot;:&quot;0&quot;,&quot;credit&quot;:&quot;&quot;,&quot;camera&quot;:&quot;&quot;,&quot;caption&quot;:&quot;&quot;,&quot;created_timestamp&quot;:&quot;0&quot;,&quot;copyright&quot;:&quot;&quot;,&quot;focal_length&quot;:&quot;0&quot;,&quot;iso&quot;:&quot;0&quot;,&quot;shutter_speed&quot;:&quot;0&quot;,&quot;title&quot;:&quot;&quot;,&quot;orientation&quot;:&quot;0&quot;}\" data-image-title=\"Simone Tebet\" data-image-description=\"\" data-image-caption=\"&lt;p&gt;A ministra do Planejamento e Or\u00e7amento, Simone Tebet (MDB), durante entrevista coletiva (FOTO: EDU ANDRADE\/Ascom\/MF)&lt;\/p&gt;\n\" data-medium-file=\"https:\/\/www.infomoney.com.br\/wp-content\/uploads\/2023\/04\/52621591439_4403bdf32b_c.jpg?fit=300%2C200&amp;quality=70&amp;strip=all\" data-large-file=\"https:\/\/www.infomoney.com.br\/wp-content\/uploads\/2023\/04\/52621591439_4403bdf32b_c.jpg?fit=799%2C533&amp;quality=70&amp;strip=all\" title=\"\"><\/p>\n<p>A ministra do Planejamento, Simone Tebet, reiterou, nesta quinta-feira (4), que o governo trabalha para conciliar a responsabilidade fiscal com compromisso social para cumprir as promessas de campanha do presidente Luiz In\u00e1cio Lula da Silva. Na abertura da segunda parte do Conselh\u00e3o, no per\u00edodo da tarde desta quinta, ela pediu a colabora\u00e7\u00e3o de todos para atingir essa meta e implementar o or\u00e7amento participativo, priorizando os vulner\u00e1veis.<\/p>\n<p>&#8220;O Minist\u00e9rio do Planejamento voltou e o Conselh\u00e3o voltou, um bra\u00e7o do planejamento do Brasil. Vamos implantar o or\u00e7amento participativo e a indica\u00e7\u00e3o do presidente Lula foi taxativa: quero o pobre no or\u00e7amento, a primeira inf\u00e2ncia, o jovem, a diversidade. A\u00ed vem a grande miss\u00e3o que eu pe\u00e7o a colabora\u00e7\u00e3o: nos deem suporte para que possamos conciliar a responsabilidade fiscal com compromisso social&#8221;, afirmou Tebet.<\/p>\n<p>A ministra disse que a pasta vai focar em um plano plurianual participativo para definir as prioridades de or\u00e7amento no per\u00edodo de 2024 a 2027.<\/p>\n<p>Ainda ressaltou a import\u00e2ncia da retomada das reuni\u00f5es do Conselh\u00e3o como forma de fortalecer a democracia brasileira.<\/p>\n<p>The post <a rel=\"nofollow noopener\" href=\"https:\/\/www.infomoney.com.br\/politica\/governo-trabalha-para-conciliar-responsabilidade-fiscal-e-compromisso-social-reitera-tebet\/\" target=\"_blank\">Governo trabalha para conciliar responsabilidade fiscal e compromisso social, reitera Tebet<\/a> appeared first on <a rel=\"nofollow noopener\" href=\"https:\/\/www.infomoney.com.br\/\" target=\"_blank\">InfoMoney<\/a>.<\/p>\n","protected":false},"excerpt":{"rendered":"<p><img loading=\"lazy\" decoding=\"async\" width=\"300\" height=\"200\" src=\"https:\/\/www.infomoney.com.br\/wp-content\/uploads\/2023\/04\/52621591439_4403bdf32b_c.jpg?fit=300%2C200&amp;quality=70&amp;strip=all\" class=\"attachment-medium size-medium wp-post-image\" alt=\"\" data-attachment-id=\"2109715\" data-permalink=\"https:\/\/www.infomoney.com.br\/politica\/simone-tebet-projeto-de-lei-diretrizes-orcamentarias-deficit-zero-2024-ao-vivo\/attachment\/52621591439_4403bdf32b_c\/\" data-orig-file=\"https:\/\/www.infomoney.com.br\/wp-content\/uploads\/2023\/04\/52621591439_4403bdf32b_c.jpg?fit=799%2C533&amp;quality=70&amp;strip=all\" data-orig-size=\"799,533\" data-comments-opened=\"0\" data-image-meta='{\"aperture\":\"0\",\"credit\":\"\",\"camera\":\"\",\"caption\":\"\",\"created_timestamp\":\"0\",\"copyright\":\"\",\"focal_length\":\"0\",\"iso\":\"0\",\"shutter_speed\":\"0\",\"title\":\"\",\"orientation\":\"0\"}' data-image-title=\"Simone Tebet\" data-image-description=\"\" data-image-caption=\"&lt;p&gt;A ministra do Planejamento e Or\u00e7amento, Simone Tebet (MDB), durante entrevista coletiva (FOTO: EDU ANDRADE\/Ascom\/MF)&lt;\/p&gt;\n\" data-medium-file=\"https:\/\/www.infomoney.com.br\/wp-content\/uploads\/2023\/04\/52621591439_4403bdf32b_c.jpg?fit=300%2C200&amp;quality=70&amp;strip=all\" data-large-file=\"https:\/\/www.infomoney.com.br\/wp-content\/uploads\/2023\/04\/52621591439_4403bdf32b_c.jpg?fit=799%2C533&amp;quality=70&amp;strip=all\">Minist\u00e9rio do Planejamento vai focar em um plano plurianual participativo para definir as prioridades de or\u00e7amento no per\u00edodo de 2024 a 2027<\/p>\n<p>The post <a rel=\"nofollow\" href=\"https:\/\/www.infomoney.com.br\/politica\/governo-trabalha-para-conciliar-responsabilidade-fiscal-e-compromisso-social-reitera-tebet\/\">Governo trabalha para conciliar responsabilidade fiscal e compromisso social, reitera Tebet<\/a> appeared first on <a rel=\"nofollow\" href=\"https:\/\/www.infomoney.com.br\/\">InfoMoney<\/a>.<\/p>\n","protected":false},"author":43,"featured_media":0,"comment_status":"closed","ping_status":"closed","sticky":false,"template":"","format":"standard","meta":{"advgb_blocks_editor_width":"","advgb_blocks_columns_visual_guide":"","footnotes":""},"categories":[2253,34,47,360],"tags":[35],"class_list":["post-14961","post","type-post","status-publish","format-standard","hentry","category-conselhao","category-g1","category-politica","category-simone-tebet","tag-g1"],"author_meta":{"display_name":"Estad\u00e3o Conte\u00fado","author_link":"https:\/\/sindaopcpb.org.br\/author\/estadao-conteudo\/"},"featured_img":null,"coauthors":[],"tax_additional":{"categories":{"linked":["<a href=\"https:\/\/sindaopcpb.org.br\/conselhao\/\" class=\"advgb-post-tax-term\">Conselh\u00e3o<\/a>","<a href=\"https:\/\/sindaopcpb.org.br\/g1\/\" class=\"advgb-post-tax-term\">G1<\/a>","<a href=\"https:\/\/sindaopcpb.org.br\/politica\/\" class=\"advgb-post-tax-term\">POLITICA<\/a>","<a href=\"https:\/\/sindaopcpb.org.br\/simone-tebet\/\" class=\"advgb-post-tax-term\">Simone Tebet<\/a>"],"unlinked":["<span class=\"advgb-post-tax-term\">Conselh\u00e3o<\/span>","<span class=\"advgb-post-tax-term\">G1<\/span>","<span class=\"advgb-post-tax-term\">POLITICA<\/span>","<span class=\"advgb-post-tax-term\">Simone Tebet<\/span>"]},"tags":{"linked":["<a href=\"https:\/\/sindaopcpb.org.br\/simone-tebet\/\" class=\"advgb-post-tax-term\">g1<\/a>"],"unlinked":["<span class=\"advgb-post-tax-term\">g1<\/span>"]}},"comment_count":"0","relative_dates":{"created":"Publicado 3 anos atr\u00e1s","modified":"Atualizado 3 anos atr\u00e1s"},"absolute_dates":{"created":"Publicado em 4 de maio de 2023","modified":"Atualizado em 4 de maio de 2023"},"absolute_dates_time":{"created":"Publicado em 4 de maio de 2023 15:04","modified":"Atualizado em 4 de maio de 2023 15:04"},"featured_img_caption":"","series_order":"","_links":{"self":[{"href":"https:\/\/sindaopcpb.org.br\/index.php\/wp-json\/wp\/v2\/posts\/14961","targetHints":{"allow":["GET"]}}],"collection":[{"href":"https:\/\/sindaopcpb.org.br\/index.php\/wp-json\/wp\/v2\/posts"}],"about":[{"href":"https:\/\/sindaopcpb.org.br\/index.php\/wp-json\/wp\/v2\/types\/post"}],"author":[{"embeddable":true,"href":"https:\/\/sindaopcpb.org.br\/index.php\/wp-json\/wp\/v2\/users\/43"}],"replies":[{"embeddable":true,"href":"https:\/\/sindaopcpb.org.br\/index.php\/wp-json\/wp\/v2\/comments?post=14961"}],"version-history":[{"count":1,"href":"https:\/\/sindaopcpb.org.br\/index.php\/wp-json\/wp\/v2\/posts\/14961\/revisions"}],"predecessor-version":[{"id":14962,"href":"https:\/\/sindaopcpb.org.br\/index.php\/wp-json\/wp\/v2\/posts\/14961\/revisions\/14962"}],"wp:attachment":[{"href":"https:\/\/sindaopcpb.org.br\/index.php\/wp-json\/wp\/v2\/media?parent=14961"}],"wp:term":[{"taxonomy":"category","embeddable":true,"href":"https:\/\/sindaopcpb.org.br\/index.php\/wp-json\/wp\/v2\/categories?post=14961"},{"taxonomy":"post_tag","embeddable":true,"href":"https:\/\/sindaopcpb.org.br\/index.php\/wp-json\/wp\/v2\/tags?post=14961"}],"curies":[{"name":"wp","href":"https:\/\/api.w.org\/{rel}","templated":true}]}}