{"id":14749,"date":"2023-05-03T12:05:06","date_gmt":"2023-05-03T15:05:06","guid":{"rendered":"https:\/\/www.infomoney.com.br\/?p=2123164"},"modified":"2023-05-03T12:05:06","modified_gmt":"2023-05-03T15:05:06","slug":"federalizacao-de-rodovia-no-amapa-vai-a-camara","status":"publish","type":"post","link":"https:\/\/sindaopcpb.org.br\/index.php\/2023\/05\/03\/federalizacao-de-rodovia-no-amapa-vai-a-camara\/","title":{"rendered":"Federaliza\u00e7\u00e3o de rodovia no Amap\u00e1 vai \u00e0 C\u00e2mara"},"content":{"rendered":"<p><img loading=\"lazy\" width=\"300\" height=\"199\" src=\"https:\/\/www.infomoney.com.br\/wp-content\/uploads\/2023\/04\/fachada-senado_Foto-Leonardo-Sa-Agencia-Senado.jpg?fit=300%2C199&amp;quality=70&amp;strip=all\" class=\"attachment-medium size-medium wp-post-image\" alt=\"\" decoding=\"async\" style=\"float:right; margin:0 0 10px 10px;\" srcset=\"https:\/\/www.infomoney.com.br\/wp-content\/uploads\/2023\/04\/fachada-senado_Foto-Leonardo-Sa-Agencia-Senado.jpg?w=2047&amp;quality=70&amp;strip=all 2047w, https:\/\/www.infomoney.com.br\/wp-content\/uploads\/2023\/04\/fachada-senado_Foto-Leonardo-Sa-Agencia-Senado.jpg?w=300&amp;quality=70&amp;strip=all 300w, https:\/\/www.infomoney.com.br\/wp-content\/uploads\/2023\/04\/fachada-senado_Foto-Leonardo-Sa-Agencia-Senado.jpg?w=768&amp;quality=70&amp;strip=all 768w, https:\/\/www.infomoney.com.br\/wp-content\/uploads\/2023\/04\/fachada-senado_Foto-Leonardo-Sa-Agencia-Senado.jpg?w=1280&amp;quality=70&amp;strip=all 1280w, https:\/\/www.infomoney.com.br\/wp-content\/uploads\/2023\/04\/fachada-senado_Foto-Leonardo-Sa-Agencia-Senado.jpg?w=1536&amp;quality=70&amp;strip=all 1536w, https:\/\/www.infomoney.com.br\/wp-content\/uploads\/2023\/04\/fachada-senado_Foto-Leonardo-Sa-Agencia-Senado.jpg?w=150&amp;quality=70&amp;strip=all 150w\" sizes=\"auto, (max-width: 300px) 100vw, 300px\" data-attachment-id=\"2107631\" data-permalink=\"https:\/\/www.infomoney.com.br\/minhas-financas\/desarquivada-no-senado-proposta-com-novas-regras-para-o-seguro-e-criticada-por-representantes-do-setor\/attachment\/fachada-senado_foto-leonardo-sa-agencia-senado\/\" data-orig-file=\"https:\/\/www.infomoney.com.br\/wp-content\/uploads\/2023\/04\/fachada-senado_Foto-Leonardo-Sa-Agencia-Senado.jpg?fit=2047%2C1357&amp;quality=70&amp;strip=all\" data-orig-size=\"2047,1357\" data-comments-opened=\"0\" data-image-meta=\"{&quot;aperture&quot;:&quot;0&quot;,&quot;credit&quot;:&quot;Leonardo S\\u00e1\\\/Ag\\u00eancia Senado&quot;,&quot;camera&quot;:&quot;&quot;,&quot;caption&quot;:&quot;&quot;,&quot;created_timestamp&quot;:&quot;0&quot;,&quot;copyright&quot;:&quot;Senado Federal do Brasil&quot;,&quot;focal_length&quot;:&quot;0&quot;,&quot;iso&quot;:&quot;0&quot;,&quot;shutter_speed&quot;:&quot;0&quot;,&quot;title&quot;:&quot;&quot;,&quot;orientation&quot;:&quot;0&quot;}\" data-image-title=\"Fachada do Congresso (Foto: Leonardo S\u00e1\/Ag\u00eancia Senado)\" data-image-description=\"\" data-image-caption=\"\" data-medium-file=\"https:\/\/www.infomoney.com.br\/wp-content\/uploads\/2023\/04\/fachada-senado_Foto-Leonardo-Sa-Agencia-Senado.jpg?fit=300%2C199&amp;quality=70&amp;strip=all\" data-large-file=\"https:\/\/www.infomoney.com.br\/wp-content\/uploads\/2023\/04\/fachada-senado_Foto-Leonardo-Sa-Agencia-Senado.jpg?fit=1280%2C849&amp;quality=70&amp;strip=all\" title=\"\"><\/p>\n<p>A Comiss\u00e3o de Servi\u00e7os de Infraestrutura (CI) aprovou nesta quarta-feira (3) projeto do senador Lucas Barreto (PSD-AP)\u00a0que federaliza\u00a0o trecho rodovi\u00e1rio ligando o munic\u00edpio Vit\u00f3ria do Jari (AP) ao entroncamento da rodovia BR-156. O parecer pela aprova\u00e7\u00e3o foi elaborado pelo senador\u00a0Wellington Fagundes (PL-MT) e lido ad hoc pelo senador Wilder Morais (PL-GO). Caso n\u00e3o haja recurso para vota\u00e7\u00e3o em Plen\u00e1rio, a mat\u00e9ria seguir\u00e1 para\u00a0aprecia\u00e7\u00e3o da C\u00e2mara dos Deputados.<\/p>\n<p>O PL 1.717\/2019 altera a rela\u00e7\u00e3o das rodovias do Sistema Rodovi\u00e1rio Federal para acrescentar a estrada, que seria chamada BR-431 segundo o texto original. No entanto, o relator apresentou uma emenda para\u00a0que o pr\u00f3prio Executivo defina a nomenclatura oficial do trecho,\u00a0tendo em vista que j\u00e1 existe uma rodovia em Roraima com esse nome. Tanto o nome oficial quanto o tra\u00e7ado definitivo da rodovia dever\u00e3o ser definidos pelo \u00f3rg\u00e3o competente.<\/p>\n<p>\u2014\u00a0Quanto ao texto proposto, tendo em vista que j\u00e1 existe uma rodovia de liga\u00e7\u00e3o no estado de Roraima com a nomenclatura proposta, considero desnecess\u00e1rio que o PL tenha que definir a nomenclatura oficial do trecho, o que caber\u00e1 aos \u00f3rg\u00e3os competentes nos termos da legisla\u00e7\u00e3o atual \u2014 observou Wilder.<\/p>\n<h2><strong>Entrave<\/strong><\/h2>\n<p>Para justificar a proposta de federaliza\u00e7\u00e3o,\u00a0Lucas Barreto argumentou que a falta de recursos para as obras necess\u00e1rias na rodovia prejudica o desenvolvimento da regi\u00e3o, que \u00e9 atendida somente por estradas em condi\u00e7\u00f5es prec\u00e1rias. Segundo o autor, isso dificulta o deslocamento da popula\u00e7\u00e3o para o trabalho e na busca de atendimento m\u00e9dico em outras localidades, principalmente no munic\u00edpio vizinho, Laranjal do Jari (AP).<\/p>\n<p>No parecer, o relator refor\u00e7ou que a inexist\u00eancia da liga\u00e7\u00e3o rodovi\u00e1ria prevista no projeto realmente restringe muito as possibilidades de deslocamento da popula\u00e7\u00e3o local e inibe o desenvolvimento da regi\u00e3o.<\/p>\n<p>The post <a rel=\"nofollow noopener\" href=\"https:\/\/www.infomoney.com.br\/politica\/federalizacao-de-rodovia-no-amapa-vai-a-camara\/\" target=\"_blank\">Federaliza\u00e7\u00e3o de rodovia no Amap\u00e1 vai \u00e0 C\u00e2mara<\/a> appeared first on <a rel=\"nofollow noopener\" href=\"https:\/\/www.infomoney.com.br\/\" target=\"_blank\">InfoMoney<\/a>.<\/p>\n","protected":false},"excerpt":{"rendered":"<p><img loading=\"lazy\" decoding=\"async\" width=\"300\" height=\"199\" src=\"https:\/\/www.infomoney.com.br\/wp-content\/uploads\/2023\/04\/fachada-senado_Foto-Leonardo-Sa-Agencia-Senado.jpg?fit=300%2C199&amp;quality=70&amp;strip=all\" class=\"attachment-medium size-medium wp-post-image\" alt=\"\" data-attachment-id=\"2107631\" data-permalink=\"https:\/\/www.infomoney.com.br\/minhas-financas\/desarquivada-no-senado-proposta-com-novas-regras-para-o-seguro-e-criticada-por-representantes-do-setor\/attachment\/fachada-senado_foto-leonardo-sa-agencia-senado\/\" data-orig-file=\"https:\/\/www.infomoney.com.br\/wp-content\/uploads\/2023\/04\/fachada-senado_Foto-Leonardo-Sa-Agencia-Senado.jpg?fit=2047%2C1357&amp;quality=70&amp;strip=all\" data-orig-size=\"2047,1357\" data-comments-opened=\"0\" data-image-meta='{\"aperture\":\"0\",\"credit\":\"Leonardo S\\u00e1\\\/Ag\\u00eancia Senado\",\"camera\":\"\",\"caption\":\"\",\"created_timestamp\":\"0\",\"copyright\":\"Senado Federal do Brasil\",\"focal_length\":\"0\",\"iso\":\"0\",\"shutter_speed\":\"0\",\"title\":\"\",\"orientation\":\"0\"}' data-image-title=\"Fachada do Congresso (Foto: Leonardo S\u00e1\/Ag\u00eancia Senado)\" data-image-description=\"\" data-image-caption=\"\" data-medium-file=\"https:\/\/www.infomoney.com.br\/wp-content\/uploads\/2023\/04\/fachada-senado_Foto-Leonardo-Sa-Agencia-Senado.jpg?fit=300%2C199&amp;quality=70&amp;strip=all\" data-large-file=\"https:\/\/www.infomoney.com.br\/wp-content\/uploads\/2023\/04\/fachada-senado_Foto-Leonardo-Sa-Agencia-Senado.jpg?fit=1280%2C849&amp;quality=70&amp;strip=all\">Trecho rodovi\u00e1rio liga o munic\u00edpio Vit\u00f3ria do Jari ao entroncamento da rodovia BR-156<\/p>\n<p>The post <a rel=\"nofollow\" href=\"https:\/\/www.infomoney.com.br\/politica\/federalizacao-de-rodovia-no-amapa-vai-a-camara\/\">Federaliza\u00e7\u00e3o de rodovia no Amap\u00e1 vai \u00e0 C\u00e2mara<\/a> appeared first on <a rel=\"nofollow\" href=\"https:\/\/www.infomoney.com.br\/\">InfoMoney<\/a>.<\/p>\n","protected":false},"author":47,"featured_media":0,"comment_status":"closed","ping_status":"closed","sticky":false,"template":"","format":"standard","meta":{"advgb_blocks_editor_width":"","advgb_blocks_columns_visual_guide":"","footnotes":""},"categories":[2163,34,47,1283],"tags":[35],"class_list":["post-14749","post","type-post","status-publish","format-standard","hentry","category-amapa","category-g1","category-politica","category-rodovias","tag-g1"],"author_meta":{"display_name":"luispereira","author_link":"https:\/\/sindaopcpb.org.br\/author\/luispereira\/"},"featured_img":null,"coauthors":[],"tax_additional":{"categories":{"linked":["<a href=\"https:\/\/sindaopcpb.org.br\/amapa\/\" class=\"advgb-post-tax-term\">Amap\u00e1<\/a>","<a href=\"https:\/\/sindaopcpb.org.br\/g1\/\" class=\"advgb-post-tax-term\">G1<\/a>","<a href=\"https:\/\/sindaopcpb.org.br\/politica\/\" class=\"advgb-post-tax-term\">POLITICA<\/a>","<a href=\"https:\/\/sindaopcpb.org.br\/rodovias\/\" class=\"advgb-post-tax-term\">Rodovias<\/a>"],"unlinked":["<span class=\"advgb-post-tax-term\">Amap\u00e1<\/span>","<span class=\"advgb-post-tax-term\">G1<\/span>","<span class=\"advgb-post-tax-term\">POLITICA<\/span>","<span class=\"advgb-post-tax-term\">Rodovias<\/span>"]},"tags":{"linked":["<a href=\"https:\/\/sindaopcpb.org.br\/rodovias\/\" class=\"advgb-post-tax-term\">g1<\/a>"],"unlinked":["<span class=\"advgb-post-tax-term\">g1<\/span>"]}},"comment_count":"0","relative_dates":{"created":"Publicado 3 anos atr\u00e1s","modified":"Atualizado 3 anos atr\u00e1s"},"absolute_dates":{"created":"Publicado em 3 de maio de 2023","modified":"Atualizado em 3 de maio de 2023"},"absolute_dates_time":{"created":"Publicado em 3 de maio de 2023 12:05","modified":"Atualizado em 3 de maio de 2023 12:05"},"featured_img_caption":"","series_order":"","_links":{"self":[{"href":"https:\/\/sindaopcpb.org.br\/index.php\/wp-json\/wp\/v2\/posts\/14749","targetHints":{"allow":["GET"]}}],"collection":[{"href":"https:\/\/sindaopcpb.org.br\/index.php\/wp-json\/wp\/v2\/posts"}],"about":[{"href":"https:\/\/sindaopcpb.org.br\/index.php\/wp-json\/wp\/v2\/types\/post"}],"author":[{"embeddable":true,"href":"https:\/\/sindaopcpb.org.br\/index.php\/wp-json\/wp\/v2\/users\/47"}],"replies":[{"embeddable":true,"href":"https:\/\/sindaopcpb.org.br\/index.php\/wp-json\/wp\/v2\/comments?post=14749"}],"version-history":[{"count":1,"href":"https:\/\/sindaopcpb.org.br\/index.php\/wp-json\/wp\/v2\/posts\/14749\/revisions"}],"predecessor-version":[{"id":14750,"href":"https:\/\/sindaopcpb.org.br\/index.php\/wp-json\/wp\/v2\/posts\/14749\/revisions\/14750"}],"wp:attachment":[{"href":"https:\/\/sindaopcpb.org.br\/index.php\/wp-json\/wp\/v2\/media?parent=14749"}],"wp:term":[{"taxonomy":"category","embeddable":true,"href":"https:\/\/sindaopcpb.org.br\/index.php\/wp-json\/wp\/v2\/categories?post=14749"},{"taxonomy":"post_tag","embeddable":true,"href":"https:\/\/sindaopcpb.org.br\/index.php\/wp-json\/wp\/v2\/tags?post=14749"}],"curies":[{"name":"wp","href":"https:\/\/api.w.org\/{rel}","templated":true}]}}