{"id":14747,"date":"2023-05-03T12:22:06","date_gmt":"2023-05-03T15:22:06","guid":{"rendered":"https:\/\/www.infomoney.com.br\/?p=2123138"},"modified":"2023-05-03T12:22:06","modified_gmt":"2023-05-03T15:22:06","slug":"quais-os-impactos-da-acao-da-pf-contra-bolsonaro-analistas-projetam-cenarios-para-governo-e-oposicao","status":"publish","type":"post","link":"https:\/\/sindaopcpb.org.br\/index.php\/2023\/05\/03\/quais-os-impactos-da-acao-da-pf-contra-bolsonaro-analistas-projetam-cenarios-para-governo-e-oposicao\/","title":{"rendered":"Quais os impactos da a\u00e7\u00e3o da PF contra Bolsonaro? Analistas projetam cen\u00e1rios para governo e oposi\u00e7\u00e3o"},"content":{"rendered":"<p><img loading=\"lazy\" width=\"300\" height=\"211\" src=\"https:\/\/www.infomoney.com.br\/wp-content\/uploads\/2023\/03\/MicrosoftTeams-image-27.jpg?fit=300%2C211&amp;quality=70&amp;strip=all\" class=\"attachment-medium size-medium wp-post-image\" alt=\"Jair Bolsonaro\" decoding=\"async\" style=\"float:right; margin:0 0 10px 10px;\" srcset=\"https:\/\/www.infomoney.com.br\/wp-content\/uploads\/2023\/03\/MicrosoftTeams-image-27.jpg?w=1024&amp;quality=70&amp;strip=all 1024w, https:\/\/www.infomoney.com.br\/wp-content\/uploads\/2023\/03\/MicrosoftTeams-image-27.jpg?w=300&amp;quality=70&amp;strip=all 300w, https:\/\/www.infomoney.com.br\/wp-content\/uploads\/2023\/03\/MicrosoftTeams-image-27.jpg?w=768&amp;quality=70&amp;strip=all 768w, https:\/\/www.infomoney.com.br\/wp-content\/uploads\/2023\/03\/MicrosoftTeams-image-27.jpg?w=150&amp;quality=70&amp;strip=all 150w\" sizes=\"auto, (max-width: 300px) 100vw, 300px\" data-attachment-id=\"2095952\" data-permalink=\"https:\/\/www.infomoney.com.br\/microsoftteams-image-27\/\" data-orig-file=\"https:\/\/www.infomoney.com.br\/wp-content\/uploads\/2023\/03\/MicrosoftTeams-image-27.jpg?fit=1024%2C720&amp;quality=70&amp;strip=all\" data-orig-size=\"1024,720\" data-comments-opened=\"0\" data-image-meta=\"{&quot;aperture&quot;:&quot;0&quot;,&quot;credit&quot;:&quot;&quot;,&quot;camera&quot;:&quot;&quot;,&quot;caption&quot;:&quot;&quot;,&quot;created_timestamp&quot;:&quot;0&quot;,&quot;copyright&quot;:&quot;&quot;,&quot;focal_length&quot;:&quot;0&quot;,&quot;iso&quot;:&quot;0&quot;,&quot;shutter_speed&quot;:&quot;0&quot;,&quot;title&quot;:&quot;&quot;,&quot;orientation&quot;:&quot;1&quot;}\" data-image-title=\"Jair Bolsonaro\" data-image-description=\"&lt;p&gt;Jair Bolsonaro&lt;\/p&gt;\n\" data-image-caption=\"&lt;p&gt;(Reuters\/Ton Molina)&lt;\/p&gt;\n\" data-medium-file=\"https:\/\/www.infomoney.com.br\/wp-content\/uploads\/2023\/03\/MicrosoftTeams-image-27.jpg?fit=300%2C211&amp;quality=70&amp;strip=all\" data-large-file=\"https:\/\/www.infomoney.com.br\/wp-content\/uploads\/2023\/03\/MicrosoftTeams-image-27.jpg?fit=1024%2C720&amp;quality=70&amp;strip=all\" title=\"\"><\/p>\n<p>A opera\u00e7\u00e3o &#8220;Venire&#8221;, deflagrada pela Pol\u00edcia Federal nesta quarta-feira (3) para apurar suposta fraude envolvendo o ex-presidente Jair Bolsonaro (PL) em dados de vacina\u00e7\u00e3o contra a Covid-19, repercutiu no meio pol\u00edtico, mas ainda gera d\u00favidas de especialistas quanto a poss\u00edveis impactos sobre os trabalhos no Congresso Nacional e a agenda de interesse do governo do presidente Luiz In\u00e1cio Lula da Silva (PT).<\/p>\n<p>Analistas pol\u00edticos consultados pelo <strong>InfoMoney<\/strong> se dividem sobre o que esperar para os pr\u00f3ximos dias na pauta legislativa ap\u00f3s o epis\u00f3dio. De um lado, h\u00e1 a leitura de que o caso tende a acirrar ainda mais o clima polarizado que se via no parlamento em meio ao debate do PL das Fake News. De outro, existe a compreens\u00e3o de que assuntos econ\u00f4micos, sobretudo o novo arcabou\u00e7o fiscal, t\u00eam cont\u00e1gio limitado ou at\u00e9 podem se beneficiar em caso de eventual desestrutura\u00e7\u00e3o da oposi\u00e7\u00e3o.<\/p>\n<p>Para M\u00e1rio S\u00e9rgio Lima, analista s\u00eanior de pol\u00edtica e macroeconomia para o Brasil da consultoria Medley Global Advisors, ainda \u00e9 cedo estimar os impactos da opera\u00e7\u00e3o, tendo em vista a aus\u00eancia de detalhes das investiga\u00e7\u00f5es e com o mundo pol\u00edtico digerindo a not\u00edcia. De qualquer forma, o especialista levanta duas poss\u00edveis consequ\u00eancias sob a \u00f3tica da pauta de interesse do governo Lula.<\/p>\n<p>&#8220;Ainda que Bolsonaro seja o l\u00edder da oposi\u00e7\u00e3o, de alguma forma esse cerco formado sobre ele pode enfraquecer essa sua pr\u00f3pria posi\u00e7\u00e3o e criar um momento de reorganiza\u00e7\u00e3o de for\u00e7as na direita, que, em tese, poderia favorecer o governo para avan\u00e7ar a agenda&#8221;, pontua.<\/p>\n<p>&#8220;Mas, de uma forma geral, o que estamos vendo (CPI dos atos golpistas, PL das Fake News e esse cerco a Bolsonaro) s\u00e3o fatores que roubam f\u00f4lego da agenda. Somado a um governo que ainda n\u00e3o conseguiu tomar totalmente o p\u00e9 do Congresso \u2013 ou seja, formar uma base que garanta a sustenta\u00e7\u00e3o das pautas \u2013, a tend\u00eancia, sim, \u00e9 que atrapalhe&#8221;, pondera.<\/p>\n<p>Sua aposta \u00e9 que, em alguma medida, o cerco a Bolsonaro tende a atrapalhar a agenda de Lula por criar um novo ru\u00eddo pol\u00edtico que disputa a aten\u00e7\u00e3o de parlamentares com outras agendas.<\/p>\n<p>&#8220;Pode ser que seja menos grave, mas \u00e9 uma s\u00e9rie de fatores que roubam a agenda de um governo que ainda n\u00e3o conseguiu impor sua pr\u00f3pria pauta no Congresso. A cada ru\u00eddo que surge, a tend\u00eancia \u00e9 que piore o clima para a vota\u00e7\u00e3o de medidas&#8221;, diz.<\/p>\n<p>J\u00e1 Rafael Cortez, s\u00f3cio da Tend\u00eancias Consultoria Integrada e professor do IDP (Instituto Brasiliense de Direito P\u00fablico), acredita que a pauta econ\u00f4mica, sobretudo o arcabou\u00e7o fiscal, traz uma estrutura de incentivos diversos para os parlamentares, que reduzem o potencial de cont\u00e1gio.<\/p>\n<p>&#8220;O jogo do marco fiscal \u00e9 um jogo em que os incentivos para ser contra s\u00e3o menores, porque a vota\u00e7\u00e3o est\u00e1 associada \u00e0 redu\u00e7\u00e3o da taxa de juros. Do ponto de vista pol\u00edtico, houve um efeito positivo da politiza\u00e7\u00e3o da taxa de juros promovida por Lula, muito embora tenha trazido seus custos de reputa\u00e7\u00e3o e ru\u00eddos na precifica\u00e7\u00e3o dos ativos brasileiros&#8221;, afirma.<\/p>\n<p>Considerando o perfil mais \u00e0 direita do Congresso Nacional na atual legislatura, o especialista percebe fatores de constrangimento maiores para uma oposi\u00e7\u00e3o ao marco fiscal e acredita que existe a possibilidade de o texto encaminhado pelo Poder Executivo ser endurecido pelos parlamentares.<\/p>\n<p>Para Cortez, as li\u00e7\u00f5es observadas durante o pol\u00eamico debate do PL das Fake News, que teve vota\u00e7\u00e3o adiada ontem (2) em meio \u00e0s dificuldades de se construir um acordo em torno do texto, podem ser mais importantes para a tramita\u00e7\u00e3o de temas como a reforma tribut\u00e1ria, que divide as prefer\u00eancias de setores econ\u00f4micos e, por se tratar de Proposta de Emenda \u00e0 Constitui\u00e7\u00e3o (PEC), exige apoio m\u00ednimo de 3\/5 de deputados e senadores em dois turnos de vota\u00e7\u00e3o em cada uma das casas legislativas.<\/p>\n<p>O analista pol\u00edtico Carlos Eduardo Borenstein, da consultoria Arko Advice, tamb\u00e9m v\u00ea impactos limitados do epis\u00f3dio sobre pautas como o arcabou\u00e7o fiscal. Para ele, embora o projeto de lei complementar entregue por Lula h\u00e1 duas semanas sofra cr\u00edticas \u00e0 direita e \u00e0 esquerda, h\u00e1 certo consenso em torno da necessidade de aprova\u00e7\u00e3o de um novo marco para substituir o teto de gastos.<\/p>\n<p>&#8220;Isso acaba prevalecendo sobre a disputa pol\u00edtica e a polariza\u00e7\u00e3o muito sedimentada&#8221;, diz. &#8220;Mesmo no PL <em>(sigla do ex-presidente Bolsonaro)<\/em>, h\u00e1 certa divis\u00e3o. Nem todo mundo \u00e9 bolsonarista raiz. N\u00e3o \u00e9 esse caso de Bolsonaro que vai fazer a agenda do Congresso parar&#8221;.<\/p>\n<p>&#8220;O caso envolve Bolsonaro e seu n\u00facleo duro. Pensando sob o ponto de vista da opini\u00e3o p\u00fablica, trata-se de tema velho. Bolsonaro perdeu a elei\u00e7\u00e3o, \u00e9 ex-presidente e n\u00e3o \u00e9 tema central para a opini\u00e3o p\u00fablica quando se compara \u00e0 Economia&#8221;, destaca.<\/p>\n<p>Para ele, o cerco recente a Bolsonaro pode trazer consequ\u00eancias para a din\u00e2mica de for\u00e7as no campo da oposi\u00e7\u00e3o, principalmente quando se considera o risco de o Tribunal Superior Eleitoral (TSE) torn\u00e1-lo ineleg\u00edvel em uma das 16 a\u00e7\u00f5es em tramita\u00e7\u00e3o na Corte.<\/p>\n<p>&#8220;Apesar de Bolsonaro ter um n\u00facleo duro de apoio, ele tamb\u00e9m, em fun\u00e7\u00e3o dessas investiga\u00e7\u00f5es, passa a ter um desgaste adicional e a alimentar a narrativa sobre uma eventual inelegibilidade \u2013 o que pode trazer consequ\u00eancias para o campo da direita, principalmente num momento em que h\u00e1 nomes como dos governadores Tarc\u00edsio <em>[de Freitas]<\/em> e <em>[Romeu]<\/em> Zema come\u00e7ando a ter destaque&#8221;, diz.<\/p>\n<p><strong>Veja mais sobre a repercuss\u00e3o no Radar InfoMoney desta quarta-feira (3):<\/strong><\/p>\n<p><iframe loading=\"lazy\" class=\"youtube-player\" width=\"640\" height=\"360\" src=\"https:\/\/www.youtube.com\/embed\/iYge9ciPYl8?version=3&#038;rel=1&#038;%23038;showsearch=0&#038;%23038;showinfo=1&#038;%23038;iv_load_policy=1&#038;%23038;fs=1&#038;%23038;hl=pt-BR&#038;%23038;autohide=2&#038;%23038;wmode=transparent\" allowfullscreen=\"true\" style=\"border:0;\" sandbox=\"allow-scripts allow-same-origin allow-popups allow-presentation\"><\/iframe><\/p>\n<p>The post <a rel=\"nofollow noopener\" href=\"https:\/\/www.infomoney.com.br\/politica\/quais-os-impactos-da-acao-da-pf-contra-bolsonaro-analistas-projetam-cenarios-para-governo-e-oposicao\/\" target=\"_blank\">Quais os impactos da a\u00e7\u00e3o da PF contra Bolsonaro? Analistas projetam cen\u00e1rios para governo e oposi\u00e7\u00e3o<\/a> appeared first on <a rel=\"nofollow noopener\" href=\"https:\/\/www.infomoney.com.br\/\" target=\"_blank\">InfoMoney<\/a>.<\/p>\n","protected":false},"excerpt":{"rendered":"<p><img loading=\"lazy\" decoding=\"async\" width=\"300\" height=\"211\" src=\"https:\/\/www.infomoney.com.br\/wp-content\/uploads\/2023\/03\/MicrosoftTeams-image-27.jpg?fit=300%2C211&amp;quality=70&amp;strip=all\" class=\"attachment-medium size-medium wp-post-image\" alt=\"Jair Bolsonaro\" data-attachment-id=\"2095952\" data-permalink=\"https:\/\/www.infomoney.com.br\/microsoftteams-image-27\/\" data-orig-file=\"https:\/\/www.infomoney.com.br\/wp-content\/uploads\/2023\/03\/MicrosoftTeams-image-27.jpg?fit=1024%2C720&amp;quality=70&amp;strip=all\" data-orig-size=\"1024,720\" data-comments-opened=\"0\" data-image-meta='{\"aperture\":\"0\",\"credit\":\"\",\"camera\":\"\",\"caption\":\"\",\"created_timestamp\":\"0\",\"copyright\":\"\",\"focal_length\":\"0\",\"iso\":\"0\",\"shutter_speed\":\"0\",\"title\":\"\",\"orientation\":\"1\"}' data-image-title=\"Jair Bolsonaro\" data-image-description=\"&lt;p&gt;Jair Bolsonaro&lt;\/p&gt;\n\" data-image-caption=\"&lt;p&gt;(Reuters\/Ton Molina)&lt;\/p&gt;\n\" data-medium-file=\"https:\/\/www.infomoney.com.br\/wp-content\/uploads\/2023\/03\/MicrosoftTeams-image-27.jpg?fit=300%2C211&amp;quality=70&amp;strip=all\" data-large-file=\"https:\/\/www.infomoney.com.br\/wp-content\/uploads\/2023\/03\/MicrosoftTeams-image-27.jpg?fit=1024%2C720&amp;quality=70&amp;strip=all\">Especialistas consultados pelo InfoMoney se dividem sobre o que esperar para os pr\u00f3ximos dias na pauta legislativa ap\u00f3s o epis\u00f3dio<\/p>\n<p>The post <a rel=\"nofollow\" href=\"https:\/\/www.infomoney.com.br\/politica\/quais-os-impactos-da-acao-da-pf-contra-bolsonaro-analistas-projetam-cenarios-para-governo-e-oposicao\/\">Quais os impactos da a\u00e7\u00e3o da PF contra Bolsonaro? Analistas projetam cen\u00e1rios para governo e oposi\u00e7\u00e3o<\/a> appeared first on <a rel=\"nofollow\" href=\"https:\/\/www.infomoney.com.br\/\">InfoMoney<\/a>.<\/p>\n","protected":false},"author":52,"featured_media":0,"comment_status":"closed","ping_status":"closed","sticky":false,"template":"","format":"standard","meta":{"advgb_blocks_editor_width":"","advgb_blocks_columns_visual_guide":"","footnotes":""},"categories":[108,34,1307,135,129,768,47],"tags":[35],"class_list":["post-14747","post","type-post","status-publish","format-standard","hentry","category-arcabouco-fiscal","category-g1","category-investigacao","category-jair-bolsonaro","category-luiz-inacio-lula-da-silva","category-policia-federal","category-politica","tag-g1"],"author_meta":{"display_name":"Marcos Mortari","author_link":"https:\/\/sindaopcpb.org.br\/author\/marcos-mortari\/"},"featured_img":null,"coauthors":[],"tax_additional":{"categories":{"linked":["<a href=\"https:\/\/sindaopcpb.org.br\/arcabouco-fiscal\/\" class=\"advgb-post-tax-term\">Arcabou\u00e7o Fiscal<\/a>","<a href=\"https:\/\/sindaopcpb.org.br\/g1\/\" class=\"advgb-post-tax-term\">G1<\/a>","<a href=\"https:\/\/sindaopcpb.org.br\/investigacao\/\" class=\"advgb-post-tax-term\">investiga\u00e7\u00e3o<\/a>","<a href=\"https:\/\/sindaopcpb.org.br\/jair-bolsonaro\/\" class=\"advgb-post-tax-term\">Jair Bolsonaro<\/a>","<a href=\"https:\/\/sindaopcpb.org.br\/luiz-inacio-lula-da-silva\/\" class=\"advgb-post-tax-term\">Luiz In\u00e1cio Lula da Silva<\/a>","<a href=\"https:\/\/sindaopcpb.org.br\/policia-federal\/\" class=\"advgb-post-tax-term\">Policia Federal<\/a>","<a href=\"https:\/\/sindaopcpb.org.br\/politica\/\" class=\"advgb-post-tax-term\">POLITICA<\/a>"],"unlinked":["<span class=\"advgb-post-tax-term\">Arcabou\u00e7o Fiscal<\/span>","<span class=\"advgb-post-tax-term\">G1<\/span>","<span class=\"advgb-post-tax-term\">investiga\u00e7\u00e3o<\/span>","<span class=\"advgb-post-tax-term\">Jair Bolsonaro<\/span>","<span class=\"advgb-post-tax-term\">Luiz In\u00e1cio Lula da Silva<\/span>","<span class=\"advgb-post-tax-term\">Policia Federal<\/span>","<span class=\"advgb-post-tax-term\">POLITICA<\/span>"]},"tags":{"linked":["<a href=\"https:\/\/sindaopcpb.org.br\/politica\/\" class=\"advgb-post-tax-term\">g1<\/a>"],"unlinked":["<span class=\"advgb-post-tax-term\">g1<\/span>"]}},"comment_count":"0","relative_dates":{"created":"Publicado 3 anos atr\u00e1s","modified":"Atualizado 3 anos atr\u00e1s"},"absolute_dates":{"created":"Publicado em 3 de maio de 2023","modified":"Atualizado em 3 de maio de 2023"},"absolute_dates_time":{"created":"Publicado em 3 de maio de 2023 12:22","modified":"Atualizado em 3 de maio de 2023 12:22"},"featured_img_caption":"","series_order":"","_links":{"self":[{"href":"https:\/\/sindaopcpb.org.br\/index.php\/wp-json\/wp\/v2\/posts\/14747","targetHints":{"allow":["GET"]}}],"collection":[{"href":"https:\/\/sindaopcpb.org.br\/index.php\/wp-json\/wp\/v2\/posts"}],"about":[{"href":"https:\/\/sindaopcpb.org.br\/index.php\/wp-json\/wp\/v2\/types\/post"}],"author":[{"embeddable":true,"href":"https:\/\/sindaopcpb.org.br\/index.php\/wp-json\/wp\/v2\/users\/52"}],"replies":[{"embeddable":true,"href":"https:\/\/sindaopcpb.org.br\/index.php\/wp-json\/wp\/v2\/comments?post=14747"}],"version-history":[{"count":1,"href":"https:\/\/sindaopcpb.org.br\/index.php\/wp-json\/wp\/v2\/posts\/14747\/revisions"}],"predecessor-version":[{"id":14748,"href":"https:\/\/sindaopcpb.org.br\/index.php\/wp-json\/wp\/v2\/posts\/14747\/revisions\/14748"}],"wp:attachment":[{"href":"https:\/\/sindaopcpb.org.br\/index.php\/wp-json\/wp\/v2\/media?parent=14747"}],"wp:term":[{"taxonomy":"category","embeddable":true,"href":"https:\/\/sindaopcpb.org.br\/index.php\/wp-json\/wp\/v2\/categories?post=14747"},{"taxonomy":"post_tag","embeddable":true,"href":"https:\/\/sindaopcpb.org.br\/index.php\/wp-json\/wp\/v2\/tags?post=14747"}],"curies":[{"name":"wp","href":"https:\/\/api.w.org\/{rel}","templated":true}]}}