{"id":14601,"date":"2023-05-02T12:52:38","date_gmt":"2023-05-02T15:52:38","guid":{"rendered":"https:\/\/g1.globo.com\/pb\/paraiba\/noticia\/2023\/05\/02\/prf-registra-30-acidentes-em-rodovias-da-paraiba-durante-feriadao-do-dia-do-trabalhador.ghtml"},"modified":"2023-05-02T12:52:38","modified_gmt":"2023-05-02T15:52:38","slug":"prf-registra-30-acidentes-em-rodovias-da-paraiba-durante-feriadao-do-dia-do-trabalhador","status":"publish","type":"post","link":"https:\/\/sindaopcpb.org.br\/index.php\/2023\/05\/02\/prf-registra-30-acidentes-em-rodovias-da-paraiba-durante-feriadao-do-dia-do-trabalhador\/","title":{"rendered":"PRF registra 30 acidentes em rodovias da Para\u00edba durante feriad\u00e3o do Dia do Trabalhador"},"content":{"rendered":"   <img src=\"https:\/\/s2.glbimg.com\/IUUT0J_0dseac3dvqZ2h56yP_dI=\/i.s3.glbimg.com\/v1\/AUTH_59edd422c0c84a879bd37670ae4f538a\/internal_photos\/bs\/2022\/g\/F\/5q7SivThOlYmbn8tKdLA\/prf.jpeg\" \/><br \/>     Nos acidentes registrados em rodovias paraibanas, pelo menos 30 pessoas ficaram feridas e uma morreu. Pol\u00edcia Rodovi\u00e1ria Federal da Para\u00edba (PRF-PB)\nPRF-PB\/Divulga\u00e7\u00e3o\nPelo menos 30 acidentes foram registrados na Para\u00edba no feriad\u00e3o do Dia do Trabalhador. A opera\u00e7\u00e3o realizada pela Pol\u00edcia Rodovi\u00e1ria Federal (PRF) entre a sexta-feira (28) e segunda (1\u00ba) registrou trinta pessoas feridas e uma morta nas rodovias do estado.\nAo todo foram registradas 846 infra\u00e7\u00f5es de tr\u00e2nsito durante o per\u00edodo da opera\u00e7\u00e3o. Desse total, chamou aten\u00e7\u00e3o o n\u00famero de pessoas flagradas sem utilizar equipamentos de seguran\u00e7a, sendo 63 infra\u00e7\u00f5es relacionadas a aus\u00eancia do uso do cinto de seguran\u00e7a e 60 pessoas sem capacete. Al\u00e9m disso, 18 pessoas foram flagradas dirigindo sob o efeito de \u00e1lcool. Essas condutas colocam em risco n\u00e3o apenas os ocupantes do ve\u00edculo, mas todos os demais usu\u00e1rios da rodovia.\nForam fiscalizados durante todo o per\u00edodo da opera\u00e7\u00e3o 2.024 pessoas e 1.496 ve\u00edculos, al\u00e9m da realiza\u00e7\u00e3o de 1.121 testes de alcoolemia. A fiscaliza\u00e7\u00e3o resultou em\u00a094 ve\u00edculos recolhidos por diversas irregularidades, e um ve\u00edculo com registro de roubo\/furto tamb\u00e9m foi recuperado.\u00a0\nAs a\u00e7\u00f5es de combate ao crime tamb\u00e9m foram intensificadas. Ao todo, 11 pessoas foram presas por crimes diversos. Em uma das ocorr\u00eancias, um homem de 35 anos, foi detido na \u00faltima sexta-feira(30), por agredir a esposa \u00e0s margens da rodovia na BR-230, no munic\u00edpio de Cruz do Esp\u00edrito Santo. Policiais realizavam fiscaliza\u00e7\u00e3o nas redondezas quando flagraram o indiv\u00edduo batendo na mulher. Ele foi detido e encaminhado para as autoridades cab\u00edveis onde poder\u00e1 ser aplicada a Lei Maria da Penha.\nO refor\u00e7o contou ainda com o aumento das a\u00e7\u00f5es e comandos educativos. Ao todo 733 pessoas foram alcan\u00e7adas pelas a\u00e7\u00f5es educativas realizadas em todo o estado a fim de conscientizar os usu\u00e1rios da rodovia do seu papel para a constru\u00e7\u00e3o de um tr\u00e2nsito seguro.\nV\u00eddeos mais assistidos da Para\u00edba  ","protected":false},"excerpt":{"rendered":"<p>        Nos acidentes registrados em rodovias paraibanas, pelo menos 30 pessoas ficaram feridas e uma morreu. Pol\u00edcia Rodovi\u00e1ria Federal da Para\u00edba (PRF-PB)<br \/>\nPRF-PB\/Divulga\u00e7\u00e3o<br \/>\nPelo menos 30 acidentes foram registrados na Para\u00edba no feriad\u00e3o do Dia do Tr&#8230;<\/p>\n","protected":false},"author":2,"featured_media":0,"comment_status":"closed","ping_status":"closed","sticky":false,"template":"","format":"standard","meta":{"advgb_blocks_editor_width":"","advgb_blocks_columns_visual_guide":"","footnotes":""},"categories":[34],"tags":[35],"class_list":["post-14601","post","type-post","status-publish","format-standard","hentry","category-g1","tag-g1"],"author_meta":{"display_name":"g1 &gt; Para\u00edba","author_link":"https:\/\/sindaopcpb.org.br\/author\/g1-paraiba\/"},"featured_img":null,"coauthors":[],"tax_additional":{"categories":{"linked":["<a href=\"https:\/\/sindaopcpb.org.br\/g1\/\" class=\"advgb-post-tax-term\">G1<\/a>"],"unlinked":["<span class=\"advgb-post-tax-term\">G1<\/span>"]},"tags":{"linked":["<a href=\"https:\/\/sindaopcpb.org.br\/g1\/\" class=\"advgb-post-tax-term\">g1<\/a>"],"unlinked":["<span class=\"advgb-post-tax-term\">g1<\/span>"]}},"comment_count":"0","relative_dates":{"created":"Publicado 3 anos atr\u00e1s","modified":"Atualizado 3 anos atr\u00e1s"},"absolute_dates":{"created":"Publicado em 2 de maio de 2023","modified":"Atualizado em 2 de maio de 2023"},"absolute_dates_time":{"created":"Publicado em 2 de maio de 2023 12:52","modified":"Atualizado em 2 de maio de 2023 12:52"},"featured_img_caption":"","series_order":"","_links":{"self":[{"href":"https:\/\/sindaopcpb.org.br\/index.php\/wp-json\/wp\/v2\/posts\/14601","targetHints":{"allow":["GET"]}}],"collection":[{"href":"https:\/\/sindaopcpb.org.br\/index.php\/wp-json\/wp\/v2\/posts"}],"about":[{"href":"https:\/\/sindaopcpb.org.br\/index.php\/wp-json\/wp\/v2\/types\/post"}],"author":[{"embeddable":true,"href":"https:\/\/sindaopcpb.org.br\/index.php\/wp-json\/wp\/v2\/users\/2"}],"replies":[{"embeddable":true,"href":"https:\/\/sindaopcpb.org.br\/index.php\/wp-json\/wp\/v2\/comments?post=14601"}],"version-history":[{"count":1,"href":"https:\/\/sindaopcpb.org.br\/index.php\/wp-json\/wp\/v2\/posts\/14601\/revisions"}],"predecessor-version":[{"id":14602,"href":"https:\/\/sindaopcpb.org.br\/index.php\/wp-json\/wp\/v2\/posts\/14601\/revisions\/14602"}],"wp:attachment":[{"href":"https:\/\/sindaopcpb.org.br\/index.php\/wp-json\/wp\/v2\/media?parent=14601"}],"wp:term":[{"taxonomy":"category","embeddable":true,"href":"https:\/\/sindaopcpb.org.br\/index.php\/wp-json\/wp\/v2\/categories?post=14601"},{"taxonomy":"post_tag","embeddable":true,"href":"https:\/\/sindaopcpb.org.br\/index.php\/wp-json\/wp\/v2\/tags?post=14601"}],"curies":[{"name":"wp","href":"https:\/\/api.w.org\/{rel}","templated":true}]}}