{"id":14504,"date":"2023-05-01T14:02:33","date_gmt":"2023-05-01T17:02:33","guid":{"rendered":"https:\/\/www.infomoney.com.br\/?p=2121360"},"modified":"2023-05-01T14:02:33","modified_gmt":"2023-05-01T17:02:33","slug":"r-1-320-novo-salario-minimo-entra-em-vigor-hoje","status":"publish","type":"post","link":"https:\/\/sindaopcpb.org.br\/index.php\/2023\/05\/01\/r-1-320-novo-salario-minimo-entra-em-vigor-hoje\/","title":{"rendered":"R$ 1.320: novo sal\u00e1rio m\u00ednimo entra em vigor hoje"},"content":{"rendered":"<p><img loading=\"lazy\" width=\"300\" height=\"179\" src=\"https:\/\/www.infomoney.com.br\/wp-content\/uploads\/2021\/11\/real_moeda_020120a84t47195205.jpg?fit=300%2C179&amp;quality=70&amp;strip=all\" class=\"attachment-medium size-medium wp-post-image\" alt=\"Moeda Nacional, Real, Dinheiro, notas de real, sal\u00e1rio\" decoding=\"async\" style=\"float:right; margin:0 0 10px 10px;\" srcset=\"https:\/\/www.infomoney.com.br\/wp-content\/uploads\/2021\/11\/real_moeda_020120a84t47195205.jpg?w=1170&amp;quality=70&amp;strip=all 1170w, https:\/\/www.infomoney.com.br\/wp-content\/uploads\/2021\/11\/real_moeda_020120a84t47195205.jpg?w=300&amp;quality=70&amp;strip=all 300w, https:\/\/www.infomoney.com.br\/wp-content\/uploads\/2021\/11\/real_moeda_020120a84t47195205.jpg?w=768&amp;quality=70&amp;strip=all 768w, https:\/\/www.infomoney.com.br\/wp-content\/uploads\/2021\/11\/real_moeda_020120a84t47195205.jpg?w=150&amp;quality=70&amp;strip=all 150w\" sizes=\"auto, (max-width: 300px) 100vw, 300px\" data-attachment-id=\"1731077\" data-permalink=\"https:\/\/www.infomoney.com.br\/minhas-financas\/pagamento-do-13o-salario-deve-injetar-r-233-bi-na-economia-diz-dieese\/attachment\/moeda-nacional-real-dinheiro-notas-de-real\/\" data-orig-file=\"https:\/\/www.infomoney.com.br\/wp-content\/uploads\/2021\/11\/real_moeda_020120a84t47195205.jpg?fit=1170%2C700&amp;quality=70&amp;strip=all\" data-orig-size=\"1170,700\" data-comments-opened=\"1\" data-image-meta=\"{&quot;aperture&quot;:&quot;4.5&quot;,&quot;credit&quot;:&quot;Marcello Casal JrAg\\u00eancia Brasil&quot;,&quot;camera&quot;:&quot;Canon EOS-1D X&quot;,&quot;caption&quot;:&quot;Moeda Nacional, Real, Dinheiro, notas de real&quot;,&quot;created_timestamp&quot;:&quot;1577987942&quot;,&quot;copyright&quot;:&quot;Ag\\u00eancia Brasil\\\/EBC&quot;,&quot;focal_length&quot;:&quot;70&quot;,&quot;iso&quot;:&quot;400&quot;,&quot;shutter_speed&quot;:&quot;0.0125&quot;,&quot;title&quot;:&quot;Moeda Nacional, Real, Dinheiro, notas de real&quot;,&quot;orientation&quot;:&quot;1&quot;}\" data-image-title=\"Moeda Nacional, Real, Dinheiro, notas de real\" data-image-description=\"\" data-image-caption=\"&lt;p&gt;Notas de Real (Marcelo Casal Jr \/ Agencia Brasil)&lt;\/p&gt;\n\" data-medium-file=\"https:\/\/www.infomoney.com.br\/wp-content\/uploads\/2021\/11\/real_moeda_020120a84t47195205.jpg?fit=300%2C179&amp;quality=70&amp;strip=all\" data-large-file=\"https:\/\/www.infomoney.com.br\/wp-content\/uploads\/2021\/11\/real_moeda_020120a84t47195205.jpg?fit=1170%2C700&amp;quality=70&amp;strip=all\" title=\"\"><\/p>\n<p>A partir desta segunda-feira (1\u00ba), o trabalhador que recebe sal\u00e1rio m\u00ednimo tem o segundo reajuste do ano. A remunera\u00e7\u00e3o mensal passou de R$ 1.302 para R$ 1.320. A medida provis\u00f3ria com o aumento foi publicada em edi\u00e7\u00e3o extra do Di\u00e1rio Oficial da Uni\u00e3o.<\/p>\n<p>O valor de R$ 1.320 originalmente estava previsto no Or\u00e7amento Geral da Uni\u00e3o de 2023. No entanto, foi adiado em quatro meses porque o sal\u00e1rio m\u00ednimo neste valor n\u00e3o permitiria pagar os benef\u00edcios do Instituto Nacional do Seguro Social (INSS) durante todo o ano.<\/p>\n<p>O aumento para R$ 1.320 ficou em discuss\u00e3o porque os R$ 6,8 bilh\u00f5es destinados pela Emenda Constitucional da Transi\u00e7\u00e3o se mostraram insuficientes para bancar o aumento dos benef\u00edcios do Instituto Nacional do Seguro Social (INSS) atrelados ao sal\u00e1rio m\u00ednimo. Isso porque a forte concess\u00e3o de aposentadorias e pens\u00f5es no segundo semestre do ano passado criou impacto maior que o estimado para os gastos do INSS neste ano.<\/p>\n<p>De acordo com o Minist\u00e9rio da Fazenda, al\u00e9m dos R$ 6,8 bilh\u00f5es, o governo precisaria de R$ 7,7 bilh\u00f5es para bancar o aumento do sal\u00e1rio m\u00ednimo para R$ 1.320 ainda em janeiro. Inicialmente, a equipe econ\u00f4mica queria adiar o reajuste para 2024, mas o governo conseguiu encontrar recursos para o novo aumento do m\u00ednimo. O dinheiro veio do recadastramento do Bolsa Fam\u00edlia, que eliminou 1,2 milh\u00e3o de benefici\u00e1rios em situa\u00e7\u00e3o irregular apenas em abril.<\/p>\n<p>\u201cO relator [do Or\u00e7amento], depois que o projeto foi encaminhado ao governo federal, refor\u00e7ou o or\u00e7amento do Minist\u00e9rio da Previd\u00eancia em R$ 6,8 bilh\u00f5es. S\u00f3 que esse recurso foi consumido pelo andar da fila do INSS [redu\u00e7\u00e3o da fila de pedidos]. A partir do in\u00edcio do processo eleitoral, a fila come\u00e7ou a andar\u201d, disse o ministro da Fazenda, Fernando Haddad, em janeiro.<\/p>\n<p>Segundo o ministro, a acelera\u00e7\u00e3o da inclus\u00e3o de aposentadorias e pens\u00f5es consumiu os R$ 6,8 bilh\u00f5es. \u201cPedimos para a Previd\u00eancia refazer os c\u00e1lculos, para repassar na mesa de negocia\u00e7\u00e3o que ser\u00e1 aberta com os sindicatos. O presidente cumpre a palavra este m\u00eas e cumprir\u00e1 a palavra este ano [sobre a valoriza\u00e7\u00e3o do sal\u00e1rio m\u00ednimo acima da infla\u00e7\u00e3o]\u201d, acrescentou o ministro na ocasi\u00e3o.<\/p>\n<h2>Projeto<\/h2>\n<p>Ap\u00f3s os dois reajustes deste ano, um em janeiro e outro agora em maio, o governo busca discutir uma pol\u00edtica de valoriza\u00e7\u00e3o permanente do sal\u00e1rio m\u00ednimo a partir de 2024. Na \u00faltima sexta-feira (28), o ministro do Trabalho e Emprego, Luiz Marinho, informou que o governo em breve enviar\u00e1 um projeto de lei que retoma a f\u00f3rmula que vigorou de 2012 at\u00e9 2019.<\/p>\n<p>Pela pol\u00edtica anterior, o sal\u00e1rio m\u00ednimo era corrigido pela infla\u00e7\u00e3o do ano anterior pelo \u00cdndice Nacional de Pre\u00e7os ao Consumidor (INPC) e o crescimento do Produto Interno Bruto (PIB) de dois anos antes.<\/p>\n<p>Caso o PIB encolha, haver\u00e1 apenas a reposi\u00e7\u00e3o pela infla\u00e7\u00e3o. O Minist\u00e9rio da Fazenda defendia outra f\u00f3rmula, que incluiria a varia\u00e7\u00e3o do PIB per capita e teria impacto menor no Or\u00e7amento, mas foi vencido.<\/p>\n<div class=\"infomoney-related-posts\">\n<h4>Leia tamb\u00e9m<\/h4>\n<div class=\"list\">\n<div class=\"row mx-0 item\">\n<div class=\"img-container\">\n<figure><img decoding=\"async\" class=\"img-fluid img-fluid\" src=\"https:\/\/www.infomoney.com.br\/wp-content\/uploads\/2023\/01\/Lula2-e1678293699367.jpg?quality=70&#038;w=150&#038;%23038;h=150&#038;%23038;crop=1&#038;%23038;strip=all\" data-recalc-dims=\"1\" alt=\"\" title=\"\"><\/figure>\n<\/div>\n<div class=\"info\"><span class=\"hl-hat\">Dia do Trabalhador<\/span><span class=\"hl-title\"><a href=\"https:\/\/www.infomoney.com.br\/minhas-financas\/lula-confirma-em-pronunciamento-na-tv-isencao-do-imposto-de-renda-e-elevacao-do-salario-minimo\/\" rel=\"nofollow noopener\" target=\"_blank\">Lula confirma, em pronunciamento na TV, isen\u00e7\u00e3o do Imposto de Renda e eleva\u00e7\u00e3o do sal\u00e1rio m\u00ednimo<\/a><\/span><span class=\"hl-description\">Presidente prometeu, at\u00e9 2026, aprovar isen\u00e7\u00e3o do IR para quem ganha at\u00e9 R$ 5 mil<\/span><\/div>\n<\/div>\n<\/div>\n<\/div>\n<p>The post <a rel=\"nofollow noopener\" href=\"https:\/\/www.infomoney.com.br\/minhas-financas\/r-1-320-novo-salario-minimo-entra-em-vigor-hoje\/\" target=\"_blank\">R$ 1.320: novo sal\u00e1rio m\u00ednimo entra em vigor hoje<\/a> appeared first on <a rel=\"nofollow noopener\" href=\"https:\/\/www.infomoney.com.br\/\" target=\"_blank\">InfoMoney<\/a>.<\/p>\n","protected":false},"excerpt":{"rendered":"<p><img loading=\"lazy\" decoding=\"async\" width=\"300\" height=\"179\" src=\"https:\/\/www.infomoney.com.br\/wp-content\/uploads\/2021\/11\/real_moeda_020120a84t47195205.jpg?fit=300%2C179&amp;quality=70&amp;strip=all\" class=\"attachment-medium size-medium wp-post-image\" alt=\"Moeda Nacional, Real, Dinheiro, notas de real, sal\u00e1rio\" data-attachment-id=\"1731077\" data-permalink=\"https:\/\/www.infomoney.com.br\/minhas-financas\/pagamento-do-13o-salario-deve-injetar-r-233-bi-na-economia-diz-dieese\/attachment\/moeda-nacional-real-dinheiro-notas-de-real\/\" data-orig-file=\"https:\/\/www.infomoney.com.br\/wp-content\/uploads\/2021\/11\/real_moeda_020120a84t47195205.jpg?fit=1170%2C700&amp;quality=70&amp;strip=all\" data-orig-size=\"1170,700\" data-comments-opened=\"1\" data-image-meta='{\"aperture\":\"4.5\",\"credit\":\"Marcello Casal JrAg\\u00eancia Brasil\",\"camera\":\"Canon EOS-1D X\",\"caption\":\"Moeda Nacional, Real, Dinheiro, notas de real\",\"created_timestamp\":\"1577987942\",\"copyright\":\"Ag\\u00eancia Brasil\\\/EBC\",\"focal_length\":\"70\",\"iso\":\"400\",\"shutter_speed\":\"0.0125\",\"title\":\"Moeda Nacional, Real, Dinheiro, notas de real\",\"orientation\":\"1\"}' data-image-title=\"Moeda Nacional, Real, Dinheiro, notas de real\" data-image-description=\"\" data-image-caption=\"&lt;p&gt;Notas de Real (Marcelo Casal Jr \/ Agencia Brasil)&lt;\/p&gt;\n\" data-medium-file=\"https:\/\/www.infomoney.com.br\/wp-content\/uploads\/2021\/11\/real_moeda_020120a84t47195205.jpg?fit=300%2C179&amp;quality=70&amp;strip=all\" data-large-file=\"https:\/\/www.infomoney.com.br\/wp-content\/uploads\/2021\/11\/real_moeda_020120a84t47195205.jpg?fit=1170%2C700&amp;quality=70&amp;strip=all\">Remunera\u00e7\u00e3o mensal passou de R$ 1.302 para R$ 1.320<\/p>\n<p>The post <a rel=\"nofollow\" href=\"https:\/\/www.infomoney.com.br\/minhas-financas\/r-1-320-novo-salario-minimo-entra-em-vigor-hoje\/\">R$ 1.320: novo sal\u00e1rio m\u00ednimo entra em vigor hoje<\/a> appeared first on <a rel=\"nofollow\" href=\"https:\/\/www.infomoney.com.br\/\">InfoMoney<\/a>.<\/p>\n","protected":false},"author":44,"featured_media":0,"comment_status":"closed","ping_status":"closed","sticky":false,"template":"","format":"standard","meta":{"advgb_blocks_editor_width":"","advgb_blocks_columns_visual_guide":"","footnotes":""},"categories":[69,34,187,444,47,572],"tags":[35],"class_list":["post-14504","post","type-post","status-publish","format-standard","hentry","category-economia","category-g1","category-governo-federal","category-minhas-financas","category-politica","category-salario-minimo","tag-g1"],"author_meta":{"display_name":"Ag\u00eancia Brasil","author_link":"https:\/\/sindaopcpb.org.br\/author\/agencia-brasil\/"},"featured_img":null,"coauthors":[],"tax_additional":{"categories":{"linked":["<a href=\"https:\/\/sindaopcpb.org.br\/economia\/\" class=\"advgb-post-tax-term\">Economia<\/a>","<a href=\"https:\/\/sindaopcpb.org.br\/g1\/\" class=\"advgb-post-tax-term\">G1<\/a>","<a href=\"https:\/\/sindaopcpb.org.br\/governo-federal\/\" class=\"advgb-post-tax-term\">Governo Federal<\/a>","<a href=\"https:\/\/sindaopcpb.org.br\/minhas-financas\/\" class=\"advgb-post-tax-term\">Minhas Finan\u00e7as<\/a>","<a href=\"https:\/\/sindaopcpb.org.br\/politica\/\" class=\"advgb-post-tax-term\">POLITICA<\/a>","<a href=\"https:\/\/sindaopcpb.org.br\/salario-minimo\/\" class=\"advgb-post-tax-term\">Sal\u00e1rio M\u00ednimo<\/a>"],"unlinked":["<span class=\"advgb-post-tax-term\">Economia<\/span>","<span class=\"advgb-post-tax-term\">G1<\/span>","<span class=\"advgb-post-tax-term\">Governo Federal<\/span>","<span class=\"advgb-post-tax-term\">Minhas Finan\u00e7as<\/span>","<span class=\"advgb-post-tax-term\">POLITICA<\/span>","<span class=\"advgb-post-tax-term\">Sal\u00e1rio M\u00ednimo<\/span>"]},"tags":{"linked":["<a href=\"https:\/\/sindaopcpb.org.br\/salario-minimo\/\" class=\"advgb-post-tax-term\">g1<\/a>"],"unlinked":["<span class=\"advgb-post-tax-term\">g1<\/span>"]}},"comment_count":"0","relative_dates":{"created":"Publicado 3 anos atr\u00e1s","modified":"Atualizado 3 anos atr\u00e1s"},"absolute_dates":{"created":"Publicado em 1 de maio de 2023","modified":"Atualizado em 1 de maio de 2023"},"absolute_dates_time":{"created":"Publicado em 1 de maio de 2023 14:02","modified":"Atualizado em 1 de maio de 2023 14:02"},"featured_img_caption":"","series_order":"","_links":{"self":[{"href":"https:\/\/sindaopcpb.org.br\/index.php\/wp-json\/wp\/v2\/posts\/14504","targetHints":{"allow":["GET"]}}],"collection":[{"href":"https:\/\/sindaopcpb.org.br\/index.php\/wp-json\/wp\/v2\/posts"}],"about":[{"href":"https:\/\/sindaopcpb.org.br\/index.php\/wp-json\/wp\/v2\/types\/post"}],"author":[{"embeddable":true,"href":"https:\/\/sindaopcpb.org.br\/index.php\/wp-json\/wp\/v2\/users\/44"}],"replies":[{"embeddable":true,"href":"https:\/\/sindaopcpb.org.br\/index.php\/wp-json\/wp\/v2\/comments?post=14504"}],"version-history":[{"count":1,"href":"https:\/\/sindaopcpb.org.br\/index.php\/wp-json\/wp\/v2\/posts\/14504\/revisions"}],"predecessor-version":[{"id":14505,"href":"https:\/\/sindaopcpb.org.br\/index.php\/wp-json\/wp\/v2\/posts\/14504\/revisions\/14505"}],"wp:attachment":[{"href":"https:\/\/sindaopcpb.org.br\/index.php\/wp-json\/wp\/v2\/media?parent=14504"}],"wp:term":[{"taxonomy":"category","embeddable":true,"href":"https:\/\/sindaopcpb.org.br\/index.php\/wp-json\/wp\/v2\/categories?post=14504"},{"taxonomy":"post_tag","embeddable":true,"href":"https:\/\/sindaopcpb.org.br\/index.php\/wp-json\/wp\/v2\/tags?post=14504"}],"curies":[{"name":"wp","href":"https:\/\/api.w.org\/{rel}","templated":true}]}}