{"id":14492,"date":"2023-05-01T13:07:00","date_gmt":"2023-05-01T16:07:00","guid":{"rendered":"https:\/\/www.infomoney.com.br\/?p=2121285"},"modified":"2023-05-01T13:07:00","modified_gmt":"2023-05-01T16:07:00","slug":"organizadores-da-agrishow-mantem-otimismo-e-avaliam-que-imbroglio-politico-nao-ofusca-negocios","status":"publish","type":"post","link":"https:\/\/sindaopcpb.org.br\/index.php\/2023\/05\/01\/organizadores-da-agrishow-mantem-otimismo-e-avaliam-que-imbroglio-politico-nao-ofusca-negocios\/","title":{"rendered":"Organizadores da Agrishow mant\u00e9m otimismo e avaliam que imbr\u00f3glio pol\u00edtico n\u00e3o ofusca neg\u00f3cios"},"content":{"rendered":"<p><img loading=\"lazy\" width=\"300\" height=\"208\" src=\"https:\/\/www.infomoney.com.br\/wp-content\/uploads\/2019\/06\/agrishow.jpg?fit=300%2C208&amp;quality=70&amp;strip=all\" class=\"attachment-medium size-medium wp-post-image\" alt=\"\" decoding=\"async\" style=\"float:right; margin:0 0 10px 10px;\" srcset=\"https:\/\/www.infomoney.com.br\/wp-content\/uploads\/2019\/06\/agrishow.jpg?w=448&amp;quality=70&amp;strip=all 448w, https:\/\/www.infomoney.com.br\/wp-content\/uploads\/2019\/06\/agrishow.jpg?w=300&amp;quality=70&amp;strip=all 300w, https:\/\/www.infomoney.com.br\/wp-content\/uploads\/2019\/06\/agrishow.jpg?w=150&amp;quality=70&amp;strip=all 150w\" sizes=\"auto, (max-width: 300px) 100vw, 300px\" data-attachment-id=\"44587\" data-permalink=\"https:\/\/www.infomoney.com.br\/agrishow\/\" data-orig-file=\"https:\/\/www.infomoney.com.br\/wp-content\/uploads\/2019\/06\/agrishow.jpg?fit=448%2C310&amp;quality=70&amp;strip=all\" data-orig-size=\"448,310\" data-comments-opened=\"1\" data-image-meta=\"{&quot;aperture&quot;:&quot;0&quot;,&quot;credit&quot;:&quot;&quot;,&quot;camera&quot;:&quot;&quot;,&quot;caption&quot;:&quot;&quot;,&quot;created_timestamp&quot;:&quot;0&quot;,&quot;copyright&quot;:&quot;&quot;,&quot;focal_length&quot;:&quot;0&quot;,&quot;iso&quot;:&quot;0&quot;,&quot;shutter_speed&quot;:&quot;0&quot;,&quot;title&quot;:&quot;&quot;,&quot;orientation&quot;:&quot;0&quot;}\" data-image-title=\"agrishow\" data-image-description=\"\" data-image-caption=\"\" data-medium-file=\"https:\/\/www.infomoney.com.br\/wp-content\/uploads\/2019\/06\/agrishow.jpg?fit=300%2C208&amp;quality=70&amp;strip=all\" data-large-file=\"https:\/\/www.infomoney.com.br\/wp-content\/uploads\/2019\/06\/agrishow.jpg?fit=448%2C310&amp;quality=70&amp;strip=all\" title=\"\"><\/p>\n<p>A principal feira de tecnologia agr\u00edcola do Pa\u00eds, a Agrishow, deve abrir, logo mais e sem cerim\u00f4nias, suas portas em Ribeir\u00e3o Preto (SP). Ap\u00f3s os recentes epis\u00f3dios de desalinhamento entre o evento e o governo federal, que culminou na amea\u00e7a de retirada do patroc\u00ednio do Banco do Brasil \u00e0 feira, a organiza\u00e7\u00e3o da Agrishow espera superar o imbr\u00f3glio pol\u00edtico e focar os esfor\u00e7os nos neg\u00f3cios.<\/p>\n<p>A expectativa do evento \u00e9 superar os R$ 11,24 bilh\u00f5es em vendas de m\u00e1quinas da \u00faltima edi\u00e7\u00e3o e alcan\u00e7ar p\u00fablico superior aos 190 mil visitantes. &#8220;Tudo que est\u00e1 acontecendo n\u00e3o vai ofuscar o objetivo do visitante, que \u00e9 fazer neg\u00f3cios. Nossa expectativa se mant\u00e9m otimista&#8221;, afirmou ao <i>Broadcast Agro<\/i> (sistema de not\u00edcias em tempo real do Grupo Estado) a diretora de Comunica\u00e7\u00e3o da Associa\u00e7\u00e3o Brasileira da Ind\u00fastria de M\u00e1quinas e Equipamentos (Abimaq), Lariza Pio. A Abimaq \u00e9 uma das entidades organizadoras do evento.<\/p>\n<p>Em sua 28\u00aa edi\u00e7\u00e3o, a Agrishow, pela primeira vez, n\u00e3o realizar\u00e1 uma abertura oficial com a presen\u00e7a de organizadores do evento e integrantes do governo federal. A suspens\u00e3o da solenidade ocorreu ap\u00f3s o ministro da Agricultura, Carlos F\u00e1varo, afirmar ter sido &#8220;desconvidado&#8221; da cerim\u00f4nia pelo presidente do evento, Francisco Matturro. O representante da Agrishow diz ter alertado o ministro quanto \u00e0 poss\u00edvel presen\u00e7a do ex-presidente Jair Bolsonaro na abertura do evento, mas nega o desconvite.<\/p>\n<p>Alegando &#8220;descortesia e mudan\u00e7a de car\u00e1ter&#8221; da feira, o ministro-chefe da Secretaria de Comunica\u00e7\u00e3o do governo, Paulo Pimenta, anunciou na \u00faltima sexta-feira (28) a suspens\u00e3o do patroc\u00ednio do Banco do Brasil ao evento. A medida, no entanto, ainda n\u00e3o foi confirmada oficialmente pela institui\u00e7\u00e3o financeira e pela Agrishow.<\/p>\n<p>O banco, em contrapartida, j\u00e1 refor\u00e7ou que mant\u00e9m sua participa\u00e7\u00e3o comercial no evento e espera totalizar R$ 1,5 bilh\u00e3o em pedidos de cr\u00e9dito. Embora as altas taxas de juros sejam um desafio aos agricultores, os organizadores da feira avaliam que o setor est\u00e1 mais capitalizado do que h\u00e1 um ano e que tem como est\u00edmulo a perspectiva de safras recordes. Outro sinal positivo para as vendas \u00e9 a possibilidade de que o ministro da Agricultura anuncie a suplementa\u00e7\u00e3o de R$ 1,03 bilh\u00e3o para equaliza\u00e7\u00e3o do Plano Safra 2022\/23 em reuni\u00e3o-almo\u00e7o com a Frente Parlamentar da Agropecu\u00e1ria (FPA), na ter\u00e7a-feira, 2.<\/p>\n<p>Segundo fontes que acompanharam as tratativas para aquisi\u00e7\u00e3o do montante, o ministro previa apresentar os resultados da negocia\u00e7\u00e3o na pr\u00f3pria Agrishow, antes do descompasso junto \u00e0 organiza\u00e7\u00e3o do evento.<\/p>\n<p>&#8220;Estamos aguardando a divulga\u00e7\u00e3o do aporte adicional ao Plano Safra&#8221;, comentou Lariza Pio, que considera que o an\u00fancio poder\u00e1 ajudar a impulsionar as vendas na feira. Estima-se que os recursos destinados \u00e0 equaliza\u00e7\u00e3o devam gerar um montante extra de R$ 30 bilh\u00f5es para a pol\u00edtica de cr\u00e9dito agr\u00edcola que se estende at\u00e9 30 de junho.<\/p>\n<p>Tamb\u00e9m sustenta o otimismo da feira, a acomoda\u00e7\u00e3o dos pre\u00e7os de fertilizantes e insumos agr\u00edcolas um ano ap\u00f3s o in\u00edcio da guerra entre R\u00fassia e Ucr\u00e2nia e a recupera\u00e7\u00e3o econ\u00f4mica do p\u00f3s-pandemia. Em 2022, quando a feira retornou ao modelo presencial ap\u00f3s um hiato provocado pelo v\u00edrus, ainda havia incerteza sobre a volta dos eventos presenciais em fun\u00e7\u00e3o da pandemia, o que limitou o per\u00edodo para empresas se organizarem para participar.<\/p>\n<p>&#8220;Agora, para 2023, as empresas se prepararam um ano inteiro para mostrar suas novidades&#8221;, acrescentou a diretora de Comunica\u00e7\u00e3o da Abimaq.<\/p>\n<p>Entre as tend\u00eancias do mercado para este ano, a Abimaq ressalta o foco em sustentabilidade e nas pr\u00e1ticas ecol\u00f3gicas, sociais e de governan\u00e7a (ESG, na sigla em ingl\u00eas), como m\u00e1quinas menos poluentes.<\/p>\n<p>Outro destaque, segundo a associa\u00e7\u00e3o, ser\u00e3o os equipamentos com intelig\u00eancia artificial, georreferenciamento, controle remoto e a perspectiva de implanta\u00e7\u00e3o da conex\u00e3o 5G no setor. &#8220;Ainda temos muito trabalho a ser feito, porque temos conhecimento que, nos rinc\u00f5es do Brasil, n\u00e3o temos uma conectividade boa&#8221;, afirmou.<\/p>\n<p>The post <a rel=\"nofollow noopener\" href=\"https:\/\/www.infomoney.com.br\/economia\/organizadores-da-agrishow-mantem-otimismo-e-avaliam-que-imbroglio-politico-nao-ofusca-negocios\/\" target=\"_blank\">Organizadores da Agrishow mant\u00e9m otimismo e avaliam que imbr\u00f3glio pol\u00edtico n\u00e3o ofusca neg\u00f3cios<\/a> appeared first on <a rel=\"nofollow noopener\" href=\"https:\/\/www.infomoney.com.br\/\" target=\"_blank\">InfoMoney<\/a>.<\/p>\n","protected":false},"excerpt":{"rendered":"<p><img loading=\"lazy\" decoding=\"async\" width=\"300\" height=\"208\" src=\"https:\/\/www.infomoney.com.br\/wp-content\/uploads\/2019\/06\/agrishow.jpg?fit=300%2C208&amp;quality=70&amp;strip=all\" class=\"attachment-medium size-medium wp-post-image\" alt=\"\" data-attachment-id=\"44587\" data-permalink=\"https:\/\/www.infomoney.com.br\/agrishow\/\" data-orig-file=\"https:\/\/www.infomoney.com.br\/wp-content\/uploads\/2019\/06\/agrishow.jpg?fit=448%2C310&amp;quality=70&amp;strip=all\" data-orig-size=\"448,310\" data-comments-opened=\"1\" data-image-meta='{\"aperture\":\"0\",\"credit\":\"\",\"camera\":\"\",\"caption\":\"\",\"created_timestamp\":\"0\",\"copyright\":\"\",\"focal_length\":\"0\",\"iso\":\"0\",\"shutter_speed\":\"0\",\"title\":\"\",\"orientation\":\"0\"}' data-image-title=\"agrishow\" data-image-description=\"\" data-image-caption=\"\" data-medium-file=\"https:\/\/www.infomoney.com.br\/wp-content\/uploads\/2019\/06\/agrishow.jpg?fit=300%2C208&amp;quality=70&amp;strip=all\" data-large-file=\"https:\/\/www.infomoney.com.br\/wp-content\/uploads\/2019\/06\/agrishow.jpg?fit=448%2C310&amp;quality=70&amp;strip=all\">Em sua 28\u00aa edi\u00e7\u00e3o, pela primeira vez, feira n\u00e3o ter\u00e1 uma abertura oficial com a presen\u00e7a de organizadores do evento e integrantes do governo federal<\/p>\n<p>The post <a rel=\"nofollow\" href=\"https:\/\/www.infomoney.com.br\/economia\/organizadores-da-agrishow-mantem-otimismo-e-avaliam-que-imbroglio-politico-nao-ofusca-negocios\/\">Organizadores da Agrishow mant\u00e9m otimismo e avaliam que imbr\u00f3glio pol\u00edtico n\u00e3o ofusca neg\u00f3cios<\/a> appeared first on <a rel=\"nofollow\" href=\"https:\/\/www.infomoney.com.br\/\">InfoMoney<\/a>.<\/p>\n","protected":false},"author":43,"featured_media":0,"comment_status":"closed","ping_status":"closed","sticky":false,"template":"","format":"standard","meta":{"advgb_blocks_editor_width":"","advgb_blocks_columns_visual_guide":"","footnotes":""},"categories":[69,34,110,1714,47],"tags":[35],"class_list":["post-14492","post","type-post","status-publish","format-standard","hentry","category-economia","category-g1","category-lula","category-ministerio-da-agricultura","category-politica","tag-g1"],"author_meta":{"display_name":"Estad\u00e3o Conte\u00fado","author_link":"https:\/\/sindaopcpb.org.br\/author\/estadao-conteudo\/"},"featured_img":null,"coauthors":[],"tax_additional":{"categories":{"linked":["<a href=\"https:\/\/sindaopcpb.org.br\/economia\/\" class=\"advgb-post-tax-term\">Economia<\/a>","<a href=\"https:\/\/sindaopcpb.org.br\/g1\/\" class=\"advgb-post-tax-term\">G1<\/a>","<a href=\"https:\/\/sindaopcpb.org.br\/lula\/\" class=\"advgb-post-tax-term\">Lula<\/a>","<a href=\"https:\/\/sindaopcpb.org.br\/ministerio-da-agricultura\/\" class=\"advgb-post-tax-term\">Minist\u00e9rio da Agricultura<\/a>","<a href=\"https:\/\/sindaopcpb.org.br\/politica\/\" class=\"advgb-post-tax-term\">POLITICA<\/a>"],"unlinked":["<span class=\"advgb-post-tax-term\">Economia<\/span>","<span class=\"advgb-post-tax-term\">G1<\/span>","<span class=\"advgb-post-tax-term\">Lula<\/span>","<span class=\"advgb-post-tax-term\">Minist\u00e9rio da Agricultura<\/span>","<span class=\"advgb-post-tax-term\">POLITICA<\/span>"]},"tags":{"linked":["<a href=\"https:\/\/sindaopcpb.org.br\/politica\/\" class=\"advgb-post-tax-term\">g1<\/a>"],"unlinked":["<span class=\"advgb-post-tax-term\">g1<\/span>"]}},"comment_count":"0","relative_dates":{"created":"Publicado 3 anos atr\u00e1s","modified":"Atualizado 3 anos atr\u00e1s"},"absolute_dates":{"created":"Publicado em 1 de maio de 2023","modified":"Atualizado em 1 de maio de 2023"},"absolute_dates_time":{"created":"Publicado em 1 de maio de 2023 13:07","modified":"Atualizado em 1 de maio de 2023 13:07"},"featured_img_caption":"","series_order":"","_links":{"self":[{"href":"https:\/\/sindaopcpb.org.br\/index.php\/wp-json\/wp\/v2\/posts\/14492","targetHints":{"allow":["GET"]}}],"collection":[{"href":"https:\/\/sindaopcpb.org.br\/index.php\/wp-json\/wp\/v2\/posts"}],"about":[{"href":"https:\/\/sindaopcpb.org.br\/index.php\/wp-json\/wp\/v2\/types\/post"}],"author":[{"embeddable":true,"href":"https:\/\/sindaopcpb.org.br\/index.php\/wp-json\/wp\/v2\/users\/43"}],"replies":[{"embeddable":true,"href":"https:\/\/sindaopcpb.org.br\/index.php\/wp-json\/wp\/v2\/comments?post=14492"}],"version-history":[{"count":2,"href":"https:\/\/sindaopcpb.org.br\/index.php\/wp-json\/wp\/v2\/posts\/14492\/revisions"}],"predecessor-version":[{"id":14506,"href":"https:\/\/sindaopcpb.org.br\/index.php\/wp-json\/wp\/v2\/posts\/14492\/revisions\/14506"}],"wp:attachment":[{"href":"https:\/\/sindaopcpb.org.br\/index.php\/wp-json\/wp\/v2\/media?parent=14492"}],"wp:term":[{"taxonomy":"category","embeddable":true,"href":"https:\/\/sindaopcpb.org.br\/index.php\/wp-json\/wp\/v2\/categories?post=14492"},{"taxonomy":"post_tag","embeddable":true,"href":"https:\/\/sindaopcpb.org.br\/index.php\/wp-json\/wp\/v2\/tags?post=14492"}],"curies":[{"name":"wp","href":"https:\/\/api.w.org\/{rel}","templated":true}]}}