{"id":14227,"date":"2023-04-28T16:53:38","date_gmt":"2023-04-28T19:53:38","guid":{"rendered":"https:\/\/www.infomoney.com.br\/?p=2120900"},"modified":"2023-04-28T16:53:38","modified_gmt":"2023-04-28T19:53:38","slug":"lula-diz-que-e-absurdo-cobrar-ir-da-plr-dos-trabalhadores-e-nao-taxar-dividendos","status":"publish","type":"post","link":"https:\/\/sindaopcpb.org.br\/index.php\/2023\/04\/28\/lula-diz-que-e-absurdo-cobrar-ir-da-plr-dos-trabalhadores-e-nao-taxar-dividendos\/","title":{"rendered":"Lula diz que \u00e9 absurdo cobrar IR da PLR dos trabalhadores e n\u00e3o taxar dividendos"},"content":{"rendered":"<p><img loading=\"lazy\" width=\"300\" height=\"225\" src=\"https:\/\/www.infomoney.com.br\/wp-content\/uploads\/2023\/03\/reuniao-ministerial_mcamgo_abr_100320231818-4.jpg?fit=300%2C225&amp;quality=70&amp;strip=all\" class=\"attachment-medium size-medium wp-post-image\" alt=\"\" decoding=\"async\" style=\"float:right; margin:0 0 10px 10px;\" srcset=\"https:\/\/www.infomoney.com.br\/wp-content\/uploads\/2023\/03\/reuniao-ministerial_mcamgo_abr_100320231818-4.jpg?w=1024&amp;quality=70&amp;strip=all 1024w, https:\/\/www.infomoney.com.br\/wp-content\/uploads\/2023\/03\/reuniao-ministerial_mcamgo_abr_100320231818-4.jpg?w=300&amp;quality=70&amp;strip=all 300w, https:\/\/www.infomoney.com.br\/wp-content\/uploads\/2023\/03\/reuniao-ministerial_mcamgo_abr_100320231818-4.jpg?w=768&amp;quality=70&amp;strip=all 768w, https:\/\/www.infomoney.com.br\/wp-content\/uploads\/2023\/03\/reuniao-ministerial_mcamgo_abr_100320231818-4.jpg?w=150&amp;quality=70&amp;strip=all 150w\" sizes=\"auto, (max-width: 300px) 100vw, 300px\" data-attachment-id=\"2091736\" data-permalink=\"https:\/\/www.infomoney.com.br\/politica\/entre-sorrisos-e-abracos-haddad-e-rui-costa-repetem-disputa-de-dirceu-e-palocci\/attachment\/reuniao-ministerial_mcamgo_abr_100320231818-4\/\" data-orig-file=\"https:\/\/www.infomoney.com.br\/wp-content\/uploads\/2023\/03\/reuniao-ministerial_mcamgo_abr_100320231818-4.jpg?fit=1024%2C768&amp;quality=70&amp;strip=all\" data-orig-size=\"1024,768\" data-comments-opened=\"0\" data-image-meta=\"{&quot;aperture&quot;:&quot;2.8&quot;,&quot;credit&quot;:&quot;Marcelo Camargo\\\/Ag\\u00eancia Brasil&quot;,&quot;camera&quot;:&quot;Canon EOS-1D X&quot;,&quot;caption&quot;:&quot;Bras\\u00edlia (DF), 10\\\/03\\\/2023 - O ministro da Casa Civil, Rui Costa, o presidente Luiz In\\u00e1cio Lula da Silva e o ministro da Fazenda, Fernando Haddad, durante reuni\\u00e3o ministerial, no Pal\\u00e1cio do Planalto.&quot;,&quot;created_timestamp&quot;:&quot;1678441879&quot;,&quot;copyright&quot;:&quot;Ag\\u00eancia Brasil\\\/EBC&quot;,&quot;focal_length&quot;:&quot;200&quot;,&quot;iso&quot;:&quot;2500&quot;,&quot;shutter_speed&quot;:&quot;0.0015625&quot;,&quot;title&quot;:&quot;&quot;,&quot;orientation&quot;:&quot;0&quot;}\" data-image-title=\"Rui Costa, Lula e Fernando Haddad\" data-image-description=\"\" data-image-caption=\"&lt;p&gt; O ministro da Casa Civil, Rui Costa, o presidente Luiz In\u00e1cio Lula da Silva e o ministro da Fazenda, Fernando Haddad, durante reuni\u00e3o ministerial, no Pal\u00e1cio do Planalto. (Foto: Marcelo Camargo\/Ag\u00eancia Brasil)&lt;\/p&gt;\n\" data-medium-file=\"https:\/\/www.infomoney.com.br\/wp-content\/uploads\/2023\/03\/reuniao-ministerial_mcamgo_abr_100320231818-4.jpg?fit=300%2C225&amp;quality=70&amp;strip=all\" data-large-file=\"https:\/\/www.infomoney.com.br\/wp-content\/uploads\/2023\/03\/reuniao-ministerial_mcamgo_abr_100320231818-4.jpg?fit=1024%2C768&amp;quality=70&amp;strip=all\" title=\"\"><\/p>\n<p>O presidente Luiz In&aacute;cio Lula da Silva (PT) afirmou que &eacute; absurdo cobrar Imposto de Renda (IR) sobre a Participa&ccedil;&atilde;o nos Lucros e Resultados (PLR) dos trabalhadores, mas n&atilde;o taxar os lucros e dividendos das empresas.<\/p>\n<p>A declara&ccedil;&atilde;o foi feita em reuni&atilde;o fechada com centrais sindicais em Bras&iacute;lia, na quinta-feira (27), segundo o jornal <em>Folha de S.Paulo<\/em>. Os sindicalistas cobram do governo a isen&ccedil;&atilde;o do imposto para os trabalhadores.<\/p>\n<p>Ainda segundo o jornal, o ministro do Trabalho e Emprego, Luiz Marinho (PT), defendeu publicamente a isen&ccedil;&atilde;o sobre a PLR. &ldquo;Se n&atilde;o tem cobran&ccedil;a nos lucros das empresas, porque a participa&ccedil;&atilde;o [nos lucros e resultados] tem imposto?&rdquo;.<\/p>\n<div class=\"cta-middle\">\n<div class=\"im-cta\">\n<div class=\"im-shortcode-forms bg-light bg-opacity-25 border rounded-4 p-3 p-sm-4 p-md-3 p-lg-4 px-xxl-5 my-5\" data-configuration='{\"form_name\":false,\"form_hat\":\"Ebook Gratuito\",\"form_email\":true,\"form_icon\":\"ebook\",\"form_phone\":false,\"form_campaign\":\"EIR\",\"form_thankyou\":\"\",\"form_journey\":\"APIEvent-1dffdfcc-1cdd-785f-8e84-878d75177314\",\"form_button\":\"Enviar\",\"form_context\":\"curso-livre\",\"form_origin\":\"https:\\\/\\\/www.infomoney.com.br\\\/politica\\\/feed\\\/?utm_medium=materia&#038;utm_source=infomoney&#038;utm_campaign=EIR&#038;utm_term=&#038;utm_content=\",\"form_position\":\"meio\",\"form_category\":\"cta_form\"}'>\n<div class=\"d-flex flex-column align-items-center align-items-lg-start mb-4 flex-lg-row\">\n<div class=\"rounded-circle mb-2 mb-lg-0 mr-lg-4 me-lg-4 p-3 p-lg-4 bg-yellow-500\"><svg width=\"40\" height=\"40\" viewBox=\"0 0 40 40\" fill=\"none\" xmlns=\"http:\/\/www.w3.org\/2000\/svg\"><path d=\"M9.917 35.833a2.328 2.328 0 0 1-1.709-.708 2.328 2.328 0 0 1-.708-1.708V6.583c0-.666.236-1.236.708-1.708a2.328 2.328 0 0 1 1.709-.708h20.166a2.33 2.33 0 0 1 1.709.708c.472.472.708 1.042.708 1.708v26.834c0 .666-.236 1.236-.708 1.708a2.328 2.328 0 0 1-1.709.708H9.917Zm0-1.875h20.166a.518.518 0 0 0 .375-.166.518.518 0 0 0 .167-.375V6.583a.518.518 0 0 0-.167-.375.518.518 0 0 0-.375-.166h-2.208v10.541l-3.667-2.125-3.625 2.125V6.042H9.917a.518.518 0 0 0-.375.166.518.518 0 0 0-.167.375v26.834c0 .139.056.264.167.375a.518.518 0 0 0 .375.166Z\" fill=\"#000\"\/><\/svg><\/div>\n<div class=\"flex-fill text-center text-lg-left\">\n<div class=\"h6 small text-orange-700 lh-base mb-1\">Ebook Gratuito<\/div>\n<div class=\"text-body h4 m-0\">Como declarar investimentos no Imposto de Renda<\/div>\n<div class=\"text-body small lh-base mt-2\">Cadastre-se e receba um manual com as informa&ccedil;&otilde;es necess&aacute;rias para declarar cada tipo de investimento<\/div>\n<\/div>\n<\/div>\n<\/div>\n<\/div>\n<\/div>\n<p>Lula pediu ao ministro da Fazenda, Fernando Haddad (PT), que d&ecirc; aten&ccedil;&atilde;o especial &agrave; proposta. A <em>Folha<\/em> diz que a reivindica&ccedil;&atilde;o dos sindicalistas &eacute; encabe&ccedil;ada por Antonio Neto, presidente da Central dos Sindicatos Brasileiros (CSB) e do diret&oacute;rio municipal do PDT em S&atilde;o Paulo.<\/p>\n<p>&ldquo;Tem empresas com lucros e resultados muito positivos que, al&eacute;m de n&atilde;o pagar imposto, muitas vezes se negam a pagar a PLR para os trabalhadores. Ou, quando paga, paga s&oacute; para gerentes e gestores&rdquo;, afirmou Neto ao jornal. &ldquo;&Eacute; uma injusti&ccedil;a o trabalhador pagar imposto na PLR e as empresas, n&atilde;o&rdquo;.<\/p>\n<h2>Outras medidas<\/h2>\n<p>O governo tamb&eacute;m tem criticado os Juros sobre Capital Pr&oacute;prio (JCP) distribu&iacute;dos pelas empresas. Haddad afirmou nesta semana que &ldquo;s&atilde;o bilh&otilde;es drenados dos cofres p&uacute;blicos para beneficiar meia d&uacute;zia de empresas que fazem engenharia tribut&aacute;ria em cima de um dispositivo legal que est&aacute; sendo abusado&rdquo;. &ldquo;Mandei estudar, porque &eacute; uma &aacute;rea que est&aacute; tendo muito abuso&rdquo;.<\/p>\n<p>Apesar do esfor&ccedil;o para aumentar a arrecada&ccedil;&atilde;o do governo federal, os ministros de Lula t&ecirc;m reafirmado uma s&eacute;rie promessas na v&eacute;spera do Dia do Trabalhador, comemorado na segunda-feira (1&ordm; de maio). Entre as medidas est&atilde;o <a href=\"https:\/\/www.infomoney.com.br\/minhas-financas\/lula-assinara-mp-do-salario-minimo-de-r-1-320-ate-1o-de-maio\/\" rel=\"nofollow noopener\" target=\"_blank\">ampliar o sal&aacute;rio m&iacute;nimo de R$ 1.302 para R$ 1.320<\/a> e a isen&ccedil;&atilde;o do IR para quem ganha at&eacute; 2 sal&aacute;rios m&iacute;nimos.<\/p>\n<div class=\"infomoney-related-posts\">\n<h4>Leia tamb&eacute;m<\/h4>\n<div class=\"list\">\n<div class=\"row mx-0 item\">\n<div class=\"img-container\">\n<figure><img decoding=\"async\" class=\"img-fluid img-fluid\" src=\"https:\/\/www.infomoney.com.br\/wp-content\/uploads\/2022\/05\/GettyImages-1366842022.jpg?quality=70&#038;w=150&#038;%23038;h=150&#038;%23038;crop=1&#038;%23038;strip=all\" data-recalc-dims=\"1\" alt=\"\" title=\"\"><\/figure>\n<\/div>\n<div class=\"info\"><span class=\"hl-hat\">Novo reajuste <\/span><span class=\"hl-title\"><a href=\"https:\/\/www.infomoney.com.br\/minhas-financas\/lula-assinara-mp-do-salario-minimo-de-r-1-320-ate-1o-de-maio\/\" rel=\"nofollow noopener\" target=\"_blank\">Lula assinar&aacute; MP do sal&aacute;rio m&iacute;nimo de R$ 1.320 at&eacute; 1&ordm; de maio<\/a><\/span><span class=\"hl-description\">Medida Provis&oacute;ria tem efeito imediato quando for assinada, mas depois precisa ser aprovada pelo Congresso Nacional<\/span><\/div>\n<\/div>\n<div class=\"row mx-0 item\">\n<div class=\"img-container\">\n<figure><img decoding=\"async\" class=\"img-fluid img-fluid\" src=\"https:\/\/www.infomoney.com.br\/wp-content\/uploads\/2020\/02\/imposto-de-renda_agencia-brasil-1.jpg?quality=70&#038;w=150&#038;%23038;h=150&#038;%23038;crop=1&#038;%23038;strip=all\" data-recalc-dims=\"1\" alt=\"\" title=\"\"><\/figure>\n<\/div>\n<div class=\"info\"><span class=\"hl-hat\">IR 2023<\/span><span class=\"hl-title\"><a href=\"https:\/\/www.infomoney.com.br\/minhas-financas\/como-aumentar-a-restituicao-do-imposto-de-renda\/\" rel=\"nofollow noopener\" target=\"_blank\">Como aumentar a restitui&ccedil;&atilde;o do Imposto de Renda? Veja 7 dicas<\/a><\/span><span class=\"hl-description\">H&aacute; uma s&eacute;rie de ferramentas legais que permitem que o contribuinte aumente o benef&iacute;cio <\/span><\/div>\n<\/div>\n<\/div>\n<\/div>\n<p>The post <a rel=\"nofollow noopener\" href=\"https:\/\/www.infomoney.com.br\/minhas-financas\/lula-diz-que-e-absurdo-cobrar-ir-da-plr-dos-trabalhadores-e-nao-taxar-dividendos\/\" target=\"_blank\">Lula diz que \u00e9 absurdo cobrar IR da PLR dos trabalhadores e n\u00e3o taxar dividendos<\/a> appeared first on <a rel=\"nofollow noopener\" href=\"https:\/\/www.infomoney.com.br\/\" target=\"_blank\">InfoMoney<\/a>.<\/p>\n","protected":false},"excerpt":{"rendered":"<p><img loading=\"lazy\" decoding=\"async\" width=\"300\" height=\"225\" src=\"https:\/\/www.infomoney.com.br\/wp-content\/uploads\/2023\/03\/reuniao-ministerial_mcamgo_abr_100320231818-4.jpg?fit=300%2C225&amp;quality=70&amp;strip=all\" class=\"attachment-medium size-medium wp-post-image\" alt=\"\" data-attachment-id=\"2091736\" data-permalink=\"https:\/\/www.infomoney.com.br\/politica\/entre-sorrisos-e-abracos-haddad-e-rui-costa-repetem-disputa-de-dirceu-e-palocci\/attachment\/reuniao-ministerial_mcamgo_abr_100320231818-4\/\" data-orig-file=\"https:\/\/www.infomoney.com.br\/wp-content\/uploads\/2023\/03\/reuniao-ministerial_mcamgo_abr_100320231818-4.jpg?fit=1024%2C768&amp;quality=70&amp;strip=all\" data-orig-size=\"1024,768\" data-comments-opened=\"0\" data-image-meta='{\"aperture\":\"2.8\",\"credit\":\"Marcelo Camargo\\\/Ag\\u00eancia Brasil\",\"camera\":\"Canon EOS-1D X\",\"caption\":\"Bras\\u00edlia (DF), 10\\\/03\\\/2023 - O ministro da Casa Civil, Rui Costa, o presidente Luiz In\\u00e1cio Lula da Silva e o ministro da Fazenda, Fernando Haddad, durante reuni\\u00e3o ministerial, no Pal\\u00e1cio do Planalto.\",\"created_timestamp\":\"1678441879\",\"copyright\":\"Ag\\u00eancia Brasil\\\/EBC\",\"focal_length\":\"200\",\"iso\":\"2500\",\"shutter_speed\":\"0.0015625\",\"title\":\"\",\"orientation\":\"0\"}' data-image-title=\"Rui Costa, Lula e Fernando Haddad\" data-image-description=\"\" data-image-caption=\"&lt;p&gt; O ministro da Casa Civil, Rui Costa, o presidente Luiz In\u00e1cio Lula da Silva e o ministro da Fazenda, Fernando Haddad, durante reuni\u00e3o ministerial, no Pal\u00e1cio do Planalto. (Foto: Marcelo Camargo\/Ag\u00eancia Brasil)&lt;\/p&gt;\n\" data-medium-file=\"https:\/\/www.infomoney.com.br\/wp-content\/uploads\/2023\/03\/reuniao-ministerial_mcamgo_abr_100320231818-4.jpg?fit=300%2C225&amp;quality=70&amp;strip=all\" data-large-file=\"https:\/\/www.infomoney.com.br\/wp-content\/uploads\/2023\/03\/reuniao-ministerial_mcamgo_abr_100320231818-4.jpg?fit=1024%2C768&amp;quality=70&amp;strip=all\">Declara\u00e7\u00e3o foi feita em reuni\u00e3o fechada com centrais sindicais em Bras\u00edlia, segundo o jornal Folha de S.Paulo; ministro do Trabalho defendeu isen\u00e7\u00e3o da PLR<\/p>\n<p>The post <a rel=\"nofollow\" href=\"https:\/\/www.infomoney.com.br\/minhas-financas\/lula-diz-que-e-absurdo-cobrar-ir-da-plr-dos-trabalhadores-e-nao-taxar-dividendos\/\">Lula diz que \u00e9 absurdo cobrar IR da PLR dos trabalhadores e n\u00e3o taxar dividendos<\/a> appeared first on <a rel=\"nofollow\" href=\"https:\/\/www.infomoney.com.br\/\">InfoMoney<\/a>.<\/p>\n","protected":false},"author":45,"featured_media":0,"comment_status":"closed","ping_status":"closed","sticky":false,"template":"","format":"standard","meta":{"advgb_blocks_editor_width":"","advgb_blocks_columns_visual_guide":"","footnotes":""},"categories":[1554,34,1053,1555,1900,110,127,444,120,1901,47],"tags":[35],"class_list":["post-14227","post","type-post","status-publish","format-standard","hentry","category-dividendos","category-g1","category-imposto-de-renda","category-jcp","category-lucro","category-lula","category-mercados","category-minhas-financas","category-negocios","category-plr","category-politica","tag-g1"],"author_meta":{"display_name":"Equipe InfoMoney","author_link":"https:\/\/sindaopcpb.org.br\/author\/equipe-infomoney\/"},"featured_img":null,"coauthors":[],"tax_additional":{"categories":{"linked":["<a href=\"https:\/\/sindaopcpb.org.br\/dividendos\/\" class=\"advgb-post-tax-term\">Dividendos<\/a>","<a href=\"https:\/\/sindaopcpb.org.br\/g1\/\" class=\"advgb-post-tax-term\">G1<\/a>","<a href=\"https:\/\/sindaopcpb.org.br\/imposto-de-renda\/\" class=\"advgb-post-tax-term\">Imposto de Renda<\/a>","<a href=\"https:\/\/sindaopcpb.org.br\/jcp\/\" class=\"advgb-post-tax-term\">JCP<\/a>","<a href=\"https:\/\/sindaopcpb.org.br\/lucro\/\" class=\"advgb-post-tax-term\">Lucro<\/a>","<a href=\"https:\/\/sindaopcpb.org.br\/lula\/\" class=\"advgb-post-tax-term\">Lula<\/a>","<a href=\"https:\/\/sindaopcpb.org.br\/mercados\/\" class=\"advgb-post-tax-term\">Mercados<\/a>","<a href=\"https:\/\/sindaopcpb.org.br\/minhas-financas\/\" class=\"advgb-post-tax-term\">Minhas Finan\u00e7as<\/a>","<a href=\"https:\/\/sindaopcpb.org.br\/negocios\/\" class=\"advgb-post-tax-term\">Neg\u00f3cios<\/a>","<a href=\"https:\/\/sindaopcpb.org.br\/plr\/\" class=\"advgb-post-tax-term\">PLR<\/a>","<a href=\"https:\/\/sindaopcpb.org.br\/politica\/\" class=\"advgb-post-tax-term\">POLITICA<\/a>"],"unlinked":["<span class=\"advgb-post-tax-term\">Dividendos<\/span>","<span class=\"advgb-post-tax-term\">G1<\/span>","<span class=\"advgb-post-tax-term\">Imposto de Renda<\/span>","<span class=\"advgb-post-tax-term\">JCP<\/span>","<span class=\"advgb-post-tax-term\">Lucro<\/span>","<span class=\"advgb-post-tax-term\">Lula<\/span>","<span class=\"advgb-post-tax-term\">Mercados<\/span>","<span class=\"advgb-post-tax-term\">Minhas Finan\u00e7as<\/span>","<span class=\"advgb-post-tax-term\">Neg\u00f3cios<\/span>","<span class=\"advgb-post-tax-term\">PLR<\/span>","<span class=\"advgb-post-tax-term\">POLITICA<\/span>"]},"tags":{"linked":["<a href=\"https:\/\/sindaopcpb.org.br\/politica\/\" class=\"advgb-post-tax-term\">g1<\/a>"],"unlinked":["<span class=\"advgb-post-tax-term\">g1<\/span>"]}},"comment_count":"0","relative_dates":{"created":"Publicado 3 anos atr\u00e1s","modified":"Atualizado 3 anos atr\u00e1s"},"absolute_dates":{"created":"Publicado em 28 de abril de 2023","modified":"Atualizado em 28 de abril de 2023"},"absolute_dates_time":{"created":"Publicado em 28 de abril de 2023 16:53","modified":"Atualizado em 28 de abril de 2023 16:53"},"featured_img_caption":"","series_order":"","_links":{"self":[{"href":"https:\/\/sindaopcpb.org.br\/index.php\/wp-json\/wp\/v2\/posts\/14227","targetHints":{"allow":["GET"]}}],"collection":[{"href":"https:\/\/sindaopcpb.org.br\/index.php\/wp-json\/wp\/v2\/posts"}],"about":[{"href":"https:\/\/sindaopcpb.org.br\/index.php\/wp-json\/wp\/v2\/types\/post"}],"author":[{"embeddable":true,"href":"https:\/\/sindaopcpb.org.br\/index.php\/wp-json\/wp\/v2\/users\/45"}],"replies":[{"embeddable":true,"href":"https:\/\/sindaopcpb.org.br\/index.php\/wp-json\/wp\/v2\/comments?post=14227"}],"version-history":[{"count":1,"href":"https:\/\/sindaopcpb.org.br\/index.php\/wp-json\/wp\/v2\/posts\/14227\/revisions"}],"predecessor-version":[{"id":14228,"href":"https:\/\/sindaopcpb.org.br\/index.php\/wp-json\/wp\/v2\/posts\/14227\/revisions\/14228"}],"wp:attachment":[{"href":"https:\/\/sindaopcpb.org.br\/index.php\/wp-json\/wp\/v2\/media?parent=14227"}],"wp:term":[{"taxonomy":"category","embeddable":true,"href":"https:\/\/sindaopcpb.org.br\/index.php\/wp-json\/wp\/v2\/categories?post=14227"},{"taxonomy":"post_tag","embeddable":true,"href":"https:\/\/sindaopcpb.org.br\/index.php\/wp-json\/wp\/v2\/tags?post=14227"}],"curies":[{"name":"wp","href":"https:\/\/api.w.org\/{rel}","templated":true}]}}