{"id":14215,"date":"2023-04-28T16:16:13","date_gmt":"2023-04-28T19:16:13","guid":{"rendered":"https:\/\/www.infomoney.com.br\/?p=2120847"},"modified":"2023-04-28T16:16:13","modified_gmt":"2023-04-28T19:16:13","slug":"lula-assina-medida-provisoria-que-garante-aumento-de-9-para-servidores-publicos-federais","status":"publish","type":"post","link":"https:\/\/sindaopcpb.org.br\/index.php\/2023\/04\/28\/lula-assina-medida-provisoria-que-garante-aumento-de-9-para-servidores-publicos-federais\/","title":{"rendered":"Lula assina Medida Provis\u00f3ria que garante aumento de 9% para servidores p\u00fablicos federais"},"content":{"rendered":"<p><img loading=\"lazy\" width=\"300\" height=\"225\" src=\"https:\/\/www.infomoney.com.br\/wp-content\/uploads\/2023\/03\/mais_medicos-23.jpg?fit=300%2C225&amp;quality=70&amp;strip=all\" class=\"attachment-medium size-medium wp-post-image\" alt=\"\" decoding=\"async\" style=\"float:right; margin:0 0 10px 10px;\" srcset=\"https:\/\/www.infomoney.com.br\/wp-content\/uploads\/2023\/03\/mais_medicos-23.jpg?w=1024&amp;quality=70&amp;strip=all 1024w, https:\/\/www.infomoney.com.br\/wp-content\/uploads\/2023\/03\/mais_medicos-23.jpg?w=300&amp;quality=70&amp;strip=all 300w, https:\/\/www.infomoney.com.br\/wp-content\/uploads\/2023\/03\/mais_medicos-23.jpg?w=768&amp;quality=70&amp;strip=all 768w, https:\/\/www.infomoney.com.br\/wp-content\/uploads\/2023\/03\/mais_medicos-23.jpg?w=150&amp;quality=70&amp;strip=all 150w\" sizes=\"auto, (max-width: 300px) 100vw, 300px\" data-attachment-id=\"2086818\" data-permalink=\"https:\/\/www.infomoney.com.br\/mais_medicos-23\/\" data-orig-file=\"https:\/\/www.infomoney.com.br\/wp-content\/uploads\/2023\/03\/mais_medicos-23.jpg?fit=1024%2C768&amp;quality=70&amp;strip=all\" data-orig-size=\"1024,768\" data-comments-opened=\"0\" data-image-meta=\"{&quot;aperture&quot;:&quot;4.5&quot;,&quot;credit&quot;:&quot;Lula Marques\\\/ Ag\\u00eancia Brasil&quot;,&quot;camera&quot;:&quot;Canon EOS-1D X&quot;,&quot;caption&quot;:&quot;Bras\\u00edlia (DF) 20\\\/03\\\/2023 Presidente da Rep\\u00fablica, Luiz In\\u00e1cio Lula da Silva, e a ministra da Sa\\u00fade, N\\u00edsia Trindade, durante solenidade que anunciou a retomada do programa Mais M\\u00e9dicos para o Brasil.&quot;,&quot;created_timestamp&quot;:&quot;1679316540&quot;,&quot;copyright&quot;:&quot;Ag\\u00eancia Brasil\\\/EBC&quot;,&quot;focal_length&quot;:&quot;300&quot;,&quot;iso&quot;:&quot;2500&quot;,&quot;shutter_speed&quot;:&quot;0.005&quot;,&quot;title&quot;:&quot;&quot;,&quot;orientation&quot;:&quot;0&quot;}\" data-image-title=\"mais_medicos-23\" data-image-description=\"\" data-image-caption=\"&lt;p&gt;Bras\u00edlia (DF) 20\/03\/2023 Presidente da Rep\u00fablica, Luiz In\u00e1cio Lula da Silva, e a ministra da Sa\u00fade, N\u00edsia Trindade, durante solenidade que anunciou a retomada do programa Mais M\u00e9dicos para o Brasil.&lt;\/p&gt;\n\" data-medium-file=\"https:\/\/www.infomoney.com.br\/wp-content\/uploads\/2023\/03\/mais_medicos-23.jpg?fit=300%2C225&amp;quality=70&amp;strip=all\" data-large-file=\"https:\/\/www.infomoney.com.br\/wp-content\/uploads\/2023\/03\/mais_medicos-23.jpg?fit=1024%2C768&amp;quality=70&amp;strip=all\" title=\"\"><\/p>\n<p>O presidente Luiz In\u00e1cio Lula da Silva assinou nesta sexta-feira (28) a Medida Provis\u00f3ria 1.170\/2023, que formaliza o reajuste de 9% a servidores da Uni\u00e3o. O aumento \u00e9 v\u00e1lido para todos os funcion\u00e1rios civis na esfera do governo federal, inclusive os que exercem fun\u00e7\u00f5es comissionadas e tamb\u00e9m aposentados e pensionistas.<\/p>\n<p>A solenidade ocorreu no Pal\u00e1cio do Planalto. Durante discurso, ao mencionar que o pa\u00eds passar por uma fase de reconstru\u00e7\u00e3o, Lula sinalizou que o governo ir\u00e1 promover a realiza\u00e7\u00e3o de concursos p\u00fablicos, e negou que isso possa refletir necessariamente em gastos excessivos.<\/p>\n<p>&#8220;As pessoas n\u00e3o conseguem compreender que para melhorar qualquer servi\u00e7o p\u00fablico \u00e9 preciso contratar mulheres e homens para fazer servi\u00e7os que seres humanos podem fazer. N\u00f3s precisamos de gente atr\u00e1s do balc\u00e3o para cumprimentar, para sorrir, para dizer &#8216;sim&#8217; e &#8216;n\u00e3o&#8217;&#8221;, afirmou.<\/p>\n<p>A medida foi publicada no Di\u00e1rio Oficial da Uni\u00e3o desta sexta e passa a valer a partir de segunda-feira (1\u00ba). A solenidade no Planalto contou com as presen\u00e7as dos ministros do Trabalho (Luiz Marinho) e Gest\u00e3o e Inova\u00e7\u00e3o em Servi\u00e7os P\u00fablicos (Esther Dweck), e representantes de centrais sindicais.<\/p>\n<p>Na quarta-feira (26), o Congresso aprovou o Projeto de Lei autorizando o reajuste, que havia sido acordado em mar\u00e7o, quando governo e servidores chegaram a um consenso ap\u00f3s negocia\u00e7\u00e3o com participa\u00e7\u00e3o de sindicatos. Al\u00e9m do aumento de 9% nos sal\u00e1rios a partir de maio, o compromisso reajustou o aux\u00edlio-alimenta\u00e7\u00e3o, que passou de R$ 458 para R$ 658.<\/p>\n<p>Na \u00e9poca, o Minist\u00e9rio da Gest\u00e3o e da Inova\u00e7\u00e3o em Servi\u00e7os P\u00fablicos afirmou que o acordo era proporcional \u00e0 reserva de R$ 11,2 bilh\u00f5es no or\u00e7amento de 2023 para essa finalidade.<\/p>\n<p>The post <a rel=\"nofollow noopener\" href=\"https:\/\/www.infomoney.com.br\/politica\/lula-assina-medida-provisoria-que-garante-aumento-de-9-para-servidores-publicos-federais\/\" target=\"_blank\">Lula assina Medida Provis\u00f3ria que garante aumento de 9% para servidores p\u00fablicos federais<\/a> appeared first on <a rel=\"nofollow noopener\" href=\"https:\/\/www.infomoney.com.br\/\" target=\"_blank\">InfoMoney<\/a>.<\/p>\n","protected":false},"excerpt":{"rendered":"<p><img loading=\"lazy\" decoding=\"async\" width=\"300\" height=\"225\" src=\"https:\/\/www.infomoney.com.br\/wp-content\/uploads\/2023\/03\/mais_medicos-23.jpg?fit=300%2C225&amp;quality=70&amp;strip=all\" class=\"attachment-medium size-medium wp-post-image\" alt=\"\" data-attachment-id=\"2086818\" data-permalink=\"https:\/\/www.infomoney.com.br\/mais_medicos-23\/\" data-orig-file=\"https:\/\/www.infomoney.com.br\/wp-content\/uploads\/2023\/03\/mais_medicos-23.jpg?fit=1024%2C768&amp;quality=70&amp;strip=all\" data-orig-size=\"1024,768\" data-comments-opened=\"0\" data-image-meta='{\"aperture\":\"4.5\",\"credit\":\"Lula Marques\\\/ Ag\\u00eancia Brasil\",\"camera\":\"Canon EOS-1D X\",\"caption\":\"Bras\\u00edlia (DF) 20\\\/03\\\/2023 Presidente da Rep\\u00fablica, Luiz In\\u00e1cio Lula da Silva, e a ministra da Sa\\u00fade, N\\u00edsia Trindade, durante solenidade que anunciou a retomada do programa Mais M\\u00e9dicos para o Brasil.\",\"created_timestamp\":\"1679316540\",\"copyright\":\"Ag\\u00eancia Brasil\\\/EBC\",\"focal_length\":\"300\",\"iso\":\"2500\",\"shutter_speed\":\"0.005\",\"title\":\"\",\"orientation\":\"0\"}' data-image-title=\"mais_medicos-23\" data-image-description=\"\" data-image-caption=\"&lt;p&gt;Bras\u00edlia (DF) 20\/03\/2023 Presidente da Rep\u00fablica, Luiz In\u00e1cio Lula da Silva, e a ministra da Sa\u00fade, N\u00edsia Trindade, durante solenidade que anunciou a retomada do programa Mais M\u00e9dicos para o Brasil.&lt;\/p&gt;\n\" data-medium-file=\"https:\/\/www.infomoney.com.br\/wp-content\/uploads\/2023\/03\/mais_medicos-23.jpg?fit=300%2C225&amp;quality=70&amp;strip=all\" data-large-file=\"https:\/\/www.infomoney.com.br\/wp-content\/uploads\/2023\/03\/mais_medicos-23.jpg?fit=1024%2C768&amp;quality=70&amp;strip=all\">Publicado no Di\u00e1rio Oficial da Uni\u00e3o desta sexta, texto passa a ter efeitos a partir de segunda-feira (1\u00ba)<\/p>\n<p>The post <a rel=\"nofollow\" href=\"https:\/\/www.infomoney.com.br\/politica\/lula-assina-medida-provisoria-que-garante-aumento-de-9-para-servidores-publicos-federais\/\">Lula assina Medida Provis\u00f3ria que garante aumento de 9% para servidores p\u00fablicos federais<\/a> appeared first on <a rel=\"nofollow\" href=\"https:\/\/www.infomoney.com.br\/\">InfoMoney<\/a>.<\/p>\n","protected":false},"author":47,"featured_media":0,"comment_status":"closed","ping_status":"closed","sticky":false,"template":"","format":"standard","meta":{"advgb_blocks_editor_width":"","advgb_blocks_columns_visual_guide":"","footnotes":""},"categories":[34,129,47,1734],"tags":[35],"class_list":["post-14215","post","type-post","status-publish","format-standard","hentry","category-g1","category-luiz-inacio-lula-da-silva","category-politica","category-servidores-publicos","tag-g1"],"author_meta":{"display_name":"luispereira","author_link":"https:\/\/sindaopcpb.org.br\/author\/luispereira\/"},"featured_img":null,"coauthors":[],"tax_additional":{"categories":{"linked":["<a href=\"https:\/\/sindaopcpb.org.br\/g1\/\" class=\"advgb-post-tax-term\">G1<\/a>","<a href=\"https:\/\/sindaopcpb.org.br\/luiz-inacio-lula-da-silva\/\" class=\"advgb-post-tax-term\">Luiz In\u00e1cio Lula da Silva<\/a>","<a href=\"https:\/\/sindaopcpb.org.br\/politica\/\" class=\"advgb-post-tax-term\">POLITICA<\/a>","<a href=\"https:\/\/sindaopcpb.org.br\/servidores-publicos\/\" class=\"advgb-post-tax-term\">Servidores p\u00fablicos<\/a>"],"unlinked":["<span class=\"advgb-post-tax-term\">G1<\/span>","<span class=\"advgb-post-tax-term\">Luiz In\u00e1cio Lula da Silva<\/span>","<span class=\"advgb-post-tax-term\">POLITICA<\/span>","<span class=\"advgb-post-tax-term\">Servidores p\u00fablicos<\/span>"]},"tags":{"linked":["<a href=\"https:\/\/sindaopcpb.org.br\/servidores-publicos\/\" class=\"advgb-post-tax-term\">g1<\/a>"],"unlinked":["<span class=\"advgb-post-tax-term\">g1<\/span>"]}},"comment_count":"0","relative_dates":{"created":"Publicado 3 anos atr\u00e1s","modified":"Atualizado 3 anos atr\u00e1s"},"absolute_dates":{"created":"Publicado em 28 de abril de 2023","modified":"Atualizado em 28 de abril de 2023"},"absolute_dates_time":{"created":"Publicado em 28 de abril de 2023 16:16","modified":"Atualizado em 28 de abril de 2023 16:16"},"featured_img_caption":"","series_order":"","_links":{"self":[{"href":"https:\/\/sindaopcpb.org.br\/index.php\/wp-json\/wp\/v2\/posts\/14215","targetHints":{"allow":["GET"]}}],"collection":[{"href":"https:\/\/sindaopcpb.org.br\/index.php\/wp-json\/wp\/v2\/posts"}],"about":[{"href":"https:\/\/sindaopcpb.org.br\/index.php\/wp-json\/wp\/v2\/types\/post"}],"author":[{"embeddable":true,"href":"https:\/\/sindaopcpb.org.br\/index.php\/wp-json\/wp\/v2\/users\/47"}],"replies":[{"embeddable":true,"href":"https:\/\/sindaopcpb.org.br\/index.php\/wp-json\/wp\/v2\/comments?post=14215"}],"version-history":[{"count":1,"href":"https:\/\/sindaopcpb.org.br\/index.php\/wp-json\/wp\/v2\/posts\/14215\/revisions"}],"predecessor-version":[{"id":14216,"href":"https:\/\/sindaopcpb.org.br\/index.php\/wp-json\/wp\/v2\/posts\/14215\/revisions\/14216"}],"wp:attachment":[{"href":"https:\/\/sindaopcpb.org.br\/index.php\/wp-json\/wp\/v2\/media?parent=14215"}],"wp:term":[{"taxonomy":"category","embeddable":true,"href":"https:\/\/sindaopcpb.org.br\/index.php\/wp-json\/wp\/v2\/categories?post=14215"},{"taxonomy":"post_tag","embeddable":true,"href":"https:\/\/sindaopcpb.org.br\/index.php\/wp-json\/wp\/v2\/tags?post=14215"}],"curies":[{"name":"wp","href":"https:\/\/api.w.org\/{rel}","templated":true}]}}