{"id":14143,"date":"2023-04-28T09:35:48","date_gmt":"2023-04-28T12:35:48","guid":{"rendered":"https:\/\/www.infomoney.com.br\/?p=2120006"},"modified":"2023-04-28T09:35:48","modified_gmt":"2023-04-28T12:35:48","slug":"lula-assinara-mp-do-salario-minimo-de-r-1-320-ate-1o-de-maio","status":"publish","type":"post","link":"https:\/\/sindaopcpb.org.br\/index.php\/2023\/04\/28\/lula-assinara-mp-do-salario-minimo-de-r-1-320-ate-1o-de-maio\/","title":{"rendered":"Lula assinar\u00e1 MP do sal\u00e1rio m\u00ednimo de R$ 1.320 at\u00e9 1\u00ba de maio"},"content":{"rendered":"<p><img loading=\"lazy\" width=\"300\" height=\"200\" src=\"https:\/\/www.infomoney.com.br\/wp-content\/uploads\/2022\/05\/GettyImages-1366842022.jpg?fit=300%2C200&amp;quality=70&amp;strip=all\" class=\"attachment-medium size-medium wp-post-image\" alt=\"\" decoding=\"async\" style=\"float:right; margin:0 0 10px 10px;\" srcset=\"https:\/\/www.infomoney.com.br\/wp-content\/uploads\/2022\/05\/GettyImages-1366842022.jpg?w=724&amp;quality=70&amp;strip=all 724w, https:\/\/www.infomoney.com.br\/wp-content\/uploads\/2022\/05\/GettyImages-1366842022.jpg?w=300&amp;quality=70&amp;strip=all 300w, https:\/\/www.infomoney.com.br\/wp-content\/uploads\/2022\/05\/GettyImages-1366842022.jpg?w=150&amp;quality=70&amp;strip=all 150w\" sizes=\"auto, (max-width: 300px) 100vw, 300px\" data-attachment-id=\"2111429\" data-permalink=\"https:\/\/www.infomoney.com.br\/minhas-financas\/como-incluir-ganho-de-capital-na-declaracao-de-imposto-de-renda-online\/attachment\/brazilian-real-banknotes-with-a-magnifying-glass-on-them-and-some-coins-that-are-on-top-of-a-wooden-furniture-time-of-financial-crisis-with-high-inflation\/\" data-orig-file=\"https:\/\/www.infomoney.com.br\/wp-content\/uploads\/2022\/05\/GettyImages-1366842022.jpg?fit=724%2C483&amp;quality=70&amp;strip=all\" data-orig-size=\"724,483\" data-comments-opened=\"0\" data-image-meta=\"{&quot;aperture&quot;:&quot;6.3&quot;,&quot;credit&quot;:&quot;Getty Images\\\/iStockphoto&quot;,&quot;camera&quot;:&quot;Canon EOS Rebel T6&quot;,&quot;caption&quot;:&quot;Brazilian Real banknotes with a magnifying glass on them and some coins that are on top of a wooden furniture. Time of financial crisis with high inflation.&quot;,&quot;created_timestamp&quot;:&quot;1630339455&quot;,&quot;copyright&quot;:&quot;\\u00a9 Rafael de Matos Carvalho \\\/ All rights reserved.&quot;,&quot;focal_length&quot;:&quot;35&quot;,&quot;iso&quot;:&quot;100&quot;,&quot;shutter_speed&quot;:&quot;0.00625&quot;,&quot;title&quot;:&quot;Brazilian Real banknotes with a magnifying glass on them and some coins that are on top of a wooden furniture. Time of financial crisis with high inflation.&quot;,&quot;orientation&quot;:&quot;1&quot;}\" data-image-title=\"Dinheiro\" data-image-description=\"&lt;p&gt;Dinheiro&lt;\/p&gt;\n\" data-image-caption=\"&lt;p&gt;(Getty Images)&lt;\/p&gt;\n\" data-medium-file=\"https:\/\/www.infomoney.com.br\/wp-content\/uploads\/2022\/05\/GettyImages-1366842022.jpg?fit=300%2C200&amp;quality=70&amp;strip=all\" data-large-file=\"https:\/\/www.infomoney.com.br\/wp-content\/uploads\/2022\/05\/GettyImages-1366842022.jpg?fit=724%2C483&amp;quality=70&amp;strip=all\" title=\"\"><\/p>\n<p>O presidente Luiz In&aacute;cio Lula da Silva deve assinar nos pr&oacute;ximos dias a Medida Provis&oacute;ria (MP) para instituir o sal&aacute;rio m&iacute;nimo de R$ 1.320 este ano. A informa&ccedil;&atilde;o foi dada na noite desta quinta-feira (27) pelo ministro do Trabalho, Luiz Marinho, que participou de uma reuni&atilde;o do presidente com representantes das centrais sindicais, no Pal&aacute;cio da Alvorada. A MP tem efeito imediato, mas precisa ser aprovada pelo Congresso Nacional em at&eacute; 120 dias.<\/p>\n<p>Marinho tamb&eacute;m anunciou que o governo vai enviar um projeto de lei para retomar a <a href=\"https:\/\/www.infomoney.com.br\/politica\/ministro-diz-que-deve-fechar-em-breve-nova-politica-de-valorizacao-do-salario-minimo\/\" rel=\"nofollow noopener\" target=\"_blank\">pol&iacute;tica de valoriza&ccedil;&atilde;o real do sal&aacute;rio m&iacute;nimo,<\/a> que vigorou ao longo dos governos petistas. Ela vai assegurar a recomposi&ccedil;&atilde;o da infla&ccedil;&atilde;o, com base no &Iacute;ndice Nacional de Pre&ccedil;os ao Consumidor (INPC) do ano anterior mais o percentual de crescimento do PIB de dois anos anteriores. Ou seja, em 2024, se estiver em vigor, o reajuste ser&aacute; o INPC de 2023 mais o percentual de crescimento do PIB de 2022.<\/p>\n<p>&ldquo;A pol&iacute;tica de recupera&ccedil;&atilde;o e valoriza&ccedil;&atilde;o permanente do sal&aacute;rio m&iacute;nimo ir&aacute; por projeto de lei. Tem este ano para tramitar e a primeira validade ser&aacute; janeiro do ano seguinte [2024], considerando a reposi&ccedil;&atilde;o da infla&ccedil;&atilde;o acrescida do PIB consolidado, ou seja, de dois anos anteriores. Esse &eacute; o resultado da conversa de hoje&rdquo;, disse Marinho a jornalistas na resid&ecirc;ncia oficial.<\/p>\n<p>Nesta sexta-feira (28), ap&oacute;s compromissos em Bras&iacute;lia pela manh&atilde;, Lula embarca para S&atilde;o Paulo, onde deve passar o fim de semana. Segundo Luiz Marinho, ele deve participar do ato do Dia do Trabalhador, no dia 1&ordm; de maio, no Vale do Anhangaba&uacute;, na capital paulista, organizado pelas centrais sindicais.<\/p>\n<p>A declara&ccedil;&atilde;o de Marinho acontece depois de Carlos Lupi, ministro da Previd&ecirc;ncia Social, afirmar no in&iacute;cio desta semana que o <a href=\"https:\/\/www.infomoney.com.br\/politica\/governo-lula-ainda-nao-decidiu-se-aumentara-salario-minimo-para-r-1-320-diz-ministro\/\" rel=\"nofollow noopener\" target=\"_blank\">governo Lula ainda n&atilde;o tinha definido se haveria altera&ccedil;&atilde;o no valor do sal&aacute;rio m&iacute;nimo.<\/a> Segundo ele, o valor ainda n&atilde;o estaria fechado.<\/p>\n<div class=\"cta-middle\">\n<div class=\"im-cta\">\n<div class=\"im-shortcode-forms bg-light bg-opacity-25 border rounded-4 p-3 p-sm-4 p-md-3 p-lg-4 px-xxl-5 my-5\" data-configuration='{\"form_name\":false,\"form_hat\":\"Ebook Gratuito\",\"form_email\":true,\"form_icon\":\"ebook\",\"form_phone\":false,\"form_campaign\":\"EIR\",\"form_thankyou\":\"\",\"form_journey\":\"APIEvent-1dffdfcc-1cdd-785f-8e84-878d75177314\",\"form_button\":\"Enviar\",\"form_context\":\"curso-livre\",\"form_origin\":\"https:\\\/\\\/www.infomoney.com.br\\\/politica\\\/feed\\\/?utm_medium=materia&#038;utm_source=infomoney&#038;utm_campaign=EIR&#038;utm_term=&#038;utm_content=\",\"form_position\":\"meio\",\"form_category\":\"cta_form\"}'>\n<div class=\"d-flex flex-column align-items-center align-items-lg-start mb-4 flex-lg-row\">\n<div class=\"rounded-circle mb-2 mb-lg-0 mr-lg-4 me-lg-4 p-3 p-lg-4 bg-yellow-500\"><svg width=\"40\" height=\"40\" viewBox=\"0 0 40 40\" fill=\"none\" xmlns=\"http:\/\/www.w3.org\/2000\/svg\"><path d=\"M9.917 35.833a2.328 2.328 0 0 1-1.709-.708 2.328 2.328 0 0 1-.708-1.708V6.583c0-.666.236-1.236.708-1.708a2.328 2.328 0 0 1 1.709-.708h20.166a2.33 2.33 0 0 1 1.709.708c.472.472.708 1.042.708 1.708v26.834c0 .666-.236 1.236-.708 1.708a2.328 2.328 0 0 1-1.709.708H9.917Zm0-1.875h20.166a.518.518 0 0 0 .375-.166.518.518 0 0 0 .167-.375V6.583a.518.518 0 0 0-.167-.375.518.518 0 0 0-.375-.166h-2.208v10.541l-3.667-2.125-3.625 2.125V6.042H9.917a.518.518 0 0 0-.375.166.518.518 0 0 0-.167.375v26.834c0 .139.056.264.167.375a.518.518 0 0 0 .375.166Z\" fill=\"#000\"\/><\/svg><\/div>\n<div class=\"flex-fill text-center text-lg-left\">\n<div class=\"h6 small text-orange-700 lh-base mb-1\">Ebook Gratuito<\/div>\n<div class=\"text-body h4 m-0\">Como declarar investimentos no Imposto de Renda<\/div>\n<div class=\"text-body small lh-base mt-2\">Cadastre-se e receba um manual com as informa&ccedil;&otilde;es necess&aacute;rias para declarar cada tipo de investimento<\/div>\n<\/div>\n<\/div>\n<\/div>\n<\/div>\n<\/div>\n<p>Segundo a Secretaria do Tesouro Nacional, cada R$ 1 a mais no sal&aacute;rio m&iacute;nimo de R$ 1.302 elevaria hoje o d&eacute;ficit do Regime Geral de Previd&ecirc;ncia Social (RGPS) em R$ 259,7 milh&otilde;es. Na hip&oacute;tese, seriam R$ 6,3 milh&otilde;es extras na arrecada&ccedil;&atilde;o do RGPS, ante um acr&eacute;scimo de R$ 266 milh&otilde;es nos benef&iacute;cios previdenci&aacute;rios.<\/p>\n<div class=\"infomoney-related-posts\">\n<h4>Leia tamb&eacute;m<\/h4>\n<div class=\"list\">\n<div class=\"row mx-0 item\">\n<div class=\"img-container\">\n<figure><img decoding=\"async\" class=\"img-fluid img-fluid\" src=\"https:\/\/www.infomoney.com.br\/wp-content\/uploads\/2023\/01\/Lula_1.jpg?quality=70&#038;w=150&#038;%23038;h=150&#038;%23038;crop=1&#038;%23038;strip=all\" data-recalc-dims=\"1\" alt=\"\" title=\"\"><\/figure>\n<\/div>\n<div class=\"info\"><span class=\"hl-hat\">Entrevista &agrave; CNN<\/span><span class=\"hl-title\"><a href=\"https:\/\/www.infomoney.com.br\/minhas-financas\/lula-confirma-que-salario-minimo-vai-subir-para-r-1-320-em-maio\/\" rel=\"nofollow noopener\" target=\"_blank\">Lula confirma que sal&aacute;rio m&iacute;nimo vai subir para R$ 1.320 em maio<\/a><\/span><span class=\"hl-description\">Presidente afirmou tamb&eacute;m que governo vai retomar pol&iacute;tica de reajustes do m&iacute;nimo pela infla&ccedil;&atilde;o mais o crescimento do PIB<\/span><\/div>\n<\/div>\n<div class=\"row mx-0 item\">\n<div class=\"img-container\">\n<figure><img decoding=\"async\" class=\"img-fluid img-fluid\" src=\"https:\/\/www.infomoney.com.br\/wp-content\/uploads\/2019\/06\/salario-dinheiro.jpg?quality=70&#038;w=150&#038;%23038;h=150&#038;%23038;crop=1&#038;%23038;strip=all\" data-recalc-dims=\"1\" alt=\"\" title=\"\"><\/figure>\n<\/div>\n<div class=\"info\"><span class=\"hl-hat\">Sal&aacute;rios<\/span><span class=\"hl-title\"><a href=\"https:\/\/www.infomoney.com.br\/politica\/prefeitos-veem-impacto-de-r-48-bi-em-contas-com-reajuste-do-minimo\/\" rel=\"nofollow noopener\" target=\"_blank\">Prefeitos veem impacto de R$ 4,8 bi em contas com reajuste do m&iacute;nimo<\/a><\/span><span class=\"hl-description\">O custo consta em estudo sobre o impacto do aumento do valor do sal&aacute;rio m&iacute;nimo para o caixa dos munic&iacute;pios<\/span><\/div>\n<\/div>\n<\/div>\n<\/div>\n<h2>Medida j&aacute; havia sido anunciada<\/h2>\n<p>O valor de R$ 1.320 j&aacute; havia sido anunciado por Lula em fevereiro, quando ele confirmou que o reajuste deveria entrar em vigor em maio. Na mesma ocasi&atilde;o, segundo Lula, deve ser divulgada <a href=\"https:\/\/www.infomoney.com.br\/guias\/imposto-de-renda\/\" rel=\"nofollow noopener\" target=\"_blank\">a <\/a><a href=\"https:\/\/www.infomoney.com.br\/minhas-financas\/lula-confirma-correcao-na-tabela-de-imposto-de-renda-e-isencao-sobe-para-r-2-640\/\" rel=\"nofollow noopener\" target=\"_blank\">nova faixa de isen&ccedil;&atilde;o do Imposto de Renda,<\/a> que passar&aacute; de R$ 1.903,98 para R$ 2.640 &mdash; quando anunciada oficialmente, a <a href=\"https:\/\/www.infomoney.com.br\/minhas-financas\/imposto-de-renda-receita-atualiza-tabela-progressiva-mas-medida-ainda-nao-tem-validade-entenda\/\" rel=\"nofollow noopener\" target=\"_blank\">medida deve passar a valer para as declara&ccedil;&otilde;es de IR 2024.<\/a><\/p>\n<p>Atualmente, o sal&aacute;rio m&iacute;nimo est&aacute; em R$ 1.302, conforme medida provis&oacute;ria editada em meados de dezembro pelo governo anterior. Esse valor considera a varia&ccedil;&atilde;o da infla&ccedil;&atilde;o medida pelo &Iacute;ndice Nacional de Pre&ccedil;os ao Consumidor (INPC), acrescido de ganho real de aproximadamente 1,4%.<\/p>\n<p>Entretanto, o valor aprovado pelo Congresso Nacional no Or&ccedil;amento Geral da Uni&atilde;o de 2023 &eacute; de R$ 1.320, mas, para entrar em vigor, depende justamente uma nova MP do Executivo, que agora ser&aacute; assinada.<\/p>\n<p>Em mar&ccedil;o de 2023, o sal&aacute;rio m&iacute;nimo necess&aacute;rio para a manuten&ccedil;&atilde;o de uma fam&iacute;lia de quatro pessoas no pa&iacute;s deveria ter sido de R$ 6.571,52, ou 5,05 vezes o m&iacute;nimo de R$ 1.302,00, de acordo com c&aacute;lculos do Departamento Intersindical de Estudos e Estat&iacute;sticas Socioecon&ocirc;micas (Dieese). No Brasil, o sal&aacute;rio m&iacute;nimo &eacute; refer&ecirc;ncia para cerca de 60,3 milh&otilde;es de trabalhadores e aposentados.<\/p>\n<p><em>*Com Ag&ecirc;ncia Brasil.&nbsp;<\/em><\/p>\n<div class=\"infomoney-related-posts\">\n<h4>Leia tamb&eacute;m<\/h4>\n<div class=\"list\">\n<div class=\"row mx-0 item\">\n<div class=\"img-container\">\n<figure><img decoding=\"async\" class=\"img-fluid img-fluid\" src=\"https:\/\/www.infomoney.com.br\/wp-content\/uploads\/2023\/01\/luizmarinho.jpg?quality=70&#038;w=150&#038;%23038;h=150&#038;%23038;crop=1&#038;%23038;strip=all\" data-recalc-dims=\"1\" alt=\"\" title=\"\"><\/figure>\n<\/div>\n<div class=\"info\"><span class=\"hl-hat\">Sal&aacute;rio m&iacute;nimo<\/span><span class=\"hl-title\"><a href=\"https:\/\/www.infomoney.com.br\/politica\/ministro-diz-que-deve-fechar-em-breve-nova-politica-de-valorizacao-do-salario-minimo\/\" rel=\"nofollow noopener\" target=\"_blank\">Ministro diz que deve fechar em breve nova pol&iacute;tica de valoriza&ccedil;&atilde;o do sal&aacute;rio m&iacute;nimo<\/a><\/span><span class=\"hl-description\">Marinho disse que o valor de R$ 1.320 anunciado garante um &ldquo;bom &iacute;ndice&rdquo; de ganho real para os trabalhadores, mas ainda n&atilde;o &eacute; suficiente<\/span><\/div>\n<\/div>\n<div class=\"row mx-0 item\">\n<div class=\"img-container\">\n<figure><img decoding=\"async\" class=\"img-fluid img-fluid\" src=\"https:\/\/www.infomoney.com.br\/wp-content\/uploads\/2023\/03\/GettyImages-1372808046.jpg?quality=70&#038;w=150&#038;%23038;h=150&#038;%23038;crop=1&#038;%23038;strip=all\" data-recalc-dims=\"1\" alt=\"\" title=\"\"><\/figure>\n<\/div>\n<div class=\"info\"><span class=\"hl-hat\">Lei de Diretrizes Or&ccedil;ament&aacute;rias<\/span><span class=\"hl-title\"><a href=\"https:\/\/www.infomoney.com.br\/minhas-financas\/governo-lula-propoe-salario-minimo-de-r-1-389-para-2024\/\" rel=\"nofollow noopener\" target=\"_blank\">Governo Lula prop&otilde;e sal&aacute;rio m&iacute;nimo de R$ 1.389 para 2024<\/a><\/span><span class=\"hl-description\">Valor representa um aumento de 6,7% em rela&ccedil;&atilde;o ao valor atual de R$ 1.302 e de 5,2% ante os R$ 1.320 prometidos por Lula para maio<\/span><\/div>\n<\/div>\n<\/div>\n<\/div>\n<p>The post <a rel=\"nofollow noopener\" href=\"https:\/\/www.infomoney.com.br\/minhas-financas\/lula-assinara-mp-do-salario-minimo-de-r-1-320-ate-1o-de-maio\/\" target=\"_blank\">Lula assinar\u00e1 MP do sal\u00e1rio m\u00ednimo de R$ 1.320 at\u00e9 1\u00ba de maio<\/a> appeared first on <a rel=\"nofollow noopener\" href=\"https:\/\/www.infomoney.com.br\/\" target=\"_blank\">InfoMoney<\/a>.<\/p>\n","protected":false},"excerpt":{"rendered":"<p><img loading=\"lazy\" decoding=\"async\" width=\"300\" height=\"200\" src=\"https:\/\/www.infomoney.com.br\/wp-content\/uploads\/2022\/05\/GettyImages-1366842022.jpg?fit=300%2C200&amp;quality=70&amp;strip=all\" class=\"attachment-medium size-medium wp-post-image\" alt=\"\" data-attachment-id=\"2111429\" data-permalink=\"https:\/\/www.infomoney.com.br\/minhas-financas\/como-incluir-ganho-de-capital-na-declaracao-de-imposto-de-renda-online\/attachment\/brazilian-real-banknotes-with-a-magnifying-glass-on-them-and-some-coins-that-are-on-top-of-a-wooden-furniture-time-of-financial-crisis-with-high-inflation\/\" data-orig-file=\"https:\/\/www.infomoney.com.br\/wp-content\/uploads\/2022\/05\/GettyImages-1366842022.jpg?fit=724%2C483&amp;quality=70&amp;strip=all\" data-orig-size=\"724,483\" data-comments-opened=\"0\" data-image-meta='{\"aperture\":\"6.3\",\"credit\":\"Getty Images\\\/iStockphoto\",\"camera\":\"Canon EOS Rebel T6\",\"caption\":\"Brazilian Real banknotes with a magnifying glass on them and some coins that are on top of a wooden furniture. Time of financial crisis with high inflation.\",\"created_timestamp\":\"1630339455\",\"copyright\":\"\\u00a9 Rafael de Matos Carvalho \\\/ All rights reserved.\",\"focal_length\":\"35\",\"iso\":\"100\",\"shutter_speed\":\"0.00625\",\"title\":\"Brazilian Real banknotes with a magnifying glass on them and some coins that are on top of a wooden furniture. Time of financial crisis with high inflation.\",\"orientation\":\"1\"}' data-image-title=\"Dinheiro\" data-image-description=\"&lt;p&gt;Dinheiro&lt;\/p&gt;\n\" data-image-caption=\"&lt;p&gt;(Getty Images)&lt;\/p&gt;\n\" data-medium-file=\"https:\/\/www.infomoney.com.br\/wp-content\/uploads\/2022\/05\/GettyImages-1366842022.jpg?fit=300%2C200&amp;quality=70&amp;strip=all\" data-large-file=\"https:\/\/www.infomoney.com.br\/wp-content\/uploads\/2022\/05\/GettyImages-1366842022.jpg?fit=724%2C483&amp;quality=70&amp;strip=all\">Quando assinada, a MP tem efeito imediato, mas precisa ser aprovada pelo Congresso Nacional em at\u00e9 120 dias<\/p>\n<p>The post <a rel=\"nofollow\" href=\"https:\/\/www.infomoney.com.br\/minhas-financas\/lula-assinara-mp-do-salario-minimo-de-r-1-320-ate-1o-de-maio\/\">Lula assinar\u00e1 MP do sal\u00e1rio m\u00ednimo de R$ 1.320 at\u00e9 1\u00ba de maio<\/a> appeared first on <a rel=\"nofollow\" href=\"https:\/\/www.infomoney.com.br\/\">InfoMoney<\/a>.<\/p>\n","protected":false},"author":45,"featured_media":0,"comment_status":"closed","ping_status":"closed","sticky":false,"template":"","format":"standard","meta":{"advgb_blocks_editor_width":"","advgb_blocks_columns_visual_guide":"","footnotes":""},"categories":[34,1053,129,571,444,300,47,572],"tags":[35],"class_list":["post-14143","post","type-post","status-publish","format-standard","hentry","category-g1","category-imposto-de-renda","category-luiz-inacio-lula-da-silva","category-luiz-marinho","category-minhas-financas","category-ministerio-do-trabalho","category-politica","category-salario-minimo","tag-g1"],"author_meta":{"display_name":"Equipe InfoMoney","author_link":"https:\/\/sindaopcpb.org.br\/author\/equipe-infomoney\/"},"featured_img":null,"coauthors":[],"tax_additional":{"categories":{"linked":["<a href=\"https:\/\/sindaopcpb.org.br\/g1\/\" class=\"advgb-post-tax-term\">G1<\/a>","<a href=\"https:\/\/sindaopcpb.org.br\/imposto-de-renda\/\" class=\"advgb-post-tax-term\">Imposto de Renda<\/a>","<a href=\"https:\/\/sindaopcpb.org.br\/luiz-inacio-lula-da-silva\/\" class=\"advgb-post-tax-term\">Luiz In\u00e1cio Lula da Silva<\/a>","<a href=\"https:\/\/sindaopcpb.org.br\/luiz-marinho\/\" class=\"advgb-post-tax-term\">Luiz Marinho<\/a>","<a href=\"https:\/\/sindaopcpb.org.br\/minhas-financas\/\" class=\"advgb-post-tax-term\">Minhas Finan\u00e7as<\/a>","<a href=\"https:\/\/sindaopcpb.org.br\/ministerio-do-trabalho\/\" class=\"advgb-post-tax-term\">Minist\u00e9rio do Trabalho<\/a>","<a href=\"https:\/\/sindaopcpb.org.br\/politica\/\" class=\"advgb-post-tax-term\">POLITICA<\/a>","<a href=\"https:\/\/sindaopcpb.org.br\/salario-minimo\/\" class=\"advgb-post-tax-term\">Sal\u00e1rio M\u00ednimo<\/a>"],"unlinked":["<span class=\"advgb-post-tax-term\">G1<\/span>","<span class=\"advgb-post-tax-term\">Imposto de Renda<\/span>","<span class=\"advgb-post-tax-term\">Luiz In\u00e1cio Lula da Silva<\/span>","<span class=\"advgb-post-tax-term\">Luiz Marinho<\/span>","<span class=\"advgb-post-tax-term\">Minhas Finan\u00e7as<\/span>","<span class=\"advgb-post-tax-term\">Minist\u00e9rio do Trabalho<\/span>","<span class=\"advgb-post-tax-term\">POLITICA<\/span>","<span class=\"advgb-post-tax-term\">Sal\u00e1rio M\u00ednimo<\/span>"]},"tags":{"linked":["<a href=\"https:\/\/sindaopcpb.org.br\/salario-minimo\/\" class=\"advgb-post-tax-term\">g1<\/a>"],"unlinked":["<span class=\"advgb-post-tax-term\">g1<\/span>"]}},"comment_count":"0","relative_dates":{"created":"Publicado 3 anos atr\u00e1s","modified":"Atualizado 3 anos atr\u00e1s"},"absolute_dates":{"created":"Publicado em 28 de abril de 2023","modified":"Atualizado em 28 de abril de 2023"},"absolute_dates_time":{"created":"Publicado em 28 de abril de 2023 09:35","modified":"Atualizado em 28 de abril de 2023 09:35"},"featured_img_caption":"","series_order":"","_links":{"self":[{"href":"https:\/\/sindaopcpb.org.br\/index.php\/wp-json\/wp\/v2\/posts\/14143","targetHints":{"allow":["GET"]}}],"collection":[{"href":"https:\/\/sindaopcpb.org.br\/index.php\/wp-json\/wp\/v2\/posts"}],"about":[{"href":"https:\/\/sindaopcpb.org.br\/index.php\/wp-json\/wp\/v2\/types\/post"}],"author":[{"embeddable":true,"href":"https:\/\/sindaopcpb.org.br\/index.php\/wp-json\/wp\/v2\/users\/45"}],"replies":[{"embeddable":true,"href":"https:\/\/sindaopcpb.org.br\/index.php\/wp-json\/wp\/v2\/comments?post=14143"}],"version-history":[{"count":1,"href":"https:\/\/sindaopcpb.org.br\/index.php\/wp-json\/wp\/v2\/posts\/14143\/revisions"}],"predecessor-version":[{"id":14144,"href":"https:\/\/sindaopcpb.org.br\/index.php\/wp-json\/wp\/v2\/posts\/14143\/revisions\/14144"}],"wp:attachment":[{"href":"https:\/\/sindaopcpb.org.br\/index.php\/wp-json\/wp\/v2\/media?parent=14143"}],"wp:term":[{"taxonomy":"category","embeddable":true,"href":"https:\/\/sindaopcpb.org.br\/index.php\/wp-json\/wp\/v2\/categories?post=14143"},{"taxonomy":"post_tag","embeddable":true,"href":"https:\/\/sindaopcpb.org.br\/index.php\/wp-json\/wp\/v2\/tags?post=14143"}],"curies":[{"name":"wp","href":"https:\/\/api.w.org\/{rel}","templated":true}]}}