{"id":14119,"date":"2023-04-27T19:55:00","date_gmt":"2023-04-27T22:55:00","guid":{"rendered":"https:\/\/www.infomoney.com.br\/?p=2119702"},"modified":"2023-04-27T19:55:00","modified_gmt":"2023-04-27T22:55:00","slug":"novo-conselho-de-administracao-da-petrobras-petr4-e-eleito-com-3-membros-considerados-inelegiveis","status":"publish","type":"post","link":"https:\/\/sindaopcpb.org.br\/index.php\/2023\/04\/27\/novo-conselho-de-administracao-da-petrobras-petr4-e-eleito-com-3-membros-considerados-inelegiveis\/","title":{"rendered":"Novo Conselho de Administra\u00e7\u00e3o da Petrobras (PETR4) \u00e9 eleito com 3 membros considerados \u201cineleg\u00edveis\u201d"},"content":{"rendered":"<p><img loading=\"lazy\" width=\"300\" height=\"200\" src=\"https:\/\/www.infomoney.com.br\/wp-content\/uploads\/2023\/01\/foto-sede-Petrobras.jpg?fit=300%2C200&amp;quality=70&amp;strip=all\" class=\"attachment-medium size-medium wp-post-image\" alt=\"\" decoding=\"async\" style=\"float:right; margin:0 0 10px 10px;\" srcset=\"https:\/\/www.infomoney.com.br\/wp-content\/uploads\/2023\/01\/foto-sede-Petrobras.jpg?w=1124&amp;quality=70&amp;strip=all 1124w, https:\/\/www.infomoney.com.br\/wp-content\/uploads\/2023\/01\/foto-sede-Petrobras.jpg?w=300&amp;quality=70&amp;strip=all 300w, https:\/\/www.infomoney.com.br\/wp-content\/uploads\/2023\/01\/foto-sede-Petrobras.jpg?w=768&amp;quality=70&amp;strip=all 768w, https:\/\/www.infomoney.com.br\/wp-content\/uploads\/2023\/01\/foto-sede-Petrobras.jpg?w=150&amp;quality=70&amp;strip=all 150w\" sizes=\"auto, (max-width: 300px) 100vw, 300px\" data-attachment-id=\"2028688\" data-permalink=\"https:\/\/www.infomoney.com.br\/foto-sede-petrobras\/\" data-orig-file=\"https:\/\/www.infomoney.com.br\/wp-content\/uploads\/2023\/01\/foto-sede-Petrobras.jpg?fit=1124%2C751&amp;quality=70&amp;strip=all\" data-orig-size=\"1124,751\" data-comments-opened=\"0\" data-image-meta=\"{&quot;aperture&quot;:&quot;0&quot;,&quot;credit&quot;:&quot;Lara Riz\\u00e9rio&quot;,&quot;camera&quot;:&quot;&quot;,&quot;caption&quot;:&quot;&quot;,&quot;created_timestamp&quot;:&quot;1673452169&quot;,&quot;copyright&quot;:&quot;&quot;,&quot;focal_length&quot;:&quot;0&quot;,&quot;iso&quot;:&quot;0&quot;,&quot;shutter_speed&quot;:&quot;0&quot;,&quot;title&quot;:&quot;&quot;,&quot;orientation&quot;:&quot;0&quot;}\" data-image-title=\"foto sede Petrobras\" data-image-description=\"\" data-image-caption=\"&lt;p&gt;Sede da Petrobras (foto: Getty Images)&lt;\/p&gt;\n\" data-medium-file=\"https:\/\/www.infomoney.com.br\/wp-content\/uploads\/2023\/01\/foto-sede-Petrobras.jpg?fit=300%2C200&amp;quality=70&amp;strip=all\" data-large-file=\"https:\/\/www.infomoney.com.br\/wp-content\/uploads\/2023\/01\/foto-sede-Petrobras.jpg?fit=1124%2C751&amp;quality=70&amp;strip=all\" title=\"\"><\/p>\n<p>A Assembleia Geral Ordin\u00e1ria (AGO) dos acionistas da Petrobras (<a href=https:\/\/www.infomoney.com.br\/cotacoes\/b3\/acao\/petrobras-petr4\/>PETR4<\/a>) aprovou nesta quinta-feira, 27, oito novos membros do Conselho de Administra\u00e7\u00e3o (CA) da Petrobras. Isso inclui<a href=\"https:\/\/www.infomoney.com.br\/mercados\/secretario-de-petroleo-do-governo-e-eleito-presidente-do-conselho-da-petrobras-petr4-veja-os-outros-nomes-do-colegiado\/\" rel=\"nofollow noopener\" target=\"_blank\"> tr\u00eas nomes indicados pelo governo federal,<\/a> representante da Uni\u00e3o, que tinham sido rejeitados por todas as inst\u00e2ncias de governan\u00e7a da estatal por n\u00e3o cumprirem os requisitos da Lei das Estatais (13.303).<\/p>\n<p>Ao todo foram aprovadas seis indica\u00e7\u00f5es do governo: Bruno Moretti, Pietro Mendes, Jean Paul Prates, Efrain Cruz, Sergio Rezende, Vitor Saback. Mendes tamb\u00e9m foi eleito presidente do colegiado com 53,49% dos votos, pouco mais do total dos votos da Uni\u00e3o (50,26%), ante 27,78% votos contr\u00e1rios. Destes conselheiros majorit\u00e1rios, s\u00f3 Prates, atual presidente da empresa, se declarou n\u00e3o-independente da Uni\u00e3o.<\/p>\n<p>Tamb\u00e9m foram eleitos, com votos de acionistas minorit\u00e1rios, o empres\u00e1rio Juca Abdalla e o advogado Marcelo Gasparino, reconduzidos ao colegiado. Ambos foram eleitos com o maior n\u00famero de votos, relativos a mais de 7 bilh\u00f5es de a\u00e7\u00f5es ordin\u00e1rias cada um.<\/p>\n<p>Completam o colegiado os tr\u00eas conselheiros eleitos fora do mecanismo de voto m\u00faltiplo e com mandato ativo: os advogados Francisco Petros e Marcelo Mesquita, tamb\u00e9m representantes dos minorit\u00e1rios, e a engenheira Ros\u00e2ngela Buzanelli, que representa os funcion\u00e1rios da Petrobras. Todos os 11 membros do Conselho, agora reformado, t\u00eam mandato at\u00e9 meados de 2024, na pr\u00f3xima assembleia geral ordin\u00e1ria de acionistas.<\/p>\n<p><b>Ineleg\u00edveis<\/b><\/p>\n<p>Entre os indicados pelo governo que foram aprovados na assembleia desta quinta-feira est\u00e3o os secret\u00e1rios de Petr\u00f3leo, G\u00e1s Natural e Biocombust\u00edveis e executivo do Minist\u00e9rio de Minas e Energia (MME), Pietro Mendes e Efrain Cruz, al\u00e9m do dirigente do PSB Sergio Rezende, que foram considerados ineleg\u00edveis por todas as inst\u00e2ncias de governan\u00e7a da Petrobras.<\/p>\n<p>O trio foi reprovado pela \u00e1rea t\u00e9cnica da estatal, pelo Comit\u00ea de Pessoas (Cope) do Conselho de Administra\u00e7\u00e3o e pelo pleno do colegiado devido \u00e0s suas fun\u00e7\u00f5es no governo federal e partidos pol\u00edticos, que s\u00e3o vedados a indicados ao Conselho pela Lei das Estatais (13.303) e pelo estatuto da Petrobras, respectivamente em fun\u00e7\u00e3o de conflito de interesses e falta da quarentena de 36 meses exigida de dirigentes partid\u00e1rios.<\/p>\n<div class=\"infomoney-related-posts\">\n<h4>Leia tamb\u00e9m<\/h4>\n<div class=\"list\">\n<div class=\"row mx-0 item\">\n<div class=\"img-container\">\n<figure><img decoding=\"async\" class=\"img-fluid img-fluid\" src=\"https:\/\/www.infomoney.com.br\/wp-content\/uploads\/2019\/11\/shutterstock_1549849871.jpg?quality=70&#038;w=150&#038;%23038;h=150&#038;%23038;crop=1&#038;%23038;strip=all\" data-recalc-dims=\"1\" alt=\"\" title=\"\"><\/figure>\n<\/div>\n<div class=\"info\"><span class=\"hl-hat\">Em assembleia<\/span><span class=\"hl-title\"><a href=\"https:\/\/www.infomoney.com.br\/mercados\/ago-da-petrobras-petr4-aprova-retencao-de-r-65-bi-de-parcela-de-dividendos-referentes-a-4o-tri\/\" rel=\"nofollow noopener\" target=\"_blank\">AGO da Petrobras (PETR4) aprova dividendos sem reserva de R$ 6,5 bi; total pago sobre 2022 \u00e9 de R$ 17,06 por a\u00e7\u00e3o<\/a><\/span><span class=\"hl-description\">Valor total valor inclui os pagamentos realizados ao longo de 2022 e o dividendo complementar a ser pago a partir do dia 19 de maio de 2023.<\/span><\/div>\n<\/div>\n<\/div>\n<\/div>\n<p>Com isso, o governo Lula, por meio do MME chefiado por Alexandre Silveira (PSD), repetiu o governo Jair Bolsonaro (PL), passando por cima da Lei das Estatais, para al\u00e7ar ao CA da Petrobras os candidatos vedados por lei. O governo, inclusive, alocou os votos da Uni\u00e3o, que perfazem 50,26% do total, nos seis eleitos, incluindo os reprovados, em detrimento de seus indicados considerados aptos pela empresa, Suzana Kahn e Eug\u00eanio Teixeira. Desta vez, foram necess\u00e1rios 5,2 milh\u00f5es de votos (a\u00e7\u00f5es ordin\u00e1rias) para eleger um Conselheiro.<\/p>\n<p>Antes do resultado, quando o item da forma\u00e7\u00e3o do Conselho veio \u00e0 baila na Assembleia, o representante da Uni\u00e3o, o procurador da Fazenda Nacional Ivo Timb\u00f3, ratificou as indica\u00e7\u00f5es das indica\u00e7\u00f5es consideradas ineleg\u00edveis pela empresa, inclusive retirando tr\u00eas indica\u00e7\u00f5es adicionais feitas no m\u00eas passado sob o argumento de eventualmente substituir nomes problem\u00e1ticos. Timb\u00f3 tamb\u00e9m refor\u00e7ou, por mais de uma vez, o car\u00e1ter consultivo dos pareceres da governan\u00e7a da Petrobras, sob o argumento de que a assembleia, dominada pela Uni\u00e3o, \u00e9 soberana nas decis\u00f5es.<\/p>\n<p>A insist\u00eancia nos nomes vedados por lei gerou protestos de acionistas, entre eles o representante de fundos de investimento, advogado Daniel Alves, e o representante da Associa\u00e7\u00e3o dos Engenheiros da Petrobras (Aepet), o engenheiro Fernando Teixeira. O presidente da assembleia, Francisco da Costa e Silva, recomendou que o protesto fosse direcionado ao acionista majorit\u00e1rio, a Uni\u00e3o, presente na reuni\u00e3o. Os dois reclamantes acederam e disseram que fariam uma reclama\u00e7\u00e3o formal sobre o assunto.<\/p>\n<p>The post <a rel=\"nofollow noopener\" href=\"https:\/\/www.infomoney.com.br\/mercados\/novo-conselho-de-administracao-da-petrobras-petr4-e-eleito-com-3-membros-considerados-inelegiveis\/\" target=\"_blank\">Novo Conselho de Administra\u00e7\u00e3o da Petrobras (PETR4) \u00e9 eleito com 3 membros considerados &#8220;ineleg\u00edveis&#8221;<\/a> appeared first on <a rel=\"nofollow noopener\" href=\"https:\/\/www.infomoney.com.br\/\" target=\"_blank\">InfoMoney<\/a>.<\/p>\n","protected":false},"excerpt":{"rendered":"<p><img loading=\"lazy\" decoding=\"async\" width=\"300\" height=\"200\" src=\"https:\/\/www.infomoney.com.br\/wp-content\/uploads\/2023\/01\/foto-sede-Petrobras.jpg?fit=300%2C200&amp;quality=70&amp;strip=all\" class=\"attachment-medium size-medium wp-post-image\" alt=\"\" data-attachment-id=\"2028688\" data-permalink=\"https:\/\/www.infomoney.com.br\/foto-sede-petrobras\/\" data-orig-file=\"https:\/\/www.infomoney.com.br\/wp-content\/uploads\/2023\/01\/foto-sede-Petrobras.jpg?fit=1124%2C751&amp;quality=70&amp;strip=all\" data-orig-size=\"1124,751\" data-comments-opened=\"0\" data-image-meta='{\"aperture\":\"0\",\"credit\":\"Lara Riz\\u00e9rio\",\"camera\":\"\",\"caption\":\"\",\"created_timestamp\":\"1673452169\",\"copyright\":\"\",\"focal_length\":\"0\",\"iso\":\"0\",\"shutter_speed\":\"0\",\"title\":\"\",\"orientation\":\"0\"}' data-image-title=\"foto sede Petrobras\" data-image-description=\"\" data-image-caption=\"&lt;p&gt;Sede da Petrobras (foto: Getty Images)&lt;\/p&gt;\n\" data-medium-file=\"https:\/\/www.infomoney.com.br\/wp-content\/uploads\/2023\/01\/foto-sede-Petrobras.jpg?fit=300%2C200&amp;quality=70&amp;strip=all\" data-large-file=\"https:\/\/www.infomoney.com.br\/wp-content\/uploads\/2023\/01\/foto-sede-Petrobras.jpg?fit=1124%2C751&amp;quality=70&amp;strip=all\">Ao todo foram aprovadas seis indica\u00e7\u00f5es do governo: Bruno Moretti, Pietro Mendes, Jean Paul Prates, Efrain Cruz, Sergio Rezende, Vitor Saback<\/p>\n<p>The post <a rel=\"nofollow\" href=\"https:\/\/www.infomoney.com.br\/mercados\/novo-conselho-de-administracao-da-petrobras-petr4-e-eleito-com-3-membros-considerados-inelegiveis\/\">Novo Conselho de Administra\u00e7\u00e3o da Petrobras (PETR4) \u00e9 eleito com 3 membros considerados \u201cineleg\u00edveis\u201d<\/a> appeared first on <a rel=\"nofollow\" href=\"https:\/\/www.infomoney.com.br\/\">InfoMoney<\/a>.<\/p>\n","protected":false},"author":43,"featured_media":0,"comment_status":"closed","ping_status":"closed","sticky":false,"template":"","format":"standard","meta":{"advgb_blocks_editor_width":"","advgb_blocks_columns_visual_guide":"","footnotes":""},"categories":[673,34,1850,127,318,47],"tags":[35],"class_list":["post-14119","post","type-post","status-publish","format-standard","hentry","category-conselho-de-administracao","category-g1","category-governanca-corporativa","category-mercados","category-petrobras","category-politica","tag-g1"],"author_meta":{"display_name":"Estad\u00e3o Conte\u00fado","author_link":"https:\/\/sindaopcpb.org.br\/author\/estadao-conteudo\/"},"featured_img":null,"coauthors":[],"tax_additional":{"categories":{"linked":["<a href=\"https:\/\/sindaopcpb.org.br\/conselho-de-administracao\/\" class=\"advgb-post-tax-term\">Conselho de Administra\u00e7\u00e3o<\/a>","<a href=\"https:\/\/sindaopcpb.org.br\/g1\/\" class=\"advgb-post-tax-term\">G1<\/a>","<a href=\"https:\/\/sindaopcpb.org.br\/governanca-corporativa\/\" class=\"advgb-post-tax-term\">Governan\u00e7a Corporativa<\/a>","<a href=\"https:\/\/sindaopcpb.org.br\/mercados\/\" class=\"advgb-post-tax-term\">Mercados<\/a>","<a href=\"https:\/\/sindaopcpb.org.br\/petrobras\/\" class=\"advgb-post-tax-term\">Petrobras<\/a>","<a href=\"https:\/\/sindaopcpb.org.br\/politica\/\" class=\"advgb-post-tax-term\">POLITICA<\/a>"],"unlinked":["<span class=\"advgb-post-tax-term\">Conselho de Administra\u00e7\u00e3o<\/span>","<span class=\"advgb-post-tax-term\">G1<\/span>","<span class=\"advgb-post-tax-term\">Governan\u00e7a Corporativa<\/span>","<span class=\"advgb-post-tax-term\">Mercados<\/span>","<span class=\"advgb-post-tax-term\">Petrobras<\/span>","<span class=\"advgb-post-tax-term\">POLITICA<\/span>"]},"tags":{"linked":["<a href=\"https:\/\/sindaopcpb.org.br\/politica\/\" class=\"advgb-post-tax-term\">g1<\/a>"],"unlinked":["<span class=\"advgb-post-tax-term\">g1<\/span>"]}},"comment_count":"0","relative_dates":{"created":"Publicado 3 anos atr\u00e1s","modified":"Atualizado 3 anos atr\u00e1s"},"absolute_dates":{"created":"Publicado em 27 de abril de 2023","modified":"Atualizado em 27 de abril de 2023"},"absolute_dates_time":{"created":"Publicado em 27 de abril de 2023 19:55","modified":"Atualizado em 27 de abril de 2023 19:55"},"featured_img_caption":"","series_order":"","_links":{"self":[{"href":"https:\/\/sindaopcpb.org.br\/index.php\/wp-json\/wp\/v2\/posts\/14119","targetHints":{"allow":["GET"]}}],"collection":[{"href":"https:\/\/sindaopcpb.org.br\/index.php\/wp-json\/wp\/v2\/posts"}],"about":[{"href":"https:\/\/sindaopcpb.org.br\/index.php\/wp-json\/wp\/v2\/types\/post"}],"author":[{"embeddable":true,"href":"https:\/\/sindaopcpb.org.br\/index.php\/wp-json\/wp\/v2\/users\/43"}],"replies":[{"embeddable":true,"href":"https:\/\/sindaopcpb.org.br\/index.php\/wp-json\/wp\/v2\/comments?post=14119"}],"version-history":[{"count":0,"href":"https:\/\/sindaopcpb.org.br\/index.php\/wp-json\/wp\/v2\/posts\/14119\/revisions"}],"wp:attachment":[{"href":"https:\/\/sindaopcpb.org.br\/index.php\/wp-json\/wp\/v2\/media?parent=14119"}],"wp:term":[{"taxonomy":"category","embeddable":true,"href":"https:\/\/sindaopcpb.org.br\/index.php\/wp-json\/wp\/v2\/categories?post=14119"},{"taxonomy":"post_tag","embeddable":true,"href":"https:\/\/sindaopcpb.org.br\/index.php\/wp-json\/wp\/v2\/tags?post=14119"}],"curies":[{"name":"wp","href":"https:\/\/api.w.org\/{rel}","templated":true}]}}