{"id":14076,"date":"2023-04-27T15:45:00","date_gmt":"2023-04-27T18:45:00","guid":{"rendered":"https:\/\/www.infomoney.com.br\/?p=2119571"},"modified":"2023-04-27T15:45:00","modified_gmt":"2023-04-27T18:45:00","slug":"presidente-da-argentina-e-lula-conversaram-sobre-avancos-no-comercio-bilateral","status":"publish","type":"post","link":"https:\/\/sindaopcpb.org.br\/index.php\/2023\/04\/27\/presidente-da-argentina-e-lula-conversaram-sobre-avancos-no-comercio-bilateral\/","title":{"rendered":"Presidente da Argentina e Lula conversaram sobre avan\u00e7os no com\u00e9rcio bilateral"},"content":{"rendered":"<p><img loading=\"lazy\" width=\"300\" height=\"200\" src=\"https:\/\/www.infomoney.com.br\/wp-content\/uploads\/2020\/08\/GettyImages-1209684397.jpg?fit=300%2C200&amp;quality=70&amp;strip=all\" class=\"attachment-medium size-medium wp-post-image\" alt=\"Alberto Fernandez\" decoding=\"async\" style=\"float:right; margin:0 0 10px 10px;\" srcset=\"https:\/\/www.infomoney.com.br\/wp-content\/uploads\/2020\/08\/GettyImages-1209684397.jpg?w=1024&amp;quality=70&amp;strip=all 1024w, https:\/\/www.infomoney.com.br\/wp-content\/uploads\/2020\/08\/GettyImages-1209684397.jpg?w=300&amp;quality=70&amp;strip=all 300w, https:\/\/www.infomoney.com.br\/wp-content\/uploads\/2020\/08\/GettyImages-1209684397.jpg?w=768&amp;quality=70&amp;strip=all 768w, https:\/\/www.infomoney.com.br\/wp-content\/uploads\/2020\/08\/GettyImages-1209684397.jpg?w=150&amp;quality=70&amp;strip=all 150w\" sizes=\"auto, (max-width: 300px) 100vw, 300px\" data-attachment-id=\"1492425\" data-permalink=\"https:\/\/www.infomoney.com.br\/economia\/investidores-monitoram-passos-da-argentina-apos-acordo-historico-com-credores\/attachment\/alberto-fernandez-opens-legislative-sessions\/\" data-orig-file=\"https:\/\/www.infomoney.com.br\/wp-content\/uploads\/2020\/08\/GettyImages-1209684397.jpg?fit=1024%2C683&amp;quality=70&amp;strip=all\" data-orig-size=\"1024,683\" data-comments-opened=\"1\" data-image-meta=\"{&quot;aperture&quot;:&quot;0&quot;,&quot;credit&quot;:&quot;Getty Images&quot;,&quot;camera&quot;:&quot;&quot;,&quot;caption&quot;:&quot;BUENOS AIRES, ARGENTINA - MARCH 01: President of Argentina Alberto Fernandez gestures during the opening session of the 138th period of the Argentine Congress on March 01, 2020 in Buenos Aires, Argentina. (Photo by Ricardo Ceppi\\\/Getty Images)&quot;,&quot;created_timestamp&quot;:&quot;0&quot;,&quot;copyright&quot;:&quot;2020 Getty Images&quot;,&quot;focal_length&quot;:&quot;0&quot;,&quot;iso&quot;:&quot;0&quot;,&quot;shutter_speed&quot;:&quot;0&quot;,&quot;title&quot;:&quot;Alberto Fernandez Opens Legislative Sessions&quot;,&quot;orientation&quot;:&quot;0&quot;}\" data-image-title=\"Alberto Fernandez\" data-image-description=\"\" data-image-caption=\"&lt;p&gt; Alberto Fernandez, presidente da Argentina (Foto: Ricardo Ceppi\/Getty Images)&lt;\/p&gt;\n\" data-medium-file=\"https:\/\/www.infomoney.com.br\/wp-content\/uploads\/2020\/08\/GettyImages-1209684397.jpg?fit=300%2C200&amp;quality=70&amp;strip=all\" data-large-file=\"https:\/\/www.infomoney.com.br\/wp-content\/uploads\/2020\/08\/GettyImages-1209684397.jpg?fit=1024%2C683&amp;quality=70&amp;strip=all\" title=\"\"><\/p>\n<p>O governo da Argentina informou em comunicado que o presidente Alberto Fern\u00e1ndez conversou, nesta quinta-feira (27), por telefone, com seu colega do Brasil, o presidente Luiz In\u00e1cio Lula da Silva. Ap\u00f3s o l\u00edder brasileiro ter relatado o di\u00e1logo, Buenos Aires diz que os l\u00edderes conversaram &#8220;sobre os avan\u00e7os dos acordos comerciais firmados com o Brasil&#8221;.<\/p>\n<p>Segundo a administra\u00e7\u00e3o argentina, Lula e Fern\u00e1ndez falaram por 45 minutos ao telefone.<\/p>\n<p>Eles trataram de avan\u00e7os na implementa\u00e7\u00e3o de acordos de coopera\u00e7\u00e3o firmados nos \u00faltimos meses, e tamb\u00e9m sobre o papel da Unasul, &#8220;organismo regional ao qual os dois pa\u00edses anunciaram formalmente seu retorno nas \u00faltimas semanas&#8221;, al\u00e9m de destacar a import\u00e2ncia de aprofundar &#8220;os v\u00ednculos de fraternidade e o com\u00e9rcio bilateral&#8221;.<\/p>\n<p>The post <a rel=\"nofollow noopener\" href=\"https:\/\/www.infomoney.com.br\/politica\/presidente-da-argentina-e-lula-conversaram-sobre-avancos-no-comercio-bilateral\/\" target=\"_blank\">Presidente da Argentina e Lula conversaram sobre avan\u00e7os no com\u00e9rcio bilateral<\/a> appeared first on <a rel=\"nofollow noopener\" href=\"https:\/\/www.infomoney.com.br\/\" target=\"_blank\">InfoMoney<\/a>.<\/p>\n","protected":false},"excerpt":{"rendered":"<p><img loading=\"lazy\" decoding=\"async\" width=\"300\" height=\"200\" src=\"https:\/\/www.infomoney.com.br\/wp-content\/uploads\/2020\/08\/GettyImages-1209684397.jpg?fit=300%2C200&amp;quality=70&amp;strip=all\" class=\"attachment-medium size-medium wp-post-image\" alt=\"Alberto Fernandez\" data-attachment-id=\"1492425\" data-permalink=\"https:\/\/www.infomoney.com.br\/economia\/investidores-monitoram-passos-da-argentina-apos-acordo-historico-com-credores\/attachment\/alberto-fernandez-opens-legislative-sessions\/\" data-orig-file=\"https:\/\/www.infomoney.com.br\/wp-content\/uploads\/2020\/08\/GettyImages-1209684397.jpg?fit=1024%2C683&amp;quality=70&amp;strip=all\" data-orig-size=\"1024,683\" data-comments-opened=\"1\" data-image-meta='{\"aperture\":\"0\",\"credit\":\"Getty Images\",\"camera\":\"\",\"caption\":\"BUENOS AIRES, ARGENTINA - MARCH 01: President of Argentina Alberto Fernandez gestures during the opening session of the 138th period of the Argentine Congress on March 01, 2020 in Buenos Aires, Argentina. (Photo by Ricardo Ceppi\\\/Getty Images)\",\"created_timestamp\":\"0\",\"copyright\":\"2020 Getty Images\",\"focal_length\":\"0\",\"iso\":\"0\",\"shutter_speed\":\"0\",\"title\":\"Alberto Fernandez Opens Legislative Sessions\",\"orientation\":\"0\"}' data-image-title=\"Alberto Fernandez\" data-image-description=\"\" data-image-caption=\"&lt;p&gt; Alberto Fernandez, presidente da Argentina (Foto: Ricardo Ceppi\/Getty Images)&lt;\/p&gt;\n\" data-medium-file=\"https:\/\/www.infomoney.com.br\/wp-content\/uploads\/2020\/08\/GettyImages-1209684397.jpg?fit=300%2C200&amp;quality=70&amp;strip=all\" data-large-file=\"https:\/\/www.infomoney.com.br\/wp-content\/uploads\/2020\/08\/GettyImages-1209684397.jpg?fit=1024%2C683&amp;quality=70&amp;strip=all\">Segundo governo argentino, Lula e Fern\u00e1ndez falaram por 45 minutos ao telefone<\/p>\n<p>The post <a rel=\"nofollow\" href=\"https:\/\/www.infomoney.com.br\/politica\/presidente-da-argentina-e-lula-conversaram-sobre-avancos-no-comercio-bilateral\/\">Presidente da Argentina e Lula conversaram sobre avan\u00e7os no com\u00e9rcio bilateral<\/a> appeared first on <a rel=\"nofollow\" href=\"https:\/\/www.infomoney.com.br\/\">InfoMoney<\/a>.<\/p>\n","protected":false},"author":43,"featured_media":0,"comment_status":"closed","ping_status":"closed","sticky":false,"template":"","format":"standard","meta":{"advgb_blocks_editor_width":"","advgb_blocks_columns_visual_guide":"","footnotes":""},"categories":[1385,1386,115,34,129,47],"tags":[35],"class_list":["post-14076","post","type-post","status-publish","format-standard","hentry","category-alberto-fernandez","category-argentina","category-brasil","category-g1","category-luiz-inacio-lula-da-silva","category-politica","tag-g1"],"author_meta":{"display_name":"Estad\u00e3o Conte\u00fado","author_link":"https:\/\/sindaopcpb.org.br\/author\/estadao-conteudo\/"},"featured_img":null,"coauthors":[],"tax_additional":{"categories":{"linked":["<a href=\"https:\/\/sindaopcpb.org.br\/alberto-fernandez\/\" class=\"advgb-post-tax-term\">Alberto Fern\u00e1ndez<\/a>","<a href=\"https:\/\/sindaopcpb.org.br\/argentina\/\" class=\"advgb-post-tax-term\">Argentina<\/a>","<a href=\"https:\/\/sindaopcpb.org.br\/brasil\/\" class=\"advgb-post-tax-term\">Brasil<\/a>","<a href=\"https:\/\/sindaopcpb.org.br\/g1\/\" class=\"advgb-post-tax-term\">G1<\/a>","<a href=\"https:\/\/sindaopcpb.org.br\/luiz-inacio-lula-da-silva\/\" class=\"advgb-post-tax-term\">Luiz In\u00e1cio Lula da Silva<\/a>","<a href=\"https:\/\/sindaopcpb.org.br\/politica\/\" class=\"advgb-post-tax-term\">POLITICA<\/a>"],"unlinked":["<span class=\"advgb-post-tax-term\">Alberto Fern\u00e1ndez<\/span>","<span class=\"advgb-post-tax-term\">Argentina<\/span>","<span class=\"advgb-post-tax-term\">Brasil<\/span>","<span class=\"advgb-post-tax-term\">G1<\/span>","<span class=\"advgb-post-tax-term\">Luiz In\u00e1cio Lula da Silva<\/span>","<span class=\"advgb-post-tax-term\">POLITICA<\/span>"]},"tags":{"linked":["<a href=\"https:\/\/sindaopcpb.org.br\/politica\/\" class=\"advgb-post-tax-term\">g1<\/a>"],"unlinked":["<span class=\"advgb-post-tax-term\">g1<\/span>"]}},"comment_count":"0","relative_dates":{"created":"Publicado 3 anos atr\u00e1s","modified":"Atualizado 3 anos atr\u00e1s"},"absolute_dates":{"created":"Publicado em 27 de abril de 2023","modified":"Atualizado em 27 de abril de 2023"},"absolute_dates_time":{"created":"Publicado em 27 de abril de 2023 15:45","modified":"Atualizado em 27 de abril de 2023 15:45"},"featured_img_caption":"","series_order":"","_links":{"self":[{"href":"https:\/\/sindaopcpb.org.br\/index.php\/wp-json\/wp\/v2\/posts\/14076","targetHints":{"allow":["GET"]}}],"collection":[{"href":"https:\/\/sindaopcpb.org.br\/index.php\/wp-json\/wp\/v2\/posts"}],"about":[{"href":"https:\/\/sindaopcpb.org.br\/index.php\/wp-json\/wp\/v2\/types\/post"}],"author":[{"embeddable":true,"href":"https:\/\/sindaopcpb.org.br\/index.php\/wp-json\/wp\/v2\/users\/43"}],"replies":[{"embeddable":true,"href":"https:\/\/sindaopcpb.org.br\/index.php\/wp-json\/wp\/v2\/comments?post=14076"}],"version-history":[{"count":1,"href":"https:\/\/sindaopcpb.org.br\/index.php\/wp-json\/wp\/v2\/posts\/14076\/revisions"}],"predecessor-version":[{"id":14077,"href":"https:\/\/sindaopcpb.org.br\/index.php\/wp-json\/wp\/v2\/posts\/14076\/revisions\/14077"}],"wp:attachment":[{"href":"https:\/\/sindaopcpb.org.br\/index.php\/wp-json\/wp\/v2\/media?parent=14076"}],"wp:term":[{"taxonomy":"category","embeddable":true,"href":"https:\/\/sindaopcpb.org.br\/index.php\/wp-json\/wp\/v2\/categories?post=14076"},{"taxonomy":"post_tag","embeddable":true,"href":"https:\/\/sindaopcpb.org.br\/index.php\/wp-json\/wp\/v2\/tags?post=14076"}],"curies":[{"name":"wp","href":"https:\/\/api.w.org\/{rel}","templated":true}]}}