{"id":14036,"date":"2023-04-27T14:37:44","date_gmt":"2023-04-27T17:37:44","guid":{"rendered":"https:\/\/www.infomoney.com.br\/?p=2119236"},"modified":"2023-04-27T14:37:44","modified_gmt":"2023-04-27T17:37:44","slug":"imposto-de-importacao-sera-cobrado-direto-na-compra-de-sites-internacionais-diz-governo","status":"publish","type":"post","link":"https:\/\/sindaopcpb.org.br\/index.php\/2023\/04\/27\/imposto-de-importacao-sera-cobrado-direto-na-compra-de-sites-internacionais-diz-governo\/","title":{"rendered":"Imposto de Importa\u00e7\u00e3o ser\u00e1 cobrado direto na compra de sites internacionais, diz governo"},"content":{"rendered":"<p><img loading=\"lazy\" width=\"300\" height=\"200\" src=\"https:\/\/www.infomoney.com.br\/wp-content\/uploads\/2023\/04\/shein-sacola.jpg?fit=300%2C200&amp;quality=70&amp;strip=all\" class=\"attachment-medium size-medium wp-post-image\" alt=\"Segundo relat\u00f3rio do Ita\u00fa BBA, vendas da Shein desaceleram nos dois primeiros meses de 2023.\" decoding=\"async\" style=\"float:right; margin:0 0 10px 10px;\" srcset=\"https:\/\/www.infomoney.com.br\/wp-content\/uploads\/2023\/04\/shein-sacola.jpg?w=1401&amp;quality=70&amp;strip=all 1401w, https:\/\/www.infomoney.com.br\/wp-content\/uploads\/2023\/04\/shein-sacola.jpg?w=300&amp;quality=70&amp;strip=all 300w, https:\/\/www.infomoney.com.br\/wp-content\/uploads\/2023\/04\/shein-sacola.jpg?w=768&amp;quality=70&amp;strip=all 768w, https:\/\/www.infomoney.com.br\/wp-content\/uploads\/2023\/04\/shein-sacola.jpg?w=1280&amp;quality=70&amp;strip=all 1280w, https:\/\/www.infomoney.com.br\/wp-content\/uploads\/2023\/04\/shein-sacola.jpg?w=150&amp;quality=70&amp;strip=all 150w\" sizes=\"auto, (max-width: 300px) 100vw, 300px\" data-attachment-id=\"2102761\" data-permalink=\"https:\/\/www.infomoney.com.br\/negocios\/como-os-sites-estrangeiros-estao-impactando-pequenos-e-medios-negocios-no-brasil\/attachment\/shein-sacola\/\" data-orig-file=\"https:\/\/www.infomoney.com.br\/wp-content\/uploads\/2023\/04\/shein-sacola.jpg?fit=1401%2C932&amp;quality=70&amp;strip=all\" data-orig-size=\"1401,932\" data-comments-opened=\"0\" data-image-meta=\"{&quot;aperture&quot;:&quot;0&quot;,&quot;credit&quot;:&quot;&quot;,&quot;camera&quot;:&quot;&quot;,&quot;caption&quot;:&quot;&quot;,&quot;created_timestamp&quot;:&quot;0&quot;,&quot;copyright&quot;:&quot;&quot;,&quot;focal_length&quot;:&quot;0&quot;,&quot;iso&quot;:&quot;0&quot;,&quot;shutter_speed&quot;:&quot;0&quot;,&quot;title&quot;:&quot;&quot;,&quot;orientation&quot;:&quot;0&quot;}\" data-image-title=\"shein-sacola\" data-image-description=\"\" data-image-caption=\"&lt;p&gt;Segundo relat\u00f3rio do Ita\u00fa BBA, vendas da Shein desaceleram nos dois primeiros meses de 2023. Foto: Divulga\u00e7\u00e3o\/Shein&lt;\/p&gt;\n\" data-medium-file=\"https:\/\/www.infomoney.com.br\/wp-content\/uploads\/2023\/04\/shein-sacola.jpg?fit=300%2C200&amp;quality=70&amp;strip=all\" data-large-file=\"https:\/\/www.infomoney.com.br\/wp-content\/uploads\/2023\/04\/shein-sacola.jpg?fit=1280%2C852&amp;quality=70&amp;strip=all\" title=\"\"><\/p>\n<p><iframe loading=\"lazy\" class=\"youtube-player\" width=\"640\" height=\"360\" src=\"https:\/\/www.youtube.com\/embed\/sKP6x8rWlvE?version=3&amp;rel=1&amp;showsearch=0&amp;showinfo=1&amp;iv_load_policy=1&amp;fs=1&amp;hl=pt-BR&amp;autohide=2&amp;wmode=transparent\" allowfullscreen=\"true\" style=\"border:0;\" sandbox=\"allow-scripts allow-same-origin allow-popups allow-presentation\"><\/iframe><\/p>\n<p>Os clientes de sites como <strong>Shein<\/strong>, <strong>Shopee<\/strong> e <strong>Aliexpress<\/strong> v&atilde;o passar a pagar o Imposto de Importa&ccedil;&atilde;o no momento de uma compra internacional, como j&aacute; ocorre em marketplaces de outras varejistas estrangeiras.<\/p>\n<p>A informa&ccedil;&atilde;o foi confirmada pelo Minist&eacute;rio da Fazenda ao <strong>InfoMoney<\/strong>, ap&oacute;s o titular da pasta, Fernando Haddad (PT), afirmar que as varejistas asi&aacute;ticas j&aacute; est&atilde;o aderindo a um &ldquo;plano de conformidade&rdquo; do governo federal <strong>(veja mais abaixo)<\/strong>.<\/p>\n<p>&ldquo;O que o ministro da Fazenda, Fernando Haddad, chamou de &lsquo;digital tax&rsquo; &eacute; o imposto que j&aacute; existe, mas que ser&aacute; recolhido na fonte, antes do envio da mercadoria&rdquo;, afirmou o minist&eacute;rio em nota. &ldquo;A medida est&aacute; em elabora&ccedil;&atilde;o e ser&aacute; detalhada em breve&rdquo;.<\/p>\n<p>A pasta diz que o intuito &eacute; fazer um &ldquo;recolhimento eletr&ocirc;nico facilitado&rdquo; do tributo e &ldquo;garantir a concorr&ecirc;ncia justa para que o consumidor seja beneficiado no curto, m&eacute;dio e longo prazos&rdquo;. &ldquo;&Eacute; importante salientar que n&atilde;o haver&aacute; cria&ccedil;&atilde;o ou majora&ccedil;&atilde;o de tributo, somente a viabiliza&ccedil;&atilde;o do recolhimento eletr&ocirc;nico facilitado&rdquo;.<\/p>\n<h2>&lsquo;Plano de conformidade&rsquo;<\/h2>\n<p>Haddad afirmou a jornalistas, na semana passada, que a <strong>Shein<\/strong> vai aderir a um &ldquo;plano de conformidade&rdquo; da Receita Federal e que outras varejistas asi&aacute;ticas, como <strong>Shopee<\/strong> e <strong>Aliexpress<\/strong>, j&aacute; haviam confirmado a participa&ccedil;&atilde;o.<\/p>\n<div class=\"cta-middle\">\n<div class=\"im-cta\">\n<div class=\"im-shortcode-forms bg-light bg-opacity-25 border rounded-4 p-3 p-sm-4 p-md-3 p-lg-4 px-xxl-5 my-5\" data-configuration='{\"form_name\":false,\"form_hat\":\"Ebook Gratuito\",\"form_email\":true,\"form_icon\":\"ebook\",\"form_phone\":false,\"form_campaign\":\"EIR\",\"form_thankyou\":\"\",\"form_journey\":\"APIEvent-1dffdfcc-1cdd-785f-8e84-878d75177314\",\"form_button\":\"Enviar\",\"form_context\":\"curso-livre\",\"form_origin\":\"https:\\\/\\\/www.infomoney.com.br\\\/politica\\\/feed\\\/?utm_medium=materia&#038;utm_source=infomoney&#038;utm_campaign=EIR&#038;utm_term=&#038;utm_content=\",\"form_position\":\"meio\",\"form_category\":\"cta_form\"}'>\n<div class=\"d-flex flex-column align-items-center align-items-lg-start mb-4 flex-lg-row\">\n<div class=\"rounded-circle mb-2 mb-lg-0 mr-lg-4 me-lg-4 p-3 p-lg-4 bg-yellow-500\"><svg width=\"40\" height=\"40\" viewBox=\"0 0 40 40\" fill=\"none\" xmlns=\"http:\/\/www.w3.org\/2000\/svg\"><path d=\"M9.917 35.833a2.328 2.328 0 0 1-1.709-.708 2.328 2.328 0 0 1-.708-1.708V6.583c0-.666.236-1.236.708-1.708a2.328 2.328 0 0 1 1.709-.708h20.166a2.33 2.33 0 0 1 1.709.708c.472.472.708 1.042.708 1.708v26.834c0 .666-.236 1.236-.708 1.708a2.328 2.328 0 0 1-1.709.708H9.917Zm0-1.875h20.166a.518.518 0 0 0 .375-.166.518.518 0 0 0 .167-.375V6.583a.518.518 0 0 0-.167-.375.518.518 0 0 0-.375-.166h-2.208v10.541l-3.667-2.125-3.625 2.125V6.042H9.917a.518.518 0 0 0-.375.166.518.518 0 0 0-.167.375v26.834c0 .139.056.264.167.375a.518.518 0 0 0 .375.166Z\" fill=\"#000\"\/><\/svg><\/div>\n<div class=\"flex-fill text-center text-lg-left\">\n<div class=\"h6 small text-orange-700 lh-base mb-1\">Ebook Gratuito<\/div>\n<div class=\"text-body h4 m-0\">Como declarar investimentos no Imposto de Renda<\/div>\n<div class=\"text-body small lh-base mt-2\">Cadastre-se e receba um manual com as informa&ccedil;&otilde;es necess&aacute;rias para declarar cada tipo de investimento<\/div>\n<\/div>\n<\/div>\n<\/div>\n<\/div>\n<\/div>\n<p>O governo Luiz In&aacute;cio Lula da Silva (PT) lan&ccedil;ou uma ofensiva para aumentar a arrecada&ccedil;&atilde;o e viabilizar o novo arcabou&ccedil;o fiscal apresentado ao Congresso Nacional. Entre as medidas anunciadas estavam a taxa&ccedil;&atilde;o de todas as remessas internacionais, inclusive os envios de at&eacute; US$ 50 entre pessoas f&iacute;sicas (cerca de R$ 250).<\/p>\n<p>Mas, diante da repercuss&atilde;o negativa sobre a taxa&ccedil;&atilde;o de compras internacionais, <a href=\"https:\/\/www.infomoney.com.br\/consumo\/taxacao-shein-shopee-governo-recua-haddad-isencao-imposto-importacao-compras-internacionais\/\" rel=\"nofollow noopener\" target=\"_blank\">o governo recuou e afirmou que ia manter a isen&ccedil;&atilde;o entre pessoas f&iacute;sicas sem fins comerciais<\/a>, mas manteve o plano de ampliar a fiscaliza&ccedil;&atilde;o da Receita, para evitar a evas&atilde;o fiscal.<\/p>\n<blockquote>\n<p><span class=\"ui-provider gp b c d e f g h i j k l m n o p q r s t u v w x y z ab ac ae af ag ah ai aj ak\">&ldquo;Isen&ccedil;&atilde;o [de remessas at&eacute; US$ 50] n&atilde;o vai deixar de existir para pessoa f&iacute;sica. Mas o presidente nos pediu ontem para tentar resolver isso do ponto de vista administrativo. Ou seja, coibir o contrabando&rdquo;, afirmou Haddad. &ldquo;O presidente pediu para tentar resolver isso administrativamente, usar o poder de fiscaliza&ccedil;&atilde;o da Receita Federal sem a necessidade de mudar a regra atual&rdquo;.<br \/><\/span><\/p>\n<\/blockquote>\n<div class=\"infomoney-related-posts\">\n<h4>Leia tamb&eacute;m<\/h4>\n<div class=\"list\">\n<div class=\"row mx-0 item\">\n<div class=\"img-container\">\n<figure><img decoding=\"async\" class=\"img-fluid img-fluid\" src=\"https:\/\/www.infomoney.com.br\/wp-content\/uploads\/2023\/03\/52718903098_9359b1b859_c.jpg?quality=70&#038;w=150&#038;%23038;h=150&#038;%23038;crop=1&#038;%23038;strip=all\" data-recalc-dims=\"1\" alt=\"\" title=\"\"><\/figure>\n<\/div>\n<div class=\"info\"><span class=\"hl-hat\">Pacotes de at&eacute; US$ 50<\/span><span class=\"hl-title\"><a href=\"https:\/\/www.infomoney.com.br\/consumo\/taxacao-shein-shopee-governo-recua-haddad-isencao-imposto-importacao-compras-internacionais\/\" rel=\"nofollow noopener\" target=\"_blank\">Governo recua, e Haddad diz que manter&aacute; isen&ccedil;&atilde;o de impostos em encomendas internacionais<\/a><\/span><\/div>\n<\/div>\n<div class=\"row mx-0 item\">\n<div class=\"img-container\">\n<figure><img decoding=\"async\" class=\"img-fluid img-fluid\" src=\"https:\/\/www.infomoney.com.br\/wp-content\/uploads\/2023\/04\/shein-sacola.jpg?quality=70&#038;w=150&#038;%23038;h=150&#038;%23038;crop=1&#038;%23038;strip=all\" data-recalc-dims=\"1\" alt=\"\" title=\"\"><\/figure>\n<\/div>\n<div class=\"info\"><span class=\"hl-hat\">Compras internacionais<\/span><span class=\"hl-title\"><a href=\"https:\/\/www.infomoney.com.br\/consumo\/shein-shopee-aliexpress-taxacao-governo-lula-perguntas-e-respostas\/\" rel=\"nofollow noopener\" target=\"_blank\">Shein e Shopee taxadas? A taxa&ccedil;&atilde;o &eacute; na empresa ou no consumidor? Veja perguntas e respostas<\/a><\/span><\/div>\n<\/div>\n<\/div>\n<\/div>\n<h2>Entenda o caso<\/h2>\n<p>No&nbsp;centro da pol&ecirc;mica est&atilde;o sites estrangeiros como&nbsp;<strong>Shein<\/strong>,&nbsp;<strong>Shopee<\/strong>&nbsp;e&nbsp;<strong>Aliexpress<\/strong>. Varejistas asi&aacute;ticas s&atilde;o acusadas de aproveitar a isen&ccedil;&atilde;o entre pessoas f&iacute;sicas para importar produtos do exterior sem pagar impostos &mdash; o que empresas brasileiras dizem ser concorr&ecirc;ncia desleal.<\/p>\n<p>Al&eacute;m de enviar compras internacionais como se fossem pessoas f&iacute;sicas, n&atilde;o jur&iacute;dicas, algumas empresas tamb&eacute;m dividem um pedido de um mesmo consumidor em v&aacute;rios pacotes ou declaram um valor mais baixo para a mercadoria (para n&atilde;o ultrapassar a cota de US$ 50 e tamb&eacute;m n&atilde;o pagar tributos).<\/p>\n<p>Apesar do recuo do governo, a <strong>Shein<\/strong> anunciou na semana passada que <a href=\"https:\/\/www.infomoney.com.br\/negocios\/shein-anuncia-investimento-de-r750-mi-para-producao-no-brasil\/\" rel=\"nofollow noopener\" target=\"_blank\">vai investir R$ 750 milh&otilde;es no Brasil nos pr&oacute;ximos anos<\/a> e assinou um memorando de entendimento com a Companhia de Tecidos Norte de Minas, a Coteminas (<a href=\"https:\/\/www.infomoney.com.br\/cotacoes\/b3\/acao\/coteminas-ctnm3\/\" rel=\"nofollow noopener\" target=\"_blank\">CTNM3<\/a>;<a href=\"https:\/\/www.infomoney.com.br\/cotacoes\/b3\/acao\/coteminas-ctnm4\/\" rel=\"nofollow noopener\" target=\"_blank\">CTNM4<\/a>).<\/p>\n<p><a href=\"https:\/\/www.infomoney.com.br\/negocios\/empresa-de-mg-anuncia-parceria-com-shein-para-producao-de-roupas-no-brasil\/\" rel=\"nofollow noopener\" target=\"_blank\">A Coteminas &eacute; do empres&aacute;rio Josu&eacute; Gomes da Silva, atual presidente da Federa&ccedil;&atilde;o das Ind&uacute;strias do Estado de S&atilde;o Paulo (Fiesp)<\/a>, que intermediou e participou da reuni&atilde;o de Haddad com representantes da <strong>Shein<\/strong>. No encontro, a empresa se comprometeu a nacionalizar 85% de suas vendas no Brasil nos pr&oacute;ximos quatro anos.<\/p>\n<div class=\"infomoney-related-posts\">\n<h4>Leia tamb&eacute;m<\/h4>\n<div class=\"list\">\n<div class=\"row mx-0 item\">\n<div class=\"img-container\">\n<figure><img decoding=\"async\" class=\"img-fluid img-fluid\" src=\"https:\/\/www.infomoney.com.br\/wp-content\/uploads\/2019\/12\/shutterstock_1151325629.jpg?quality=70&#038;w=150&#038;%23038;h=150&#038;%23038;crop=1&#038;%23038;strip=all\" data-recalc-dims=\"1\" alt=\"\" title=\"\"><\/figure>\n<\/div>\n<div class=\"info\"><span class=\"hl-hat\">T&ecirc;xtil em disparada<\/span><span class=\"hl-title\"><a href=\"https:\/\/www.infomoney.com.br\/mercados\/coteminas-ctnm3-ctnm4-acoes-tem-nova-disparada-apos-triplicarem-de-valor-com-efeito-shein\/\" rel=\"nofollow noopener\" target=\"_blank\">Coteminas (CTNM3; CTNM4): a&ccedil;&otilde;es t&ecirc;m novo salto de mais de 20% ap&oacute;s triplicarem de valor com &ldquo;efeito Shein&rdquo;<\/a><\/span><\/div>\n<\/div>\n<div class=\"row mx-0 item\">\n<div class=\"img-container\">\n<figure><img decoding=\"async\" class=\"img-fluid img-fluid\" src=\"https:\/\/www.infomoney.com.br\/wp-content\/uploads\/2023\/04\/shein-sacola.jpg?quality=70&#038;w=150&#038;%23038;h=150&#038;%23038;crop=1&#038;%23038;strip=all\" data-recalc-dims=\"1\" alt=\"\" title=\"\"><\/figure>\n<\/div>\n<div class=\"info\"><span class=\"hl-hat\">Compras internacionais<\/span><span class=\"hl-title\"><a href=\"https:\/\/www.infomoney.com.br\/consumo\/governo-vai-taxar-compras-internacionais-abaixo-de-us-50-entenda-o-que-deve-mudar\/\" rel=\"nofollow noopener\" target=\"_blank\">Compras na Shein e Shopee abaixo de US$ 50 ser&atilde;o taxadas? Entenda o que deve mudar<\/a><\/span><\/div>\n<\/div>\n<\/div>\n<\/div>\n<p>The post <a rel=\"nofollow noopener\" href=\"https:\/\/www.infomoney.com.br\/consumo\/taxacao-shein-shopee-aliexpress-imposto-de-importacao-na-compra-sites-estrangeiros\/\" target=\"_blank\">Imposto de Importa\u00e7\u00e3o ser\u00e1 cobrado direto na compra de sites internacionais, diz governo<\/a> appeared first on <a rel=\"nofollow noopener\" href=\"https:\/\/www.infomoney.com.br\/\" target=\"_blank\">InfoMoney<\/a>.<\/p>\n","protected":false},"excerpt":{"rendered":"<p><img loading=\"lazy\" decoding=\"async\" width=\"300\" height=\"200\" src=\"https:\/\/www.infomoney.com.br\/wp-content\/uploads\/2023\/04\/shein-sacola.jpg?fit=300%2C200&amp;quality=70&amp;strip=all\" class=\"attachment-medium size-medium wp-post-image\" alt=\"Segundo relat\u00f3rio do Ita\u00fa BBA, vendas da Shein desaceleram nos dois primeiros meses de 2023.\" data-attachment-id=\"2102761\" data-permalink=\"https:\/\/www.infomoney.com.br\/negocios\/como-os-sites-estrangeiros-estao-impactando-pequenos-e-medios-negocios-no-brasil\/attachment\/shein-sacola\/\" data-orig-file=\"https:\/\/www.infomoney.com.br\/wp-content\/uploads\/2023\/04\/shein-sacola.jpg?fit=1401%2C932&amp;quality=70&amp;strip=all\" data-orig-size=\"1401,932\" data-comments-opened=\"0\" data-image-meta='{\"aperture\":\"0\",\"credit\":\"\",\"camera\":\"\",\"caption\":\"\",\"created_timestamp\":\"0\",\"copyright\":\"\",\"focal_length\":\"0\",\"iso\":\"0\",\"shutter_speed\":\"0\",\"title\":\"\",\"orientation\":\"0\"}' data-image-title=\"shein-sacola\" data-image-description=\"\" data-image-caption=\"&lt;p&gt;Segundo relat\u00f3rio do Ita\u00fa BBA, vendas da Shein desaceleram nos dois primeiros meses de 2023. Foto: Divulga\u00e7\u00e3o\/Shein&lt;\/p&gt;\n\" data-medium-file=\"https:\/\/www.infomoney.com.br\/wp-content\/uploads\/2023\/04\/shein-sacola.jpg?fit=300%2C200&amp;quality=70&amp;strip=all\" data-large-file=\"https:\/\/www.infomoney.com.br\/wp-content\/uploads\/2023\/04\/shein-sacola.jpg?fit=1280%2C852&amp;quality=70&amp;strip=all\">Clientes de sites como Shein, Shopee e Aliexpress v\u00e3o pagar o tributo no momento da compra internacional, como j\u00e1 ocorre em outros marketplaces<\/p>\n<p>The post <a rel=\"nofollow\" href=\"https:\/\/www.infomoney.com.br\/consumo\/taxacao-shein-shopee-aliexpress-imposto-de-importacao-na-compra-sites-estrangeiros\/\">Imposto de Importa\u00e7\u00e3o ser\u00e1 cobrado direto na compra de sites internacionais, diz governo<\/a> appeared first on <a rel=\"nofollow\" href=\"https:\/\/www.infomoney.com.br\/\">InfoMoney<\/a>.<\/p>\n","protected":false},"author":45,"featured_media":0,"comment_status":"closed","ping_status":"closed","sticky":false,"template":"","format":"standard","meta":{"advgb_blocks_editor_width":"","advgb_blocks_columns_visual_guide":"","footnotes":""},"categories":[536,537,201,34,187,931,556,130,120,47,647,538,539,786],"tags":[35],"class_list":["post-14036","post","type-post","status-publish","format-standard","hentry","category-aliexpress","category-compras","category-consumo","category-g1","category-governo-federal","category-importacoes","category-impostos","category-ministerio-da-fazenda","category-negocios","category-politica","category-receita-federal","category-shein","category-shopee","category-tributos","tag-g1"],"author_meta":{"display_name":"Equipe InfoMoney","author_link":"https:\/\/sindaopcpb.org.br\/author\/equipe-infomoney\/"},"featured_img":null,"coauthors":[],"tax_additional":{"categories":{"linked":["<a href=\"https:\/\/sindaopcpb.org.br\/aliexpress\/\" class=\"advgb-post-tax-term\">Aliexpress<\/a>","<a href=\"https:\/\/sindaopcpb.org.br\/compras\/\" class=\"advgb-post-tax-term\">Compras<\/a>","<a href=\"https:\/\/sindaopcpb.org.br\/consumo\/\" class=\"advgb-post-tax-term\">Consumo<\/a>","<a href=\"https:\/\/sindaopcpb.org.br\/g1\/\" class=\"advgb-post-tax-term\">G1<\/a>","<a href=\"https:\/\/sindaopcpb.org.br\/governo-federal\/\" class=\"advgb-post-tax-term\">Governo Federal<\/a>","<a href=\"https:\/\/sindaopcpb.org.br\/importacoes\/\" class=\"advgb-post-tax-term\">Importa\u00e7\u00f5es<\/a>","<a href=\"https:\/\/sindaopcpb.org.br\/impostos\/\" class=\"advgb-post-tax-term\">Impostos<\/a>","<a href=\"https:\/\/sindaopcpb.org.br\/ministerio-da-fazenda\/\" class=\"advgb-post-tax-term\">Minist\u00e9rio da Fazenda<\/a>","<a href=\"https:\/\/sindaopcpb.org.br\/negocios\/\" class=\"advgb-post-tax-term\">Neg\u00f3cios<\/a>","<a href=\"https:\/\/sindaopcpb.org.br\/politica\/\" class=\"advgb-post-tax-term\">POLITICA<\/a>","<a href=\"https:\/\/sindaopcpb.org.br\/receita-federal\/\" class=\"advgb-post-tax-term\">Receita Federal<\/a>","<a href=\"https:\/\/sindaopcpb.org.br\/shein\/\" class=\"advgb-post-tax-term\">Shein<\/a>","<a href=\"https:\/\/sindaopcpb.org.br\/shopee\/\" class=\"advgb-post-tax-term\">Shopee<\/a>","<a href=\"https:\/\/sindaopcpb.org.br\/tributos\/\" class=\"advgb-post-tax-term\">Tributos<\/a>"],"unlinked":["<span class=\"advgb-post-tax-term\">Aliexpress<\/span>","<span class=\"advgb-post-tax-term\">Compras<\/span>","<span class=\"advgb-post-tax-term\">Consumo<\/span>","<span class=\"advgb-post-tax-term\">G1<\/span>","<span class=\"advgb-post-tax-term\">Governo Federal<\/span>","<span class=\"advgb-post-tax-term\">Importa\u00e7\u00f5es<\/span>","<span class=\"advgb-post-tax-term\">Impostos<\/span>","<span class=\"advgb-post-tax-term\">Minist\u00e9rio da Fazenda<\/span>","<span class=\"advgb-post-tax-term\">Neg\u00f3cios<\/span>","<span class=\"advgb-post-tax-term\">POLITICA<\/span>","<span class=\"advgb-post-tax-term\">Receita Federal<\/span>","<span class=\"advgb-post-tax-term\">Shein<\/span>","<span class=\"advgb-post-tax-term\">Shopee<\/span>","<span class=\"advgb-post-tax-term\">Tributos<\/span>"]},"tags":{"linked":["<a href=\"https:\/\/sindaopcpb.org.br\/tributos\/\" class=\"advgb-post-tax-term\">g1<\/a>"],"unlinked":["<span class=\"advgb-post-tax-term\">g1<\/span>"]}},"comment_count":"0","relative_dates":{"created":"Publicado 3 anos atr\u00e1s","modified":"Atualizado 3 anos atr\u00e1s"},"absolute_dates":{"created":"Publicado em 27 de abril de 2023","modified":"Atualizado em 27 de abril de 2023"},"absolute_dates_time":{"created":"Publicado em 27 de abril de 2023 14:37","modified":"Atualizado em 27 de abril de 2023 14:37"},"featured_img_caption":"","series_order":"","_links":{"self":[{"href":"https:\/\/sindaopcpb.org.br\/index.php\/wp-json\/wp\/v2\/posts\/14036","targetHints":{"allow":["GET"]}}],"collection":[{"href":"https:\/\/sindaopcpb.org.br\/index.php\/wp-json\/wp\/v2\/posts"}],"about":[{"href":"https:\/\/sindaopcpb.org.br\/index.php\/wp-json\/wp\/v2\/types\/post"}],"author":[{"embeddable":true,"href":"https:\/\/sindaopcpb.org.br\/index.php\/wp-json\/wp\/v2\/users\/45"}],"replies":[{"embeddable":true,"href":"https:\/\/sindaopcpb.org.br\/index.php\/wp-json\/wp\/v2\/comments?post=14036"}],"version-history":[{"count":1,"href":"https:\/\/sindaopcpb.org.br\/index.php\/wp-json\/wp\/v2\/posts\/14036\/revisions"}],"predecessor-version":[{"id":14037,"href":"https:\/\/sindaopcpb.org.br\/index.php\/wp-json\/wp\/v2\/posts\/14036\/revisions\/14037"}],"wp:attachment":[{"href":"https:\/\/sindaopcpb.org.br\/index.php\/wp-json\/wp\/v2\/media?parent=14036"}],"wp:term":[{"taxonomy":"category","embeddable":true,"href":"https:\/\/sindaopcpb.org.br\/index.php\/wp-json\/wp\/v2\/categories?post=14036"},{"taxonomy":"post_tag","embeddable":true,"href":"https:\/\/sindaopcpb.org.br\/index.php\/wp-json\/wp\/v2\/tags?post=14036"}],"curies":[{"name":"wp","href":"https:\/\/api.w.org\/{rel}","templated":true}]}}