{"id":13968,"date":"2023-04-27T11:05:42","date_gmt":"2023-04-27T14:05:42","guid":{"rendered":"https:\/\/www.infomoney.com.br\/?p=2118608"},"modified":"2023-04-27T14:38:42","modified_gmt":"2023-04-27T17:38:42","slug":"revisao-do-fgts-julgamento-sobre-correcao-do-fundo-e-retomado-nesta-quinta-veja-o-que-esta-em-jogo","status":"publish","type":"post","link":"https:\/\/sindaopcpb.org.br\/index.php\/2023\/04\/27\/revisao-do-fgts-julgamento-sobre-correcao-do-fundo-e-retomado-nesta-quinta-veja-o-que-esta-em-jogo\/","title":{"rendered":"Revis\u00e3o do FGTS: julgamento sobre corre\u00e7\u00e3o do fundo \u00e9 retomado; assista ao vivo"},"content":{"rendered":"<p><img loading=\"lazy\" width=\"300\" height=\"193\" src=\"https:\/\/www.infomoney.com.br\/wp-content\/uploads\/2023\/04\/GettyImages-1485161049.jpg?fit=300%2C193&amp;quality=70&amp;strip=all\" class=\"attachment-medium size-medium wp-post-image\" alt=\"\" decoding=\"async\" style=\"float:right; margin:0 0 10px 10px;\" srcset=\"https:\/\/www.infomoney.com.br\/wp-content\/uploads\/2023\/04\/GettyImages-1485161049.jpg?w=735&amp;quality=70&amp;strip=all 735w, https:\/\/www.infomoney.com.br\/wp-content\/uploads\/2023\/04\/GettyImages-1485161049.jpg?w=300&amp;quality=70&amp;strip=all 300w, https:\/\/www.infomoney.com.br\/wp-content\/uploads\/2023\/04\/GettyImages-1485161049.jpg?w=150&amp;quality=70&amp;strip=all 150w\" sizes=\"auto, (max-width: 300px) 100vw, 300px\" data-attachment-id=\"2118795\" data-permalink=\"https:\/\/www.infomoney.com.br\/minhas-financas\/revisao-do-fgts-julgamento-sobre-correcao-do-fundo-sera-retomado-nesta-quinta-veja-o-que-esta-em-jogo\/attachment\/the-acronym-fgts-written-on-wooden-dice-lying-on-top-of-a-calculator-a-glass-jar-and-brazilian-decoins-in-the-composition\/\" data-orig-file=\"https:\/\/www.infomoney.com.br\/wp-content\/uploads\/2023\/04\/GettyImages-1485161049.jpg?fit=735%2C474&amp;quality=70&amp;strip=all\" data-orig-size=\"735,474\" data-comments-opened=\"0\" data-image-meta=\"{&quot;aperture&quot;:&quot;0&quot;,&quot;credit&quot;:&quot;Getty Images&quot;,&quot;camera&quot;:&quot;&quot;,&quot;caption&quot;:&quot;The acronym FGTS written on wooden dice lying on top of a calculator. A glass jar and brazilian coins in the composition.&quot;,&quot;created_timestamp&quot;:&quot;0&quot;,&quot;copyright&quot;:&quot;all rights reserved&quot;,&quot;focal_length&quot;:&quot;0&quot;,&quot;iso&quot;:&quot;0&quot;,&quot;shutter_speed&quot;:&quot;0&quot;,&quot;title&quot;:&quot;The acronym FGTS written on wooden dice lying on top of a calculator. A glass jar and brazilian decoins in the composition.&quot;,&quot;orientation&quot;:&quot;1&quot;}\" data-image-title=\"FGTS\" data-image-description=\"&lt;p&gt;FGTS&lt;\/p&gt;\n\" data-image-caption=\"&lt;p&gt;(Getty Images)&lt;\/p&gt;\n\" data-medium-file=\"https:\/\/www.infomoney.com.br\/wp-content\/uploads\/2023\/04\/GettyImages-1485161049.jpg?fit=300%2C193&amp;quality=70&amp;strip=all\" data-large-file=\"https:\/\/www.infomoney.com.br\/wp-content\/uploads\/2023\/04\/GettyImages-1485161049.jpg?fit=735%2C474&amp;quality=70&amp;strip=all\" title=\"\"><\/p>\n<p><iframe loading=\"lazy\" class=\"youtube-player\" width=\"640\" height=\"360\" src=\"https:\/\/www.youtube.com\/embed\/kyBfAf_aKvQ?version=3&#038;rel=1&#038;%23038;showsearch=0&#038;%23038;showinfo=1&#038;%23038;iv_load_policy=1&#038;%23038;fs=1&#038;%23038;hl=pt-BR&#038;%23038;autohide=2&#038;%23038;wmode=transparent\" allowfullscreen=\"true\" style=\"border:0;\" sandbox=\"allow-scripts allow-same-origin allow-popups allow-presentation\"><\/iframe><\/p>\n<p>O Supremo Tribunal Federal (STF) retomou nesta quinta-feira (27) por volta das 14h30 o julgamento sobre a corre\u00e7\u00e3o do rendimento do <a href=\"https:\/\/www.infomoney.com.br\/guias\/fgts\/\" rel=\"nofollow noopener\" target=\"_blank\">Fundo de Garantia do Tempo de Servi\u00e7o (FGTS)<\/a>. Desde o in\u00edcio dos anos 1990, o saldo depositado no FGTS rende 3% ao ano mais a Taxa Referencial (TR).<\/p>\n<p>Iniciado na semana passada, <a href=\"https:\/\/www.infomoney.com.br\/minhas-financas\/revisao-fgts-julgamento-stf-correcao-rendimento-voto-barroso-relator\/\" rel=\"nofollow noopener\" target=\"_blank\">o julgamento tem 2 votos a favor de equiparar o rendimento do fundo \u00e0 poupan\u00e7a<\/a>. Ainda faltam os votos de 8 ministros do Supremo, pois a Corte ainda n\u00e3o conta com o voto do 11\u00b0 ministro desde a aposentadoria de Ricardo Lewandowski <strong>(assista ao julgamento no v\u00eddeo acima)<\/strong>.<\/p>\n<p>Os ministros Lu\u00eds Roberto Barroso e Andr\u00e9 Mendon\u00e7a votaram, na semana passada, para que a remunera\u00e7\u00e3o do FGTS n\u00e3o pode ser inferior ao rendimento da caderneta. Relator do processo, Barroso, afirmou em seu voto que corre\u00e7\u00e3o atual n\u00e3o rep\u00f5e perdas inflacion\u00e1rias, <a href=\"https:\/\/www.infomoney.com.br\/minhas-financas\/voto-de-barroso-surpreende-juristas-por-nao-propor-correcao-de-valores-passados-do-fgts\/\" rel=\"nofollow noopener\" target=\"_blank\">mas defendeu que a decis\u00e3o n\u00e3o seja retroativa \u2014 o que contraria o pedido do Partido Solidariedade<\/a>.<\/p>\n<p>Se a marioria dos ministros seguir o voto do relator, a mudan\u00e7a na remunera\u00e7\u00e3o do FGTS passaria a valer s\u00f3 a partir da publica\u00e7\u00e3o da decis\u00e3o do STF. Isso encerraria todos os processos que tramitam no Judici\u00e1rio pedindo a reposi\u00e7\u00e3o das perdas para a infla\u00e7\u00e3o \u2014 e evitaria um <a href=\"https:\/\/www.infomoney.com.br\/minhas-financas\/revisao-do-fgts-pode-gerar-impacto-de-r-661-bi-a-uniao-veja-o-que-esta-em-jogo-no-julgamento-do-stf\/\" rel=\"noopener nofollow\" target=\"_blank\">impacto de ao menos R$ 661 bilh\u00f5es aos cofres da Uni\u00e3o<\/a>, segundo a\u00a0Advocacia-Geral da Uni\u00e3o (AGU).<\/p>\n<p>Al\u00e9m disso, reportagem do <strong>InfoMoney<\/strong> mostra que esse &#8220;novo piso&#8221; pode n\u00e3o alterar significativamente o rendimento futuro do FGTS, <a href=\"https:\/\/www.infomoney.com.br\/minhas-financas\/revisao-fgts-rendimento-poupanca-inflacao-ipca\/\" rel=\"nofollow noopener\" target=\"_blank\">pois o rendimento do fundo j\u00e1 superou a poupan\u00e7a entre 2018 e 2021 <\/a>(n\u00e3o \u00e9 poss\u00edvel fazer a compara\u00e7\u00e3o com 2022 porque o conselho curador do FGTS ainda n\u00e3o distribuiu o lucro do ano passado aos trabalhadores).<\/p>\n<div class=\"infomoney-related-posts\">\n<h4>Leia tamb\u00e9m<\/h4>\n<div class=\"list\">\n<div class=\"row mx-0 item\">\n<div class=\"img-container\">\n<figure><img decoding=\"async\" class=\"img-fluid img-fluid\" src=\"https:\/\/www.infomoney.com.br\/wp-content\/uploads\/2022\/03\/GettyImages-1318470880.jpg?quality=70&#038;w=150&#038;%23038;h=150&#038;%23038;crop=1&#038;%23038;strip=all\" data-recalc-dims=\"1\" alt=\"\" title=\"\"><\/figure>\n<\/div>\n<div class=\"info\"><span class=\"hl-hat\">Fundo de garantia<\/span><span class=\"hl-title\"><a href=\"https:\/\/www.infomoney.com.br\/minhas-financas\/revisao-fgts-rendimento-poupanca-inflacao-ipca\/\" rel=\"nofollow noopener\" target=\"_blank\">Revis\u00e3o do FGTS no Supremo: fundo j\u00e1 rendeu mais que a poupan\u00e7a entre 2018 e 2021<\/a><\/span><span class=\"hl-description\">Voto de Barroso pode n\u00e3o alterar significativamente o rendimento futuro do fundo, mas cen\u00e1rio atual \u00e9 diferente, com infla\u00e7\u00e3o e juros altos<\/span><\/div>\n<\/div>\n<div class=\"row mx-0 item\">\n<div class=\"img-container\">\n<figure><img decoding=\"async\" class=\"img-fluid img-fluid\" src=\"https:\/\/www.infomoney.com.br\/wp-content\/uploads\/2022\/07\/Fachada-STF-1024x576-1.webp?quality=70&#038;w=150&#038;%23038;h=150&#038;%23038;crop=1&#038;%23038;strip=all\" data-recalc-dims=\"1\" alt=\"\" title=\"\"><\/figure>\n<\/div>\n<div class=\"info\"><span class=\"hl-hat\">Benef\u00edcio do trabalhador<\/span><span class=\"hl-title\"><a href=\"https:\/\/www.infomoney.com.br\/minhas-financas\/revisao-fgts-julgamento-stf-correcao-rendimento-voto-barroso-relator\/\" rel=\"nofollow noopener\" target=\"_blank\">Revis\u00e3o do FGTS: STF tem 2 votos a 0 para aumentar rendimento de fundo e equipar \u00e0 Poupan\u00e7a<\/a><\/span><span class=\"hl-description\">Barroso afirmou em seu voto que corre\u00e7\u00e3o de 3% ao ano + TR n\u00e3o rep\u00f5e perdas inflacion\u00e1rias e que rendimento n\u00e3o pode ser inferior ao da caderneta<\/span><\/div>\n<\/div>\n<\/div>\n<\/div>\n<h2>Sobre o julgamento<\/h2>\n<p>O julgamento tem grande relev\u00e2ncia tanto para os trabalhadores quanto para o pr\u00f3prio Judici\u00e1rio, que foi inundado com centenas de milhares de a\u00e7\u00f5es individuais e coletivas nos \u00faltimos 10 anos que reivindicam a corre\u00e7\u00e3o do saldo do FGTS por algum \u00edndice inflacion\u00e1rio.<\/p>\n<p>O caso come\u00e7ou a ser analisado pelo Supremo a partir de uma a\u00e7\u00e3o protocolada pelo partido Solidariedade, em 2014, e \u00e9 a quarta vez que a a\u00e7\u00e3o entra na pauta do STF \u2014 as ocasi\u00f5es anteriores foram em 2019, 2020 e 2021.<\/p>\n<p>O andamento de todos os processos sobre a corre\u00e7\u00e3o do FGTS est\u00e1 suspenso desde 2019 por Barroso. O ministro tomou a decis\u00e3o ap\u00f3s o Superior Tribunal de Justi\u00e7a (STJ) decidir, em 2018, unificar o entendimento e manter a TR como \u00edndice de corre\u00e7\u00e3o do FGTS.<\/p>\n<p>A decis\u00e3o do STJ, desfavor\u00e1vel aos trabalhadores, criou o risco de que a\u00e7\u00f5es fossem indeferidas em massa por inst\u00e2ncias inferiores, antes de o Supremo discutir o tema, por isso Barosso determinou a suspens\u00e3o nacional de todos os processos, at\u00e9 decis\u00e3o definitiva do STF.<\/p>\n<h2>O que est\u00e1 em jogo?<\/h2>\n<p>O Solidariedade argumenta que a corre\u00e7\u00e3o pela TR n\u00e3o remunera adequadamente os correntistas do FGTS e n\u00e3o rep\u00f5e a infla\u00e7\u00e3o. O governo federal, representado pela AGU, defende a extin\u00e7\u00e3o da a\u00e7\u00e3o e alega que n\u00e3o \u00e9 mais poss\u00edvel afirmar que o uso da TR gera remunera\u00e7\u00e3o inferior \u00e0 infla\u00e7\u00e3o, ap\u00f3s as leis que estabeleceram a distribui\u00e7\u00e3o do lucro do fundo aos cotistas (a 13.446\/2017 e a 13.932\/2019).<\/p>\n<p>Mas o Instituto Fundo de Garantia (IFGT) calcula em R$ 720 bilh\u00f5es as perdas dos trabalhadores com a corre\u00e7\u00e3o do FGTS pela TR, em vez do \u00cdndice Nacional de Pre\u00e7os ao Consumidor (INPC), no per\u00edodo entre 1999 e mar\u00e7o de 2023.<\/p>\n<p>A decis\u00e3o do STF tamb\u00e9m pode impactar o Minha Casa, Minha Vida (MCMV) e as construtoras voltadas a clientes de baixa renda. An\u00e1lise do Bradesco BBI afirma que, &#8220;no pior cen\u00e1rio&#8221;, &#8220;se o Supremo Tribunal Federal decidir adicionar \u00edndices de infla\u00e7\u00e3o integralmente \u00e0 remunera\u00e7\u00e3o do FGTS, muito provavelmente destruir\u00e1 o fundo de garantia&#8221; e &#8220;muito provavelmente levaria \u00e0 extin\u00e7\u00e3o do programa&#8221;.<\/p>\n<p>O deputado federal Fernando Marangoni (Uni\u00e3o Brasil-SP), afirmou que, se houver ajuste para a remunera\u00e7\u00e3o ser pelo menos igual \u00e0 caderneta da poupan\u00e7a, <a href=\"https:\/\/www.infomoney.com.br\/politica\/jader-filho-diz-que-eventual-mudanca-em-correcao-do-fgts-impacta-habitacao-baixa-renda\/\" rel=\"nofollow noopener\" target=\"_blank\">75% das fam\u00edlias de mais baixa renda ser\u00e3o exclu\u00eddas do programa habitacional<\/a>.<\/p>\n<p>O efeito \u00e9 sentido tamb\u00e9m no mercado financeiro: as a\u00e7\u00f5es de construtoras \u00a0Tenda (<a href=\"https:\/\/www.infomoney.com.br\/cotacoes\/b3\/acao\/tenda-construtora-tend3\/\" rel=\"nofollow noopener\" target=\"_blank\">TEND3<\/a>), Cury (<a href=\"https:\/\/www.infomoney.com.br\/cotacoes\/b3\/acao\/cury-cury3\/\" rel=\"nofollow noopener\" target=\"_blank\">CURY3<\/a>), Plano&amp;Plano (<a href=\"https:\/\/www.infomoney.com.br\/cotacoes\/b3\/acao\/plano-plano-plpl3\/\" rel=\"nofollow noopener\" target=\"_blank\">PLPL3<\/a>), MRV (<a href=\"https:\/\/www.infomoney.com.br\/cotacoes\/b3\/acao\/mrv-engenharia-mrve3\/\" rel=\"nofollow noopener\" target=\"_blank\">MRVE3<\/a>) e Direcional (<a href=\"https:\/\/www.infomoney.com.br\/cotacoes\/b3\/acao\/direcional-dirr3\/\" rel=\"nofollow noopener\" target=\"_blank\">DIRR3<\/a>) registram quedas de at\u00e9 17%\u00a0 na Bolsa nos \u00faltimos dias, com a expectativa da mudan\u00e7a no rendimento do FGTS. Isso porque uma decis\u00e3o do STF pode aumentar os custos de projetos financiados pelo fundo \u2014 especialmente o MCMV.<\/p>\n<div class=\"infomoney-related-posts\">\n<h4>Leia tamb\u00e9m<\/h4>\n<div class=\"list\">\n<div class=\"row mx-0 item\">\n<div class=\"img-container\">\n<figure><img decoding=\"async\" class=\"img-fluid img-fluid\" src=\"https:\/\/www.infomoney.com.br\/wp-content\/uploads\/2019\/06\/predio-em-construcao-construtoras-imoveis.jpg?quality=70&#038;w=150&#038;%23038;h=150&#038;%23038;crop=1&#038;%23038;strip=all\" data-recalc-dims=\"1\" alt=\"\" title=\"\"><\/figure>\n<\/div>\n<div class=\"info\"><span class=\"hl-hat\">Financiamento imobili\u00e1rio<\/span><span class=\"hl-title\"><a href=\"https:\/\/www.infomoney.com.br\/mercados\/revisao-do-fgts-os-cenarios-para-as-acoes-das-construtoras-sell-off-recente-com-a-tao-esperada-decisao-do-stf\/\" rel=\"nofollow noopener\" target=\"_blank\">Revis\u00e3o do FGTS: os cen\u00e1rios para as a\u00e7\u00f5es das construtoras com a t\u00e3o esperada decis\u00e3o do STF no radar<\/a><\/span><span class=\"hl-description\">Vota\u00e7\u00e3o no Supremo sobre o tema \u00e9 retomada nesta quinta em meio ao sell-off recente do setor; analistas veem impacto negativo, ainda que n\u00e3o &#8220;catastr\u00f3fico&#8221;<\/span><\/div>\n<\/div>\n<div class=\"row mx-0 item\">\n<div class=\"img-container\">\n<figure><img decoding=\"async\" class=\"img-fluid img-fluid\" src=\"https:\/\/www.infomoney.com.br\/wp-content\/uploads\/2022\/03\/GettyImages-1318470880.jpg?quality=70&#038;w=150&#038;%23038;h=150&#038;%23038;crop=1&#038;%23038;strip=all\" data-recalc-dims=\"1\" alt=\"\" title=\"\"><\/figure>\n<\/div>\n<div class=\"info\"><span class=\"hl-hat\">Discuss\u00e3o no STF<\/span><span class=\"hl-title\"><a href=\"https:\/\/www.infomoney.com.br\/politica\/jader-filho-diz-que-eventual-mudanca-em-correcao-do-fgts-impacta-habitacao-baixa-renda\/\" rel=\"nofollow noopener\" target=\"_blank\">Jader Filho diz que eventual mudan\u00e7a em corre\u00e7\u00e3o do FGTS impacta habita\u00e7\u00e3o baixa renda<\/a><\/span><span class=\"hl-description\">&#8220;Obviamente n\u00f3s precisamos dialogar dentro do governo, mas atinge em especial as pessoas de baixa renda&#8221;, afirmou o ministro<\/span><\/div>\n<\/div>\n<\/div>\n<\/div>\n<h2>FGTS<\/h2>\n<p>O\u00a0<a href=\"https:\/\/www.infomoney.com.br\/guias\/fgts\/\" rel=\"nofollow noopener\" target=\"_blank\">FGTS foi criado em 1966 como uma esp\u00e9cie de poupan\u00e7a do trabalhador com carteira assinada<\/a>. Antes facultativa, a ades\u00e3o ao fundo se tornou obrigat\u00f3ria a partir da Constitui\u00e7\u00e3o de 1988.<\/p>\n<p>Pela regras atuais, todos os empregadores s\u00e3o obrigados a depositar 8% do sal\u00e1rio de seus funcion\u00e1rios no fundo (de empregados urbanos, rurais e, desde 2015, tamb\u00e9m de dom\u00e9sticos).<\/p>\n<p>O dinheiro do trabalhador fica vinculado a uma conta gerida pela Caixa Econ\u00f4mica Federal e s\u00f3 pode ser sacado em condi\u00e7\u00f5es previstas em lei (uma das principais \u00e9 a demiss\u00e3o sem justa causa). O fundo tamb\u00e9m serve para financiar pol\u00edticas p\u00fablicas, sobretudo, o Sistema Financeiro Habitacional (SFH).<em>\u00a0<\/em><\/p>\n<div class=\"infomoney-related-posts\">\n<h4>Leia tamb\u00e9m<\/h4>\n<div class=\"list\">\n<div class=\"row mx-0 item\">\n<div class=\"img-container\">\n<figure><img decoding=\"async\" class=\"img-fluid img-fluid\" src=\"https:\/\/www.infomoney.com.br\/wp-content\/uploads\/2019\/06\/luis-roberto-barroso.jpg?quality=70&#038;w=150&#038;%23038;h=150&#038;%23038;crop=1&#038;%23038;strip=all\" data-recalc-dims=\"1\" alt=\"\" title=\"\"><\/figure>\n<\/div>\n<div class=\"info\"><span class=\"hl-hat\">Julgamento no STF<\/span><span class=\"hl-title\"><a href=\"https:\/\/www.infomoney.com.br\/minhas-financas\/voto-de-barroso-surpreende-juristas-por-nao-propor-correcao-de-valores-passados-do-fgts\/\" rel=\"nofollow noopener\" target=\"_blank\">Revis\u00e3o do FGTS: voto de Barroso surpreende juristas por n\u00e3o propor corre\u00e7\u00e3o de valores passados<\/a><\/span><span class=\"hl-description\">Se o voto do ministro prevalecer, perdas anteriores em rela\u00e7\u00e3o \u00e0 infla\u00e7\u00e3o dos valores depositados em contas do FGTS n\u00e3o ser\u00e3o compensadas<\/span><\/div>\n<\/div>\n<div class=\"row mx-0 item\">\n<div class=\"img-container\">\n<figure><img decoding=\"async\" class=\"img-fluid img-fluid\" src=\"https:\/\/www.infomoney.com.br\/wp-content\/uploads\/2019\/06\/idoso-aposentadoria-banco-caixa-eletronico.jpg?quality=70&#038;w=150&#038;%23038;h=150&#038;%23038;crop=1&#038;%23038;strip=all\" data-recalc-dims=\"1\" alt=\"\" title=\"\"><\/figure>\n<\/div>\n<div class=\"info\"><span class=\"hl-hat\">D\u00favida de leitor<\/span><span class=\"hl-title\"><a href=\"https:\/\/www.infomoney.com.br\/minhas-financas\/imposto-de-renda-fgts-e-aposentadoria-obrigam-o-contribuinte-a-entregar-a-declaracao\/\" rel=\"nofollow noopener\" target=\"_blank\">Imposto de Renda: FGTS e aposentadoria obrigam o contribuinte a entregar declara\u00e7\u00e3o?<\/a><\/span><span class=\"hl-description\">Especialista explica que nem sempre o contribuinte aposentado \u00e9 isento de apresentar declara\u00e7\u00e3o<\/span><\/div>\n<\/div>\n<\/div>\n<\/div>\n<p><em>(Com Ag\u00eancia Brasil)<\/em><\/p>\n<p>The post <a rel=\"nofollow noopener\" href=\"https:\/\/www.infomoney.com.br\/minhas-financas\/revisao-do-fgts-julgamento-sobre-correcao-do-fundo-sera-retomado-nesta-quinta-veja-o-que-esta-em-jogo\/\" target=\"_blank\">Revis\u00e3o do FGTS: julgamento sobre corre\u00e7\u00e3o do fundo \u00e9 retomado; assista ao vivo<\/a> appeared first on <a rel=\"nofollow noopener\" href=\"https:\/\/www.infomoney.com.br\/\" target=\"_blank\">InfoMoney<\/a>.<\/p>\n","protected":false},"excerpt":{"rendered":"<p><img loading=\"lazy\" decoding=\"async\" width=\"300\" height=\"193\" src=\"https:\/\/www.infomoney.com.br\/wp-content\/uploads\/2023\/04\/GettyImages-1485161049.jpg?fit=300%2C193&amp;quality=70&amp;strip=all\" class=\"attachment-medium size-medium wp-post-image\" alt=\"\" data-attachment-id=\"2118795\" data-permalink=\"https:\/\/www.infomoney.com.br\/minhas-financas\/revisao-do-fgts-julgamento-sobre-correcao-do-fundo-sera-retomado-nesta-quinta-veja-o-que-esta-em-jogo\/attachment\/the-acronym-fgts-written-on-wooden-dice-lying-on-top-of-a-calculator-a-glass-jar-and-brazilian-decoins-in-the-composition\/\" data-orig-file=\"https:\/\/www.infomoney.com.br\/wp-content\/uploads\/2023\/04\/GettyImages-1485161049.jpg?fit=735%2C474&amp;quality=70&amp;strip=all\" data-orig-size=\"735,474\" data-comments-opened=\"0\" data-image-meta='{\"aperture\":\"0\",\"credit\":\"Getty Images\",\"camera\":\"\",\"caption\":\"The acronym FGTS written on wooden dice lying on top of a calculator. A glass jar and brazilian coins in the composition.\",\"created_timestamp\":\"0\",\"copyright\":\"all rights reserved\",\"focal_length\":\"0\",\"iso\":\"0\",\"shutter_speed\":\"0\",\"title\":\"The acronym FGTS written on wooden dice lying on top of a calculator. A glass jar and brazilian decoins in the composition.\",\"orientation\":\"1\"}' data-image-title=\"FGTS\" data-image-description=\"&lt;p&gt;FGTS&lt;\/p&gt;\n\" data-image-caption=\"&lt;p&gt;(Getty Images)&lt;\/p&gt;\n\" data-medium-file=\"https:\/\/www.infomoney.com.br\/wp-content\/uploads\/2023\/04\/GettyImages-1485161049.jpg?fit=300%2C193&amp;quality=70&amp;strip=all\" data-large-file=\"https:\/\/www.infomoney.com.br\/wp-content\/uploads\/2023\/04\/GettyImages-1485161049.jpg?fit=735%2C474&amp;quality=70&amp;strip=all\">Julgamento tem 2 votos a favor de, no m\u00ednimo, equiparar o rendimento do fundo ao da poupan\u00e7a; 8 ministros ainda v\u00e3o se manifestar no processo<\/p>\n<p>The post <a rel=\"nofollow\" href=\"https:\/\/www.infomoney.com.br\/minhas-financas\/revisao-do-fgts-julgamento-sobre-correcao-do-fundo-sera-retomado-nesta-quinta-veja-o-que-esta-em-jogo\/\">Revis\u00e3o do FGTS: julgamento sobre corre\u00e7\u00e3o do fundo \u00e9 retomado; assista ao vivo<\/a> appeared first on <a rel=\"nofollow\" href=\"https:\/\/www.infomoney.com.br\/\">InfoMoney<\/a>.<\/p>\n","protected":false},"author":45,"featured_media":0,"comment_status":"closed","ping_status":"closed","sticky":false,"template":"","format":"standard","meta":{"advgb_blocks_editor_width":"","advgb_blocks_columns_visual_guide":"","footnotes":""},"categories":[981,34,1391,446,444,1108,47,449],"tags":[35],"class_list":["post-13968","post","type-post","status-publish","format-standard","hentry","category-fgts","category-g1","category-luis-roberto-barroso","category-minha-casa-minha-vida","category-minhas-financas","category-onde-investir","category-politica","category-stf","tag-g1"],"author_meta":{"display_name":"Equipe InfoMoney","author_link":"https:\/\/sindaopcpb.org.br\/author\/equipe-infomoney\/"},"featured_img":null,"coauthors":[],"tax_additional":{"categories":{"linked":["<a href=\"https:\/\/sindaopcpb.org.br\/fgts\/\" class=\"advgb-post-tax-term\">FGTS<\/a>","<a href=\"https:\/\/sindaopcpb.org.br\/g1\/\" class=\"advgb-post-tax-term\">G1<\/a>","<a href=\"https:\/\/sindaopcpb.org.br\/luis-roberto-barroso\/\" class=\"advgb-post-tax-term\">Lu\u00eds Roberto Barroso<\/a>","<a href=\"https:\/\/sindaopcpb.org.br\/minha-casa-minha-vida\/\" class=\"advgb-post-tax-term\">Minha Casa Minha Vida<\/a>","<a href=\"https:\/\/sindaopcpb.org.br\/minhas-financas\/\" class=\"advgb-post-tax-term\">Minhas Finan\u00e7as<\/a>","<a href=\"https:\/\/sindaopcpb.org.br\/onde-investir\/\" class=\"advgb-post-tax-term\">Onde Investir<\/a>","<a href=\"https:\/\/sindaopcpb.org.br\/politica\/\" class=\"advgb-post-tax-term\">POLITICA<\/a>","<a href=\"https:\/\/sindaopcpb.org.br\/stf\/\" class=\"advgb-post-tax-term\">STF<\/a>"],"unlinked":["<span class=\"advgb-post-tax-term\">FGTS<\/span>","<span class=\"advgb-post-tax-term\">G1<\/span>","<span class=\"advgb-post-tax-term\">Lu\u00eds Roberto Barroso<\/span>","<span class=\"advgb-post-tax-term\">Minha Casa Minha Vida<\/span>","<span class=\"advgb-post-tax-term\">Minhas Finan\u00e7as<\/span>","<span class=\"advgb-post-tax-term\">Onde Investir<\/span>","<span class=\"advgb-post-tax-term\">POLITICA<\/span>","<span class=\"advgb-post-tax-term\">STF<\/span>"]},"tags":{"linked":["<a href=\"https:\/\/sindaopcpb.org.br\/stf\/\" class=\"advgb-post-tax-term\">g1<\/a>"],"unlinked":["<span class=\"advgb-post-tax-term\">g1<\/span>"]}},"comment_count":"0","relative_dates":{"created":"Publicado 3 anos atr\u00e1s","modified":"Atualizado 3 anos atr\u00e1s"},"absolute_dates":{"created":"Publicado em 27 de abril de 2023","modified":"Atualizado em 27 de abril de 2023"},"absolute_dates_time":{"created":"Publicado em 27 de abril de 2023 11:05","modified":"Atualizado em 27 de abril de 2023 14:38"},"featured_img_caption":"","series_order":"","_links":{"self":[{"href":"https:\/\/sindaopcpb.org.br\/index.php\/wp-json\/wp\/v2\/posts\/13968","targetHints":{"allow":["GET"]}}],"collection":[{"href":"https:\/\/sindaopcpb.org.br\/index.php\/wp-json\/wp\/v2\/posts"}],"about":[{"href":"https:\/\/sindaopcpb.org.br\/index.php\/wp-json\/wp\/v2\/types\/post"}],"author":[{"embeddable":true,"href":"https:\/\/sindaopcpb.org.br\/index.php\/wp-json\/wp\/v2\/users\/45"}],"replies":[{"embeddable":true,"href":"https:\/\/sindaopcpb.org.br\/index.php\/wp-json\/wp\/v2\/comments?post=13968"}],"version-history":[{"count":3,"href":"https:\/\/sindaopcpb.org.br\/index.php\/wp-json\/wp\/v2\/posts\/13968\/revisions"}],"predecessor-version":[{"id":14035,"href":"https:\/\/sindaopcpb.org.br\/index.php\/wp-json\/wp\/v2\/posts\/13968\/revisions\/14035"}],"wp:attachment":[{"href":"https:\/\/sindaopcpb.org.br\/index.php\/wp-json\/wp\/v2\/media?parent=13968"}],"wp:term":[{"taxonomy":"category","embeddable":true,"href":"https:\/\/sindaopcpb.org.br\/index.php\/wp-json\/wp\/v2\/categories?post=13968"},{"taxonomy":"post_tag","embeddable":true,"href":"https:\/\/sindaopcpb.org.br\/index.php\/wp-json\/wp\/v2\/tags?post=13968"}],"curies":[{"name":"wp","href":"https:\/\/api.w.org\/{rel}","templated":true}]}}