{"id":13920,"date":"2023-04-26T18:44:00","date_gmt":"2023-04-26T21:44:00","guid":{"rendered":"https:\/\/www.infomoney.com.br\/?p=2118358"},"modified":"2023-04-26T18:44:00","modified_gmt":"2023-04-26T21:44:00","slug":"jader-filho-diz-que-eventual-mudanca-em-correcao-do-fgts-impacta-habitacao-baixa-renda","status":"publish","type":"post","link":"https:\/\/sindaopcpb.org.br\/index.php\/2023\/04\/26\/jader-filho-diz-que-eventual-mudanca-em-correcao-do-fgts-impacta-habitacao-baixa-renda\/","title":{"rendered":"Jader Filho diz que eventual mudan\u00e7a em corre\u00e7\u00e3o do FGTS impacta habita\u00e7\u00e3o baixa renda"},"content":{"rendered":"<p><img loading=\"lazy\" width=\"300\" height=\"196\" src=\"https:\/\/www.infomoney.com.br\/wp-content\/uploads\/2022\/03\/GettyImages-1318470880.jpg?fit=300%2C196&amp;quality=70&amp;strip=all\" class=\"attachment-medium size-medium wp-post-image\" alt=\"\" decoding=\"async\" style=\"float:right; margin:0 0 10px 10px;\" srcset=\"https:\/\/www.infomoney.com.br\/wp-content\/uploads\/2022\/03\/GettyImages-1318470880.jpg?w=730&amp;quality=70&amp;strip=all 730w, https:\/\/www.infomoney.com.br\/wp-content\/uploads\/2022\/03\/GettyImages-1318470880.jpg?w=300&amp;quality=70&amp;strip=all 300w, https:\/\/www.infomoney.com.br\/wp-content\/uploads\/2022\/03\/GettyImages-1318470880.jpg?w=150&amp;quality=70&amp;strip=all 150w\" sizes=\"auto, (max-width: 300px) 100vw, 300px\" data-attachment-id=\"1823843\" data-permalink=\"https:\/\/www.infomoney.com.br\/minhas-financas\/como-declarar-saque-do-fgts-no-imposto-de-renda-veja-passo-a-passo-para-nao-cair-na-malha-fina\/attachment\/fgts-brazilian-economy-photo-in-wooden-cubes-to-represent-the-guarantee-of-time-of-service-fund\/\" data-orig-file=\"https:\/\/www.infomoney.com.br\/wp-content\/uploads\/2022\/03\/GettyImages-1318470880.jpg?fit=730%2C478&amp;quality=70&amp;strip=all\" data-orig-size=\"730,478\" data-comments-opened=\"1\" data-image-meta=\"{&quot;aperture&quot;:&quot;4.5&quot;,&quot;credit&quot;:&quot;Getty Images\\\/iStockphoto&quot;,&quot;camera&quot;:&quot;Canon EOS Rebel T6&quot;,&quot;caption&quot;:&quot;FGTS, Brazilian economy. Photo in wooden cubes to represent the Guarantee of Time of Service Fund.&quot;,&quot;created_timestamp&quot;:&quot;1616182128&quot;,&quot;copyright&quot;:&quot;&quot;,&quot;focal_length&quot;:&quot;35&quot;,&quot;iso&quot;:&quot;400&quot;,&quot;shutter_speed&quot;:&quot;0.008&quot;,&quot;title&quot;:&quot;FGTS, Brazilian economy. Photo in wooden cubes to represent the Guarantee of Time of Service Fund.&quot;,&quot;orientation&quot;:&quot;1&quot;}\" data-image-title=\"FGTS\" data-image-description=\"&lt;p&gt;FGTS&lt;\/p&gt;\n\" data-image-caption=\"&lt;p&gt;(Getty Images)&lt;\/p&gt;\n\" data-medium-file=\"https:\/\/www.infomoney.com.br\/wp-content\/uploads\/2022\/03\/GettyImages-1318470880.jpg?fit=300%2C196&amp;quality=70&amp;strip=all\" data-large-file=\"https:\/\/www.infomoney.com.br\/wp-content\/uploads\/2022\/03\/GettyImages-1318470880.jpg?fit=730%2C478&amp;quality=70&amp;strip=all\" title=\"\"><\/p>\n<p>O ministro da Cidades, Jader Filho, afirmou nesta quarta-feira, 26, que uma eventual mudan\u00e7a na corre\u00e7\u00e3o monet\u00e1ria do Fundo de Garantia do Tempo de Servi\u00e7o (FGTS), em discuss\u00e3o no Supremo Tribunal Federal (STF), impactar\u00e1 o atendimento de fam\u00edlias de baixa renda no Minha Casa, Minha Vida (MCMV).<\/p>\n<p>Mais cedo, o relator da MP do MCMV, deputado Fernando Marangoni (Uni\u00e3o-SP), afirmou que, se houver ajuste para a remunera\u00e7\u00e3o ser pelo menos igual \u00e0 caderneta da poupan\u00e7a, 75% das fam\u00edlias de mais baixa renda ser\u00e3o exclu\u00eddas do programa habitacional. Hoje, o FGTS \u00e9 corrigido pela TR mais 3%.<\/p>\n<p>&#8220;Impacta sim se STF ordenar uma mudan\u00e7a. Obviamente n\u00f3s precisamos dialogar dentro do governo, mas atinge em especial as pessoas de baixa renda&#8221;, disse Jader, ao ser questionado sobre a pondera\u00e7\u00e3o feita por Marangoni.<\/p>\n<p>Perguntado se buscaria conversar com ministros do STF para levar a preocupa\u00e7\u00e3o, o ministro afirmou que, primeiro, o governo debate internamente sobre o assunto. &#8220;Estamos fazendo levantamento de todos os cen\u00e1rios, mas atinge as pessoas de mais baixa renda&#8221;, disse.<\/p>\n<p>Segundo Marangoni, hoje, uma fam\u00edlia com renda de R$ 1.900 tem capacidade de compra de um im\u00f3vel de at\u00e9 R$ 180 mil. Com um aumento nas taxas, para adquirir o im\u00f3vel de R$ 180 mil, a fam\u00edlia precisaria de renda superior a R$ 4.250, alegou. Por isso, de acordo com o parlamentar, as fam\u00edlias com renda inferior a R$ 4 mil perder\u00e3o a capacidade de compra de sua casa pr\u00f3pria se as taxa de juros do financiamento forem incrementadas em 3%.<\/p>\n<p>The post <a rel=\"nofollow noopener\" href=\"https:\/\/www.infomoney.com.br\/politica\/jader-filho-diz-que-eventual-mudanca-em-correcao-do-fgts-impacta-habitacao-baixa-renda\/\" target=\"_blank\">Jader Filho diz que eventual mudan\u00e7a em corre\u00e7\u00e3o do FGTS impacta habita\u00e7\u00e3o baixa renda<\/a> appeared first on <a rel=\"nofollow noopener\" href=\"https:\/\/www.infomoney.com.br\/\" target=\"_blank\">InfoMoney<\/a>.<\/p>\n","protected":false},"excerpt":{"rendered":"<p><img loading=\"lazy\" decoding=\"async\" width=\"300\" height=\"196\" src=\"https:\/\/www.infomoney.com.br\/wp-content\/uploads\/2022\/03\/GettyImages-1318470880.jpg?fit=300%2C196&amp;quality=70&amp;strip=all\" class=\"attachment-medium size-medium wp-post-image\" alt=\"\" data-attachment-id=\"1823843\" data-permalink=\"https:\/\/www.infomoney.com.br\/minhas-financas\/como-declarar-saque-do-fgts-no-imposto-de-renda-veja-passo-a-passo-para-nao-cair-na-malha-fina\/attachment\/fgts-brazilian-economy-photo-in-wooden-cubes-to-represent-the-guarantee-of-time-of-service-fund\/\" data-orig-file=\"https:\/\/www.infomoney.com.br\/wp-content\/uploads\/2022\/03\/GettyImages-1318470880.jpg?fit=730%2C478&amp;quality=70&amp;strip=all\" data-orig-size=\"730,478\" data-comments-opened=\"1\" data-image-meta='{\"aperture\":\"4.5\",\"credit\":\"Getty Images\\\/iStockphoto\",\"camera\":\"Canon EOS Rebel T6\",\"caption\":\"FGTS, Brazilian economy. Photo in wooden cubes to represent the Guarantee of Time of Service Fund.\",\"created_timestamp\":\"1616182128\",\"copyright\":\"\",\"focal_length\":\"35\",\"iso\":\"400\",\"shutter_speed\":\"0.008\",\"title\":\"FGTS, Brazilian economy. Photo in wooden cubes to represent the Guarantee of Time of Service Fund.\",\"orientation\":\"1\"}' data-image-title=\"FGTS\" data-image-description=\"&lt;p&gt;FGTS&lt;\/p&gt;\n\" data-image-caption=\"&lt;p&gt;(Getty Images)&lt;\/p&gt;\n\" data-medium-file=\"https:\/\/www.infomoney.com.br\/wp-content\/uploads\/2022\/03\/GettyImages-1318470880.jpg?fit=300%2C196&amp;quality=70&amp;strip=all\" data-large-file=\"https:\/\/www.infomoney.com.br\/wp-content\/uploads\/2022\/03\/GettyImages-1318470880.jpg?fit=730%2C478&amp;quality=70&amp;strip=all\">&#8220;Obviamente n\u00f3s precisamos dialogar dentro do governo, mas atinge em especial as pessoas de baixa renda&#8221;, disse o ministro<\/p>\n<p>The post <a rel=\"nofollow\" href=\"https:\/\/www.infomoney.com.br\/politica\/jader-filho-diz-que-eventual-mudanca-em-correcao-do-fgts-impacta-habitacao-baixa-renda\/\">Jader Filho diz que eventual mudan\u00e7a em corre\u00e7\u00e3o do FGTS impacta habita\u00e7\u00e3o baixa renda<\/a> appeared first on <a rel=\"nofollow\" href=\"https:\/\/www.infomoney.com.br\/\">InfoMoney<\/a>.<\/p>\n","protected":false},"author":43,"featured_media":0,"comment_status":"closed","ping_status":"closed","sticky":false,"template":"","format":"standard","meta":{"advgb_blocks_editor_width":"","advgb_blocks_columns_visual_guide":"","footnotes":""},"categories":[69,981,34,260,1748,1135,47],"tags":[35],"class_list":["post-13920","post","type-post","status-publish","format-standard","hentry","category-economia","category-fgts","category-g1","category-governo","category-jader-filho","category-ministerio-das-cidades","category-politica","tag-g1"],"author_meta":{"display_name":"Estad\u00e3o Conte\u00fado","author_link":"https:\/\/sindaopcpb.org.br\/author\/estadao-conteudo\/"},"featured_img":null,"coauthors":[],"tax_additional":{"categories":{"linked":["<a href=\"https:\/\/sindaopcpb.org.br\/economia\/\" class=\"advgb-post-tax-term\">Economia<\/a>","<a href=\"https:\/\/sindaopcpb.org.br\/fgts\/\" class=\"advgb-post-tax-term\">FGTS<\/a>","<a href=\"https:\/\/sindaopcpb.org.br\/g1\/\" class=\"advgb-post-tax-term\">G1<\/a>","<a href=\"https:\/\/sindaopcpb.org.br\/governo\/\" class=\"advgb-post-tax-term\">Governo<\/a>","<a href=\"https:\/\/sindaopcpb.org.br\/jader-filho\/\" class=\"advgb-post-tax-term\">Jader Filho<\/a>","<a href=\"https:\/\/sindaopcpb.org.br\/ministerio-das-cidades\/\" class=\"advgb-post-tax-term\">Minist\u00e9rio das Cidades<\/a>","<a href=\"https:\/\/sindaopcpb.org.br\/politica\/\" class=\"advgb-post-tax-term\">POLITICA<\/a>"],"unlinked":["<span class=\"advgb-post-tax-term\">Economia<\/span>","<span class=\"advgb-post-tax-term\">FGTS<\/span>","<span class=\"advgb-post-tax-term\">G1<\/span>","<span class=\"advgb-post-tax-term\">Governo<\/span>","<span class=\"advgb-post-tax-term\">Jader Filho<\/span>","<span class=\"advgb-post-tax-term\">Minist\u00e9rio das Cidades<\/span>","<span class=\"advgb-post-tax-term\">POLITICA<\/span>"]},"tags":{"linked":["<a href=\"https:\/\/sindaopcpb.org.br\/politica\/\" class=\"advgb-post-tax-term\">g1<\/a>"],"unlinked":["<span class=\"advgb-post-tax-term\">g1<\/span>"]}},"comment_count":"0","relative_dates":{"created":"Publicado 3 anos atr\u00e1s","modified":"Atualizado 3 anos atr\u00e1s"},"absolute_dates":{"created":"Publicado em 26 de abril de 2023","modified":"Atualizado em 26 de abril de 2023"},"absolute_dates_time":{"created":"Publicado em 26 de abril de 2023 18:44","modified":"Atualizado em 26 de abril de 2023 18:44"},"featured_img_caption":"","series_order":"","_links":{"self":[{"href":"https:\/\/sindaopcpb.org.br\/index.php\/wp-json\/wp\/v2\/posts\/13920","targetHints":{"allow":["GET"]}}],"collection":[{"href":"https:\/\/sindaopcpb.org.br\/index.php\/wp-json\/wp\/v2\/posts"}],"about":[{"href":"https:\/\/sindaopcpb.org.br\/index.php\/wp-json\/wp\/v2\/types\/post"}],"author":[{"embeddable":true,"href":"https:\/\/sindaopcpb.org.br\/index.php\/wp-json\/wp\/v2\/users\/43"}],"replies":[{"embeddable":true,"href":"https:\/\/sindaopcpb.org.br\/index.php\/wp-json\/wp\/v2\/comments?post=13920"}],"version-history":[{"count":1,"href":"https:\/\/sindaopcpb.org.br\/index.php\/wp-json\/wp\/v2\/posts\/13920\/revisions"}],"predecessor-version":[{"id":13921,"href":"https:\/\/sindaopcpb.org.br\/index.php\/wp-json\/wp\/v2\/posts\/13920\/revisions\/13921"}],"wp:attachment":[{"href":"https:\/\/sindaopcpb.org.br\/index.php\/wp-json\/wp\/v2\/media?parent=13920"}],"wp:term":[{"taxonomy":"category","embeddable":true,"href":"https:\/\/sindaopcpb.org.br\/index.php\/wp-json\/wp\/v2\/categories?post=13920"},{"taxonomy":"post_tag","embeddable":true,"href":"https:\/\/sindaopcpb.org.br\/index.php\/wp-json\/wp\/v2\/tags?post=13920"}],"curies":[{"name":"wp","href":"https:\/\/api.w.org\/{rel}","templated":true}]}}