{"id":13910,"date":"2023-04-26T20:00:34","date_gmt":"2023-04-26T23:00:34","guid":{"rendered":"https:\/\/g1.globo.com\/pb\/paraiba\/noticia\/2023\/04\/26\/duplo-homicidio-e-registrado-no-bairro-do-varadouro-em-joao-pessoa-suspeitos-sao-presos.ghtml"},"modified":"2023-04-26T20:00:34","modified_gmt":"2023-04-26T23:00:34","slug":"duplo-homicidio-e-registrado-no-bairro-do-varadouro-em-joao-pessoa-suspeitos-sao-presos","status":"publish","type":"post","link":"https:\/\/sindaopcpb.org.br\/index.php\/2023\/04\/26\/duplo-homicidio-e-registrado-no-bairro-do-varadouro-em-joao-pessoa-suspeitos-sao-presos\/","title":{"rendered":"Duplo homic\u00eddio \u00e9 registrado no bairro do Varadouro, em Jo\u00e3o Pessoa; suspeitos s\u00e3o presos"},"content":{"rendered":"   <img src=\"https:\/\/s2.glbimg.com\/SMN043A3iI4E8QxosawhdpmL5eg=\/i.s3.glbimg.com\/v1\/AUTH_59edd422c0c84a879bd37670ae4f538a\/internal_photos\/bs\/2023\/4\/g\/oVfXjEQ9qjCdAjr6eiFA\/duplo-homicidio.jpg\" \/><br \/>     Crime aconteceu no fim da tarde desta quarta-feira (26). Um terceiro homem ficou ferido e foi encaminhado para o Hospital de Trauma. Duplo homic\u00eddio \u00e9 registrado no bairro do Varadouro, em Jo\u00e3o Pessoa\nReprodu\u00e7\u00e3o \/ TV Cabo Branco\nDois homens foram mortos a tiros, no fim da tarde desta quarta-feira (26), no bairro Varadouro, em Jo\u00e3o Pessoa. O crime aconteceu na rua Amaro Coutinho. Um terceiro homem tamb\u00e9m foi atingido e encaminhado para o Hospital de Trauma.\nConforme o Tenente Coronel da Pol\u00edcia Militar, Tem\u00f3teo, o crime foi praticado por tr\u00eas homens que estavam em um carro. De imediato, a pol\u00edcia foi acionada e dois dos suspeitos foram presos durante a fuga. Um rev\u00f3lver e o carro foram apreendidos. Ainda conforme o Tenente, buscas est\u00e3o sendo realizadas no Cemit\u00e9rio Boa Senten\u00e7a para encontrar o terceiro suspeito.\nOs suspeitos foram encaminhados para a Central de Pol\u00edcia e ser\u00e3o autuados em flagrante por homic\u00eddio e tentativa de homic\u00eddio. \nDe acordo com o Hospital de Trauma, at\u00e9 as 19h47 desta quinta-feira (26) a v\u00edtima ferida estava internada e com estado de sa\u00fade est\u00e1vel.\nV\u00eddeos mais assistidos da Para\u00edba  ","protected":false},"excerpt":{"rendered":"<p>        Crime aconteceu no fim da tarde desta quarta-feira (26). Um terceiro homem ficou ferido e foi encaminhado para o Hospital de Trauma. Duplo homic\u00eddio \u00e9 registrado no bairro do Varadouro, em Jo\u00e3o Pessoa<br \/>\nReprodu\u00e7\u00e3o \/ TV Cabo Branco<br \/>\nDois homens for&#8230;<\/p>\n","protected":false},"author":2,"featured_media":0,"comment_status":"closed","ping_status":"closed","sticky":false,"template":"","format":"standard","meta":{"advgb_blocks_editor_width":"","advgb_blocks_columns_visual_guide":"","footnotes":""},"categories":[34],"tags":[35],"class_list":["post-13910","post","type-post","status-publish","format-standard","hentry","category-g1","tag-g1"],"author_meta":{"display_name":"g1 &gt; Para\u00edba","author_link":"https:\/\/sindaopcpb.org.br\/author\/g1-paraiba\/"},"featured_img":null,"coauthors":[],"tax_additional":{"categories":{"linked":["<a href=\"https:\/\/sindaopcpb.org.br\/g1\/\" class=\"advgb-post-tax-term\">G1<\/a>"],"unlinked":["<span class=\"advgb-post-tax-term\">G1<\/span>"]},"tags":{"linked":["<a href=\"https:\/\/sindaopcpb.org.br\/g1\/\" class=\"advgb-post-tax-term\">g1<\/a>"],"unlinked":["<span class=\"advgb-post-tax-term\">g1<\/span>"]}},"comment_count":"0","relative_dates":{"created":"Publicado 3 anos atr\u00e1s","modified":"Atualizado 3 anos atr\u00e1s"},"absolute_dates":{"created":"Publicado em 26 de abril de 2023","modified":"Atualizado em 26 de abril de 2023"},"absolute_dates_time":{"created":"Publicado em 26 de abril de 2023 20:00","modified":"Atualizado em 26 de abril de 2023 20:00"},"featured_img_caption":"","series_order":"","_links":{"self":[{"href":"https:\/\/sindaopcpb.org.br\/index.php\/wp-json\/wp\/v2\/posts\/13910","targetHints":{"allow":["GET"]}}],"collection":[{"href":"https:\/\/sindaopcpb.org.br\/index.php\/wp-json\/wp\/v2\/posts"}],"about":[{"href":"https:\/\/sindaopcpb.org.br\/index.php\/wp-json\/wp\/v2\/types\/post"}],"author":[{"embeddable":true,"href":"https:\/\/sindaopcpb.org.br\/index.php\/wp-json\/wp\/v2\/users\/2"}],"replies":[{"embeddable":true,"href":"https:\/\/sindaopcpb.org.br\/index.php\/wp-json\/wp\/v2\/comments?post=13910"}],"version-history":[{"count":1,"href":"https:\/\/sindaopcpb.org.br\/index.php\/wp-json\/wp\/v2\/posts\/13910\/revisions"}],"predecessor-version":[{"id":13911,"href":"https:\/\/sindaopcpb.org.br\/index.php\/wp-json\/wp\/v2\/posts\/13910\/revisions\/13911"}],"wp:attachment":[{"href":"https:\/\/sindaopcpb.org.br\/index.php\/wp-json\/wp\/v2\/media?parent=13910"}],"wp:term":[{"taxonomy":"category","embeddable":true,"href":"https:\/\/sindaopcpb.org.br\/index.php\/wp-json\/wp\/v2\/categories?post=13910"},{"taxonomy":"post_tag","embeddable":true,"href":"https:\/\/sindaopcpb.org.br\/index.php\/wp-json\/wp\/v2\/tags?post=13910"}],"curies":[{"name":"wp","href":"https:\/\/api.w.org\/{rel}","templated":true}]}}